{"id":577228,"date":"2026-05-01T08:00:00","date_gmt":"2026-05-01T06:00:00","guid":{"rendered":"https:\/\/www.vdhurk.nl\/?p=577228"},"modified":"2026-04-14T13:48:12","modified_gmt":"2026-04-14T11:48:12","slug":"ce-camioneta-mica-are-cea-mai-buna-inaltime-de-imbarcare","status":"publish","type":"post","link":"https:\/\/www.vdhurk.nl\/ro\/welke-kleine-bestelwagen-heeft-de-beste-instaphoogte\/","title":{"rendered":"Care furgonet\u0103 mic\u0103 are cea mai bun\u0103 \u00een\u0103l\u021bime de \u00eembarcare?"},"content":{"rendered":"<p>\u00cen\u0103l\u021bimea de intrare a unei dubi\u021be este un factor subestimat de mul\u021bi proprietari de afaceri atunci c\u00e2nd cump\u0103r\u0103 un vehicul nou. Cu toate acestea, face o mare diferen\u021b\u0103 \u00een fiecare zi, mai ales dac\u0103 urca\u021bi \u0219i cobor\u00e2\u021bi din dubi\u021ba dvs. de mai multe ori pe zi. Indiferent dac\u0103 dori\u021bi s\u0103 cump\u0103ra\u021bi o dubi\u021b\u0103 pentru livr\u0103ri locale, transport de persoane sau lucr\u0103ri artizanale, \u00een\u0103l\u021bimea corect\u0103 a treptelor ajut\u0103 la determinarea confortului \u0219i eficien\u021bei cu care v\u0103 pute\u021bi face treaba.<\/p>\n\n\n\n<p>\u00cen acest articol, r\u0103spundem la cele mai frecvente \u00eentreb\u0103ri despre \u00een\u0103l\u021bimea treptelor \u00een camionetele mici. De la defini\u021bie la compararea cu modele specifice \u0219i alegerea unei dube electrice: dup\u0103 lectur\u0103, ve\u021bi \u0219ti exact la ce s\u0103 v\u0103 uita\u021bi.<\/p>\n\n\n\n<h2 class=\"wp-block-heading\">Care este exact \u00een\u0103l\u021bimea de \u00eembarcare a unei furgonete?<\/h2>\n\n\n\n<p>\u00cen\u0103l\u021bimea de intrare a unei dubi\u021be este distan\u021ba de la sol p\u00e2n\u0103 la partea superioar\u0103 a pragului sau podelei cabinei din partea \u0219oferului. Aceasta este \u00een\u0103l\u021bimea pe care o atinge\u021bi atunci c\u00e2nd v\u0103 urca\u021bi \u00een scaun. La majoritatea dubi\u021belor mici, aceast\u0103 \u00een\u0103l\u021bime este \u00eentre 45 \u0219i 65 de centimetri, \u00een func\u021bie de model \u0219i versiune.<\/p>\n\n\n\n<p>Mai exact, aceasta \u00eenseamn\u0103 \u00een\u0103l\u021bimea primei trepte pe care o face\u021bi atunci c\u00e2nd intra\u021bi \u00een vehicul. Unii produc\u0103tori indic\u0103, de asemenea, \u00een\u0103l\u021bimea oric\u0103rei margini sau trepte, ceea ce face ca treapta efectiv\u0103 s\u0103 fie mai mic\u0103. Atunci c\u00e2nd compara\u021bi modele, fi\u021bi \u00eentotdeauna aten\u021bi dac\u0103 dimensiunea indicat\u0103 este \u00een\u0103l\u021bimea pragului, incluz\u00e2nd sau excluz\u00e2nd intrarea \u00een treapt\u0103.<\/p>\n\n\n\n<h3 class=\"wp-block-heading\">\u00cen\u0103l\u021bimea intr\u0103rii versus \u00een\u0103l\u021bimea podelei cabinei<\/h3>\n\n\n\n<p>\u00cen\u0103l\u021bimea de intrare \u00een cabin\u0103 este u\u0219or diferit\u0103 de \u00een\u0103l\u021bimea podelei de \u00eenc\u0103rcare din partea din spate a vehiculului. \u00cen cazul cabinei, este vorba despre u\u0219urin\u021ba cu care intr\u0103 \u0219oferul \u0219i copilotul. O \u00een\u0103l\u021bime mai mic\u0103 a treptelor pe partea cabinei \u00eenseamn\u0103 c\u0103 nu trebuie s\u0103 ridica\u021bi piciorul at\u00e2t de sus, ceea ce este mai pu\u021bin stresant din punct de vedere fizic \u00een cazul utiliz\u0103rii frecvente.<\/p>\n\n\n\n<h2 class=\"wp-block-heading\">De ce este important\u0103 o \u00een\u0103l\u021bime redus\u0103 a treptelor la o dubi\u021b\u0103?<\/h2>\n\n\n\n<p>O \u00een\u0103l\u021bime redus\u0103 a treptelor este important\u0103 deoarece reduce semnificativ efortul fizic pentru \u0219oferii care urc\u0103 \u0219i coboar\u0103 mult \u00een fiecare zi. Cu c\u00e2t pragul este mai mic, cu at\u00e2t mai pu\u021bin\u0103 for\u021b\u0103 trebuie s\u0103 exercite genunchiul \u0219i \u0219oldul la fiecare mi\u0219care de intrare \u0219i ie\u0219ire. Acest lucru are un impact direct asupra s\u0103n\u0103t\u0103\u021bii pe termen lung \u0219i asupra productivit\u0103\u021bii \u00een timpul zilei de lucru.<\/p>\n\n\n\n<p>Pentru grupuri profesionale precum curierii, mecanicii, \u00eengrijitorii la domiciliu \u0219i cei care livreaz\u0103 colete, num\u0103rul de ori \u00een care se ridic\u0103 \u0219i se ridic\u0103 din pat \u00een fiecare zi poate fi de zeci de ori. O diferen\u021b\u0103 de zece centimetri a \u00een\u0103l\u021bimii treptelor poate p\u0103rea mic\u0103, dar pe parcursul unui an \u00eentreg de lucru se adaug\u0103 la mii de eforturi suplimentare pentru articula\u021bii. Prin urmare, considerentele ergonomice joac\u0103 un rol real atunci c\u00e2nd alege\u021bi o dub\u0103 mic\u0103.<\/p>\n\n\n\n<h3 class=\"wp-block-heading\">\u00cen\u0103l\u021bimea \u0219i accesibilitatea intr\u0103rii<\/h3>\n\n\n\n<p>Pentru companiile care angajeaz\u0103 angaja\u021bi cu dizabilit\u0103\u021bi fizice sau care utilizeaz\u0103 vehicule pentru transportul \u00eengrijitorilor, o \u00een\u0103l\u021bime redus\u0103 a treptelor este \u0219i mai relevant\u0103. Un vehicul cu un prag sc\u0103zut este mai accesibil pentru persoanele \u00een v\u00e2rst\u0103, persoanele cu probleme la genunchi sau alte persoane care au dificult\u0103\u021bi \u00een a se ridica la \u00een\u0103l\u021bime. Acest lucru face ca \u0219i \u00een\u0103l\u021bimea bordului s\u0103 fie un factor important \u00een alegerea unui <a href=\"https:\/\/www.vdhurk.nl\/ro\/vehicule-comerciale\/cabina-dubla\/\">furgonet\u0103 cu cabin\u0103 dubl\u0103<\/a>, cu mai mul\u021bi pasageri \u00eembarca\u021bi.<\/p>\n\n\n\n<h2 class=\"wp-block-heading\">Care furgonete mici au cea mai mic\u0103 \u00een\u0103l\u021bime de \u00eembarcare?<\/h2>\n\n\n\n<p>Furgonetele mici cu cea mai mic\u0103 \u00een\u0103l\u021bime de intrare pe partea cabinei tind s\u0103 fie modele construite pe o platform\u0103 de autoturism sau pe o construc\u021bie monovolum redus\u0103. Exemplele includ Renault Kangoo, Citro\u00ebn Berlingo, Peugeot Partner, Volkswagen Caddy \u0219i Ford Transit Courier. Aceste modele au o \u00een\u0103l\u021bime de intrare care, \u00een medie, este mai mic\u0103 dec\u00e2t cea a camionetelor tradi\u021bional mai \u00eenalte.<\/p>\n\n\n\n<p>Mai jos este prezentat\u0103 o prezentare general\u0103 a camionetelor mici obi\u0219nuite \u0219i a \u00een\u0103l\u021bimilor lor totale de \u00eembarcare pe partea cabinei:<\/p>\n\n\n\n<ul class=\"wp-block-list\">\n <li><strong>Renault Kangoo:<\/strong> aproximativ 45-50 centimetri, una dintre cele mai mici din clasa sa<\/li>\n <li><strong>Citro\u00ebn Berlingo \/ Peugeot Partner:<\/strong> similare, \u00een jur de 48 p\u00e2n\u0103 la 52 de centimetri<\/li>\n <li><strong>Volkswagen Caddy:<\/strong> u\u0219or mai \u00eenalte, cu o medie de 50-55 centimetri<\/li>\n <li><strong>Ford Transit Courier:<\/strong> \u00een jur de 50 p\u00e2n\u0103 la 55 de centimetri<\/li>\n <li><strong>Mercedes-Benz Citan:<\/strong> Similar cu Caddy, \u00een func\u021bie de versiune<\/li>\n<\/ul>\n\n\n\n<p>\u021aine\u021bi cont de faptul c\u0103 designul \u0219i dimensiunea ro\u021bilor afecteaz\u0103 \u00een\u0103l\u021bimea final\u0103. O dimensiune mai mare a ro\u021bilor sau o versiune off-road cre\u0219te \u00een\u0103l\u021bimea de intrare. Atunci c\u00e2nd cump\u0103ra\u021bi, solicita\u021bi \u00eentotdeauna specifica\u021biile tehnice exacte ale modelului specific \u0219i ale anului de fabrica\u021bie pe care le ave\u021bi \u00een vedere.<\/p>\n\n\n\n<h3 class=\"wp-block-heading\">Cabin\u0103 dubl\u0103 \u0219i \u00een\u0103l\u021bime de intrare<\/h3>\n\n\n\n<p>La o furgonet\u0103 comercial\u0103 cu cabin\u0103 dubl\u0103, \u00een\u0103l\u021bimea de intrare pentru pasagerii din spate este adesea aceea\u0219i cu cea a scaunelor din fa\u021b\u0103, dar spa\u021biul pentru a intra poate fi mai \u00eengust din cauza deschiderii u\u0219ii. \u00cen cazul unei cabine duble, alege\u021bi \u00een mod con\u0219tient un model \u00een care \u0219i u\u0219ile din spate se deschid suficient de larg, iar \u00een\u0103l\u021bimea de intrare este suficient de mic\u0103 pentru to\u021bi ocupan\u021bii.<\/p>\n\n\n\n<h2 class=\"wp-block-heading\">Care este diferen\u021ba dintre \u00een\u0103l\u021bimea bordului \u0219i \u00een\u0103l\u021bimea podelei de \u00eenc\u0103rcare?<\/h2>\n\n\n\n<p>\u00cen\u0103l\u021bimea de intrare se refer\u0103 la \u00een\u0103l\u021bimea pragului cabinei pentru \u0219ofer \u0219i pasageri, \u00een timp ce \u00een\u0103l\u021bimea podelei de \u00eenc\u0103rcare indic\u0103 distan\u021ba de la sol la podeaua compartimentului de \u00eenc\u0103rcare din partea din spate a vehiculului. Acestea sunt dou\u0103 m\u0103sur\u0103tori separate, fiecare definind un aspect diferit al u\u0219urin\u021bei \u00een utilizare.<\/p>\n\n\n\n<p>\u00cen\u0103l\u021bimea podelei de \u00eenc\u0103rcare este deosebit de relevant\u0103 pentru \u00eenc\u0103rcarea \u0219i desc\u0103rcarea m\u0103rfurilor. O \u00een\u0103l\u021bime redus\u0103 a podelei de \u00eenc\u0103rcare faciliteaz\u0103 introducerea \u0219i scoaterea m\u0103rfurilor grele sau voluminoase din vehicul f\u0103r\u0103 a fi nevoie s\u0103 le ridica\u021bi. Pentru camionetele mici, \u00een\u0103l\u021bimea podelei de \u00eenc\u0103rcare este, \u00een medie, \u00eentre 50 \u0219i 65 de centimetri, dar aceasta variaz\u0103 foarte mult de la model la model.<\/p>\n\n\n\n<h3 class=\"wp-block-heading\">C\u00e2nd acorda\u021bi aten\u021bie la ce \u00een\u0103l\u021bime?<\/h3>\n\n\n\n<p>Dac\u0103 intra\u021bi \u0219i ie\u0219i\u021bi des din cabin\u0103, \u00een\u0103l\u021bimea de intrare din fa\u021b\u0103 este cea mai relevant\u0103. Dac\u0103 utiliza\u021bi furgoneta \u00een principal pentru transportul de m\u0103rfuri \u0219i \u00eenc\u0103rca\u021bi \u0219i desc\u0103rca\u021bi zilnic, atunci \u00een\u0103l\u021bimea podelei de \u00eenc\u0103rcare din spate este cea mai important\u0103 m\u0103sur\u0103. \u00cen practic\u0103, ideal ar fi s\u0103 alege\u021bi un vehicul \u00een care ambele \u00een\u0103l\u021bimi s\u0103 se potriveasc\u0103 opera\u021biunilor dvs.<\/p>\n\n\n\n<p>Unele modele ofer\u0103 un pachet op\u021bional de podea de \u00eenc\u0103rcare cobor\u00e2t\u0103 sau margine de \u00eenc\u0103rcare rabatabil\u0103, care reduce \u0219i mai mult \u00een\u0103l\u021bimea efectiv\u0103 a podelei de \u00eenc\u0103rcare. Aceasta este o op\u021biune util\u0103 dac\u0103 transporta\u021bi \u00een mod regulat materiale grele \u0219i dori\u021bi s\u0103 preveni\u021bi r\u0103nirea angaja\u021bilor la ridicare.<\/p>\n\n\n\n<h2 class=\"wp-block-heading\">Cum s\u0103 alege\u021bi dubi\u021ba potrivit\u0103 \u00een func\u021bie de \u00een\u0103l\u021bimea de \u00eembarcare?<\/h2>\n\n\n\n<p>Alege\u021bi furgoneta potrivit\u0103 \u00een func\u021bie de \u00een\u0103l\u021bimea de \u00eembarcare, determin\u00e2nd mai \u00eent\u00e2i c\u00e2t de des \u0219i de c\u0103tre cine urca\u021bi \u0219i cobor\u00e2\u021bi, greutatea \u0219i dimensiunea \u00eenc\u0103rc\u0103turii \u0219i dac\u0103 exist\u0103 cerin\u021be speciale privind accesibilitatea. Combina\u021bi aceste informa\u021bii cu un test drive pentru a evalua ergonomia \u00een practic\u0103.<\/p>\n\n\n\n<p>Atunci c\u00e2nd alege\u021bi, parcurge\u021bi urm\u0103torii pa\u0219i:<\/p>\n\n\n\n<ol class=\"wp-block-list\">\n <li><strong>Utilizarea h\u0103r\u021bii:<\/strong> c\u00e2te opriri pe zi, c\u00e2te persoane urc\u0103 la bord, ce \u00eenc\u0103rc\u0103tur\u0103 transporta\u021bi?<\/li>\n <li><strong>Seta\u021bi o \u00een\u0103l\u021bime maxim\u0103 de \u00eembarcare:<\/strong> pentru utilizarea intensiv\u0103, se recomand\u0103 un prag sub 50 de centimetri<\/li>\n <li><strong>Compara\u021bi modelele \u00een func\u021bie de specifica\u021biile tehnice:<\/strong> Cere\u021bi \u00eentotdeauna dimensiunea exact\u0103, nu doar categoria<\/li>\n <li><strong>Programa\u021bi un test drive:<\/strong> experimenta\u021bi singuri cum se simte mi\u0219carea de intrare \u0219i ie\u0219ire, mai ales dac\u0103 sunte\u021bi \u00eenalt sau scund<\/li>\n <li><strong>Lua\u021bi \u00een considerare ajust\u0103rile:<\/strong> o treapt\u0103 sau un prag cobor\u00e2t sunt uneori disponibile ca op\u021biune<\/li>\n<\/ol>\n\n\n\n<p>Pe l\u00e2ng\u0103 \u00een\u0103l\u021bimea pasului, spa\u021biul de \u00eenc\u0103rcare, confortul la condus, consumul de combustibil \u0219i costul total de proprietate joac\u0103, de asemenea, un rol important. G\u00e2ndi\u021bi-v\u0103 la \u00een\u0103l\u021bimea treptelor ca la unul dintre criteriile de selec\u021bie dintr-un set mai larg de cerin\u021be care se potrivesc opera\u021biunilor dumneavoastr\u0103.<\/p>\n\n\n\n<h3 class=\"wp-block-heading\">Cump\u0103ra\u021bi sau \u00eenchiria\u021bi o dubi\u021b\u0103?<\/h3>\n\n\n\n<p>Dac\u0103 dori\u021bi s\u0103 cump\u0103ra\u021bi o furgonet\u0103 mic\u0103, ave\u021bi libertatea de a personaliza complet vehiculul dup\u0103 cum dori\u021bi, inclusiv orice ajust\u0103ri la \u00een\u0103l\u021bimea bordului. \u00cen cazul leasingului, modific\u0103rile sunt uneori limitate, dar ave\u021bi siguran\u021ba unui buget lunar fix \u0219i a unei flote actualizate. Ambele op\u021biuni au avantaje \u0219i dezavantaje care depind de situa\u021bia dvs. financiar\u0103 \u0219i de flexibilitatea dorit\u0103.<\/p>\n\n\n\n<h2 class=\"wp-block-heading\">C\u00e2nd este un microbuz electric o alegere mai bun\u0103?<\/h2>\n\n\n\n<p>A <a href=\"https:\/\/www.vdhurk.nl\/ro\/vehicule-comerciale\/electric\/\">camionet\u0103 electric\u0103 mic\u0103<\/a> este o alegere mai bun\u0103 atunci c\u00e2nd conduce\u021bi \u00een principal \u00een zone urbane, distan\u021ba zilnic\u0103 pe care o parcurge\u021bi se \u00eencadreaz\u0103 \u00een raza de ac\u021biune a bateriei \u0219i dori\u021bi s\u0103 beneficia\u021bi de costuri mai mici pentru combustibil \u0219i \u00eentre\u021binere. \u00cen plus, din ce \u00een ce mai multe ora\u0219e au zone ecologice \u00een care numai vehiculele cu emisii zero sunt binevenite.<\/p>\n\n\n\n<p>Modelele electrice precum Renault Kangoo E-Tech, Citro\u00ebn \u00eb-Berlingo \u0219i Volkswagen Caddy Electric au \u00een\u0103l\u021bimi de urcare similare cu cele ale variantelor lor pe combustibil. Bateria se afl\u0103 sub podea la majoritatea modelelor, astfel \u00eenc\u00e2t \u00een\u0103l\u021bimea de urcare nu cre\u0219te semnificativ. Cu toate acestea, \u00een\u0103l\u021bimea podelei de \u00eenc\u0103rcare poate fi u\u0219or diferit\u0103 din cauza construc\u021biei \u0219asiului.<\/p>\n\n\n\n<h3 class=\"wp-block-heading\">Leasingul ma\u0219inilor electrice pentru companii, o op\u021biune inteligent\u0103<\/h3>\n\n\n\n<p>Leasingul unei ma\u0219ini electrice de companie devine mai atractiv din punct de vedere financiar pentru mul\u021bi proprietari de afaceri datorit\u0103 scutirilor fiscale \u0219i costurilor de operare mai mici. Cu un leasing pentru o ma\u0219in\u0103 electric\u0103 de companie, pl\u0103ti\u021bi o sum\u0103 lunar\u0103 fix\u0103 \u0219i conduce\u021bi un vehicul nou cu garan\u021bie, f\u0103r\u0103 o investi\u021bie ini\u021bial\u0103 mare. Pentru \u00eentreprinderile individuale \u0219i IMM-urile care doresc s\u0103 r\u0103spund\u0103 cerin\u021belor de durabilitate ale clien\u021bilor, aceasta este o cale practic\u0103.<\/p>\n\n\n\n<p>Dori\u021bi s\u0103 \u0219ti\u021bi ce model electric se potrive\u0219te cel mai bine profilului dvs. de condus \u0219i cerin\u021belor de \u00een\u0103l\u021bime a bordului? Atunci compara\u021bi \u00eentotdeauna mai multe modele pe baza criteriilor tehnice \u0219i financiare \u00eenainte de a lua o decizie.<\/p>\n\n\n\n<h2 class=\"wp-block-heading\">Cum v\u0103 ajut\u0103m s\u0103 alege\u021bi dubi\u021ba potrivit\u0103<\/h2>\n\n\n\n<p>La Van den Hurk Bedrijfswagens, \u00een\u021belegem c\u0103 alegerea unei furgonete merge dincolo de pre\u021b. \u00cen\u0103l\u021bimea de intrare, spa\u021biul de \u00eenc\u0103rcare, autonomia de conducere \u0219i u\u0219urin\u021ba de utilizare sunt factori pe care \u00eei analiz\u0103m \u00eempreun\u0103 cu dvs. pentru a ajunge la cea mai bun\u0103 potrivire pentru situa\u021bia dvs. Facem acest lucru cu peste 60 de ani de experien\u021b\u0103 \u00een Helmond \u0219i \u00een zona \u00eenconjur\u0103toare.<\/p>\n\n\n\n<p>Ce putem face pentru dvs:<\/p>\n\n\n\n<ul class=\"wp-block-list\">\n <li>Consiliere personal\u0103 cu privire la modelul care se potrive\u0219te cel mai bine utiliz\u0103rii zilnice \u0219i nevoilor dvs. ergonomice<\/li>\n <li>Stoc mare de camionete mici, at\u00e2t noi, c\u00e2t \u0219i second-hand, inclusiv modele electrice<\/li>\n <li>Op\u021biuni flexibile de leasing at\u00e2t pentru comercian\u021bi individuali, c\u00e2t \u0219i pentru flote mai mari<\/li>\n <li>Test drive, astfel \u00eenc\u00e2t s\u0103 pute\u021bi evalua singur \u00een\u0103l\u021bimea treptei \u0219i confortul de rulare<\/li>\n <li>Pre\u021buri transparente, f\u0103r\u0103 costuri ascunse<\/li>\n<\/ul>\n\n\n\n<p>Dori\u021bi s\u0103 cump\u0103ra\u021bi sau s\u0103 \u00eenchiria\u021bi o dubi\u021b\u0103 care se potrive\u0219te perfect nevoilor dumneavoastr\u0103? Contacta\u021bi-ne sau trece\u021bi pe la noi \u00een Helmond pentru o discu\u021bie f\u0103r\u0103 obliga\u021bii. Vom fi bucuro\u0219i s\u0103 v\u0103 ajut\u0103m.<\/p>","protected":false},"excerpt":{"rendered":"<p>\u00cen\u0103l\u021bimea de intrare determin\u0103 confortul de zi cu zi - afla\u021bi care este dubi\u021ba cu cel mai mic punctaj \u0219i de ce conteaz\u0103 acest lucru.<\/p>","protected":false},"author":5,"featured_media":577772,"comment_status":"closed","ping_status":"closed","sticky":false,"template":"","format":"standard","meta":{"_acf_changed":false,"_improvement_type_select":"improve_an_existing","_thumb_yes_seoaic":false,"_frame_yes_seoaic":false,"seoaic_generate_description":"","seoaic_improve_instructions_prompt":"","seoaic_rollback_content_improvement":"","seoaic_idea_thumbnail_generator":"","thumbnail_generated":false,"thumbnail_generate_prompt":"","seoaic_article_description":"","seoaic_article_subtitles":[],"footnotes":""},"categories":[1],"tags":[],"class_list":["post-577228","post","type-post","status-publish","format-standard","has-post-thumbnail","hentry","category-seo"],"acf":[],"yoast_head":"<!-- This site is optimized with the Yoast SEO plugin v27.5 - https:\/\/yoast.com\/product\/yoast-seo-wordpress\/ -->\n<title>Welke kleine bestelwagen heeft de beste instaphoogte? - Van den Hurk Bedrijfswagens<\/title>\n<meta name=\"description\" content=\"Ontdek welke kleine bestelwagen de laagste instaphoogte heeft. Vergelijk Kangoo, Berlingo, Caddy \u00e9n meer \u2014 en kies ergonomisch slim.\" \/>\n<meta name=\"robots\" content=\"index, follow, max-snippet:-1, max-image-preview:large, max-video-preview:-1\" \/>\n<link rel=\"canonical\" href=\"https:\/\/www.vdhurk.nl\/ro\/ce-camioneta-mica-are-cea-mai-buna-inaltime-de-imbarcare\/\" \/>\n<meta property=\"og:locale\" content=\"ro_RO\" \/>\n<meta property=\"og:type\" content=\"article\" \/>\n<meta property=\"og:title\" content=\"Welke kleine bestelwagen heeft de beste instaphoogte? - Van den Hurk Bedrijfswagens\" \/>\n<meta property=\"og:description\" content=\"Ontdek welke kleine bestelwagen de laagste instaphoogte heeft. Vergelijk Kangoo, Berlingo, Caddy \u00e9n meer \u2014 en kies ergonomisch slim.\" \/>\n<meta property=\"og:url\" content=\"https:\/\/www.vdhurk.nl\/ro\/ce-camioneta-mica-are-cea-mai-buna-inaltime-de-imbarcare\/\" \/>\n<meta property=\"og:site_name\" content=\"Van den Hurk Bedrijfswagens\" \/>\n<meta property=\"article:published_time\" content=\"2026-05-01T06:00:00+00:00\" \/>\n<meta property=\"og:image\" content=\"https:\/\/www.vdhurk.nl\/wp-content\/uploads\/2026\/04\/witte-bestelbus-instappen-werkschoen-dealer.webp\" \/>\n\t<meta property=\"og:image:width\" content=\"1024\" \/>\n\t<meta property=\"og:image:height\" content=\"768\" \/>\n\t<meta property=\"og:image:type\" content=\"image\/webp\" \/>\n<meta name=\"author\" content=\"wpseoai\" \/>\n<meta name=\"twitter:card\" content=\"summary_large_image\" \/>\n<meta name=\"twitter:label1\" content=\"Scris de\" \/>\n\t<meta name=\"twitter:data1\" content=\"wpseoai\" \/>\n\t<meta name=\"twitter:label2\" content=\"Timp estimat pentru citire\" \/>\n\t<meta name=\"twitter:data2\" content=\"8 minute\" \/>\n<script type=\"application\/ld+json\" class=\"yoast-schema-graph\">{\"@context\":\"https:\\\/\\\/schema.org\",\"@graph\":[{\"@type\":\"Article\",\"@id\":\"https:\\\/\\\/www.vdhurk.nl\\\/welke-kleine-bestelwagen-heeft-de-beste-instaphoogte\\\/#article\",\"isPartOf\":{\"@id\":\"https:\\\/\\\/www.vdhurk.nl\\\/welke-kleine-bestelwagen-heeft-de-beste-instaphoogte\\\/\"},\"author\":{\"name\":\"wpseoai\",\"@id\":\"https:\\\/\\\/www.vdhurk.nl\\\/#\\\/schema\\\/person\\\/04c44f7c3ccbd41cb14ad36749c8db5f\"},\"headline\":\"Welke kleine bestelwagen heeft de beste instaphoogte?\",\"datePublished\":\"2026-05-01T06:00:00+00:00\",\"mainEntityOfPage\":{\"@id\":\"https:\\\/\\\/www.vdhurk.nl\\\/welke-kleine-bestelwagen-heeft-de-beste-instaphoogte\\\/\"},\"wordCount\":1540,\"image\":{\"@id\":\"https:\\\/\\\/www.vdhurk.nl\\\/welke-kleine-bestelwagen-heeft-de-beste-instaphoogte\\\/#primaryimage\"},\"thumbnailUrl\":\"https:\\\/\\\/www.vdhurk.nl\\\/wp-content\\\/uploads\\\/2026\\\/04\\\/witte-bestelbus-instappen-werkschoen-dealer.webp\",\"articleSection\":[\"SEO\"],\"inLanguage\":\"ro-RO\"},{\"@type\":\"WebPage\",\"@id\":\"https:\\\/\\\/www.vdhurk.nl\\\/welke-kleine-bestelwagen-heeft-de-beste-instaphoogte\\\/\",\"url\":\"https:\\\/\\\/www.vdhurk.nl\\\/welke-kleine-bestelwagen-heeft-de-beste-instaphoogte\\\/\",\"name\":\"Welke kleine bestelwagen heeft de beste instaphoogte? - Van den Hurk Bedrijfswagens\",\"isPartOf\":{\"@id\":\"https:\\\/\\\/www.vdhurk.nl\\\/#website\"},\"primaryImageOfPage\":{\"@id\":\"https:\\\/\\\/www.vdhurk.nl\\\/welke-kleine-bestelwagen-heeft-de-beste-instaphoogte\\\/#primaryimage\"},\"image\":{\"@id\":\"https:\\\/\\\/www.vdhurk.nl\\\/welke-kleine-bestelwagen-heeft-de-beste-instaphoogte\\\/#primaryimage\"},\"thumbnailUrl\":\"https:\\\/\\\/www.vdhurk.nl\\\/wp-content\\\/uploads\\\/2026\\\/04\\\/witte-bestelbus-instappen-werkschoen-dealer.webp\",\"datePublished\":\"2026-05-01T06:00:00+00:00\",\"author\":{\"@id\":\"https:\\\/\\\/www.vdhurk.nl\\\/#\\\/schema\\\/person\\\/04c44f7c3ccbd41cb14ad36749c8db5f\"},\"description\":\"Ontdek welke kleine bestelwagen de laagste instaphoogte heeft. Vergelijk Kangoo, Berlingo, Caddy \u00e9n meer \u2014 en kies ergonomisch slim.\",\"breadcrumb\":{\"@id\":\"https:\\\/\\\/www.vdhurk.nl\\\/welke-kleine-bestelwagen-heeft-de-beste-instaphoogte\\\/#breadcrumb\"},\"inLanguage\":\"ro-RO\",\"potentialAction\":[{\"@type\":\"ReadAction\",\"target\":[\"https:\\\/\\\/www.vdhurk.nl\\\/welke-kleine-bestelwagen-heeft-de-beste-instaphoogte\\\/\"]}]},{\"@type\":\"ImageObject\",\"inLanguage\":\"ro-RO\",\"@id\":\"https:\\\/\\\/www.vdhurk.nl\\\/welke-kleine-bestelwagen-heeft-de-beste-instaphoogte\\\/#primaryimage\",\"url\":\"https:\\\/\\\/www.vdhurk.nl\\\/wp-content\\\/uploads\\\/2026\\\/04\\\/witte-bestelbus-instappen-werkschoen-dealer.webp\",\"contentUrl\":\"https:\\\/\\\/www.vdhurk.nl\\\/wp-content\\\/uploads\\\/2026\\\/04\\\/witte-bestelbus-instappen-werkschoen-dealer.webp\",\"width\":1024,\"height\":768,\"caption\":\"Werkschoen die opstap betreedt van witte bestelbus op betonnen dealervoorplein, lage camerahoek met scherpe focus.\"},{\"@type\":\"BreadcrumbList\",\"@id\":\"https:\\\/\\\/www.vdhurk.nl\\\/welke-kleine-bestelwagen-heeft-de-beste-instaphoogte\\\/#breadcrumb\",\"itemListElement\":[{\"@type\":\"ListItem\",\"position\":1,\"name\":\"Home\",\"item\":\"https:\\\/\\\/www.vdhurk.nl\\\/home\\\/\"},{\"@type\":\"ListItem\",\"position\":2,\"name\":\"Welke kleine bestelwagen heeft de beste instaphoogte?\"}]},{\"@type\":\"WebSite\",\"@id\":\"https:\\\/\\\/www.vdhurk.nl\\\/#website\",\"url\":\"https:\\\/\\\/www.vdhurk.nl\\\/\",\"name\":\"Van den Hurk Bedrijfswagens\",\"description\":\"Van den Hurk bedrijfswagens Helmond\",\"potentialAction\":[{\"@type\":\"SearchAction\",\"target\":{\"@type\":\"EntryPoint\",\"urlTemplate\":\"https:\\\/\\\/www.vdhurk.nl\\\/?s={search_term_string}\"},\"query-input\":{\"@type\":\"PropertyValueSpecification\",\"valueRequired\":true,\"valueName\":\"search_term_string\"}}],\"inLanguage\":\"ro-RO\"},{\"@type\":\"Person\",\"@id\":\"https:\\\/\\\/www.vdhurk.nl\\\/#\\\/schema\\\/person\\\/04c44f7c3ccbd41cb14ad36749c8db5f\",\"name\":\"wpseoai\",\"image\":{\"@type\":\"ImageObject\",\"inLanguage\":\"ro-RO\",\"@id\":\"https:\\\/\\\/secure.gravatar.com\\\/avatar\\\/51ea6db2c0d04861332fc5a8dff3289a3d5bcfa4493f551d20452ff3f9c5bcbf?s=96&d=mm&r=g\",\"url\":\"https:\\\/\\\/secure.gravatar.com\\\/avatar\\\/51ea6db2c0d04861332fc5a8dff3289a3d5bcfa4493f551d20452ff3f9c5bcbf?s=96&d=mm&r=g\",\"contentUrl\":\"https:\\\/\\\/secure.gravatar.com\\\/avatar\\\/51ea6db2c0d04861332fc5a8dff3289a3d5bcfa4493f551d20452ff3f9c5bcbf?s=96&d=mm&r=g\",\"caption\":\"wpseoai\"},\"url\":\"https:\\\/\\\/www.vdhurk.nl\\\/ro\\\/author\\\/wpseoai\\\/\"}]}<\/script>\n<!-- \/ Yoast SEO plugin. -->","yoast_head_json":{"title":"Care furgonet\u0103 mic\u0103 are cea mai bun\u0103 \u00een\u0103l\u021bime de intrare? - Vehicule comerciale Van den Hurk","description":"Afla\u021bi care furgonet\u0103 mic\u0103 are cea mai mic\u0103 \u00een\u0103l\u021bime de \u00eembarcare. Compara\u021bi Kangoo, Berlingo, Caddy \u0219i altele - \u0219i alege\u021bi ergonomic inteligent.","robots":{"index":"index","follow":"follow","max-snippet":"max-snippet:-1","max-image-preview":"max-image-preview:large","max-video-preview":"max-video-preview:-1"},"canonical":"https:\/\/www.vdhurk.nl\/ro\/ce-camioneta-mica-are-cea-mai-buna-inaltime-de-imbarcare\/","og_locale":"ro_RO","og_type":"article","og_title":"Welke kleine bestelwagen heeft de beste instaphoogte? - Van den Hurk Bedrijfswagens","og_description":"Ontdek welke kleine bestelwagen de laagste instaphoogte heeft. Vergelijk Kangoo, Berlingo, Caddy \u00e9n meer \u2014 en kies ergonomisch slim.","og_url":"https:\/\/www.vdhurk.nl\/ro\/ce-camioneta-mica-are-cea-mai-buna-inaltime-de-imbarcare\/","og_site_name":"Van den Hurk Bedrijfswagens","article_published_time":"2026-05-01T06:00:00+00:00","og_image":[{"width":1024,"height":768,"url":"https:\/\/www.vdhurk.nl\/wp-content\/uploads\/2026\/04\/witte-bestelbus-instappen-werkschoen-dealer.webp","type":"image\/webp"}],"author":"wpseoai","twitter_card":"summary_large_image","twitter_misc":{"Scris de":"wpseoai","Timp estimat pentru citire":"8 minute"},"schema":{"@context":"https:\/\/schema.org","@graph":[{"@type":"Article","@id":"https:\/\/www.vdhurk.nl\/welke-kleine-bestelwagen-heeft-de-beste-instaphoogte\/#article","isPartOf":{"@id":"https:\/\/www.vdhurk.nl\/welke-kleine-bestelwagen-heeft-de-beste-instaphoogte\/"},"author":{"name":"wpseoai","@id":"https:\/\/www.vdhurk.nl\/#\/schema\/person\/04c44f7c3ccbd41cb14ad36749c8db5f"},"headline":"Welke kleine bestelwagen heeft de beste instaphoogte?","datePublished":"2026-05-01T06:00:00+00:00","mainEntityOfPage":{"@id":"https:\/\/www.vdhurk.nl\/welke-kleine-bestelwagen-heeft-de-beste-instaphoogte\/"},"wordCount":1540,"image":{"@id":"https:\/\/www.vdhurk.nl\/welke-kleine-bestelwagen-heeft-de-beste-instaphoogte\/#primaryimage"},"thumbnailUrl":"https:\/\/www.vdhurk.nl\/wp-content\/uploads\/2026\/04\/witte-bestelbus-instappen-werkschoen-dealer.webp","articleSection":["SEO"],"inLanguage":"ro-RO"},{"@type":"WebPage","@id":"https:\/\/www.vdhurk.nl\/welke-kleine-bestelwagen-heeft-de-beste-instaphoogte\/","url":"https:\/\/www.vdhurk.nl\/welke-kleine-bestelwagen-heeft-de-beste-instaphoogte\/","name":"Care furgonet\u0103 mic\u0103 are cea mai bun\u0103 \u00een\u0103l\u021bime de intrare? - Vehicule comerciale Van den Hurk","isPartOf":{"@id":"https:\/\/www.vdhurk.nl\/#website"},"primaryImageOfPage":{"@id":"https:\/\/www.vdhurk.nl\/welke-kleine-bestelwagen-heeft-de-beste-instaphoogte\/#primaryimage"},"image":{"@id":"https:\/\/www.vdhurk.nl\/welke-kleine-bestelwagen-heeft-de-beste-instaphoogte\/#primaryimage"},"thumbnailUrl":"https:\/\/www.vdhurk.nl\/wp-content\/uploads\/2026\/04\/witte-bestelbus-instappen-werkschoen-dealer.webp","datePublished":"2026-05-01T06:00:00+00:00","author":{"@id":"https:\/\/www.vdhurk.nl\/#\/schema\/person\/04c44f7c3ccbd41cb14ad36749c8db5f"},"description":"Afla\u021bi care furgonet\u0103 mic\u0103 are cea mai mic\u0103 \u00een\u0103l\u021bime de \u00eembarcare. Compara\u021bi Kangoo, Berlingo, Caddy \u0219i altele - \u0219i alege\u021bi ergonomic inteligent.","breadcrumb":{"@id":"https:\/\/www.vdhurk.nl\/welke-kleine-bestelwagen-heeft-de-beste-instaphoogte\/#breadcrumb"},"inLanguage":"ro-RO","potentialAction":[{"@type":"ReadAction","target":["https:\/\/www.vdhurk.nl\/welke-kleine-bestelwagen-heeft-de-beste-instaphoogte\/"]}]},{"@type":"ImageObject","inLanguage":"ro-RO","@id":"https:\/\/www.vdhurk.nl\/welke-kleine-bestelwagen-heeft-de-beste-instaphoogte\/#primaryimage","url":"https:\/\/www.vdhurk.nl\/wp-content\/uploads\/2026\/04\/witte-bestelbus-instappen-werkschoen-dealer.webp","contentUrl":"https:\/\/www.vdhurk.nl\/wp-content\/uploads\/2026\/04\/witte-bestelbus-instappen-werkschoen-dealer.webp","width":1024,"height":768,"caption":"Werkschoen die opstap betreedt van witte bestelbus op betonnen dealervoorplein, lage camerahoek met scherpe focus."},{"@type":"BreadcrumbList","@id":"https:\/\/www.vdhurk.nl\/welke-kleine-bestelwagen-heeft-de-beste-instaphoogte\/#breadcrumb","itemListElement":[{"@type":"ListItem","position":1,"name":"Home","item":"https:\/\/www.vdhurk.nl\/home\/"},{"@type":"ListItem","position":2,"name":"Welke kleine bestelwagen heeft de beste instaphoogte?"}]},{"@type":"WebSite","@id":"https:\/\/www.vdhurk.nl\/#website","url":"https:\/\/www.vdhurk.nl\/","name":"Vehicule comerciale Van den Hurk","description":"Vehicule comerciale Van den Hurk Helmond","potentialAction":[{"@type":"SearchAction","target":{"@type":"EntryPoint","urlTemplate":"https:\/\/www.vdhurk.nl\/?s={search_term_string}"},"query-input":{"@type":"PropertyValueSpecification","valueRequired":true,"valueName":"search_term_string"}}],"inLanguage":"ro-RO"},{"@type":"Person","@id":"https:\/\/www.vdhurk.nl\/#\/schema\/person\/04c44f7c3ccbd41cb14ad36749c8db5f","name":"wpseoai","image":{"@type":"ImageObject","inLanguage":"ro-RO","@id":"https:\/\/secure.gravatar.com\/avatar\/51ea6db2c0d04861332fc5a8dff3289a3d5bcfa4493f551d20452ff3f9c5bcbf?s=96&d=mm&r=g","url":"https:\/\/secure.gravatar.com\/avatar\/51ea6db2c0d04861332fc5a8dff3289a3d5bcfa4493f551d20452ff3f9c5bcbf?s=96&d=mm&r=g","contentUrl":"https:\/\/secure.gravatar.com\/avatar\/51ea6db2c0d04861332fc5a8dff3289a3d5bcfa4493f551d20452ff3f9c5bcbf?s=96&d=mm&r=g","caption":"wpseoai"},"url":"https:\/\/www.vdhurk.nl\/ro\/author\/wpseoai\/"}]}},"_links":{"self":[{"href":"https:\/\/www.vdhurk.nl\/ro\/wp-json\/wp\/v2\/posts\/577228","targetHints":{"allow":["GET"]}}],"collection":[{"href":"https:\/\/www.vdhurk.nl\/ro\/wp-json\/wp\/v2\/posts"}],"about":[{"href":"https:\/\/www.vdhurk.nl\/ro\/wp-json\/wp\/v2\/types\/post"}],"author":[{"embeddable":true,"href":"https:\/\/www.vdhurk.nl\/ro\/wp-json\/wp\/v2\/users\/5"}],"replies":[{"embeddable":true,"href":"https:\/\/www.vdhurk.nl\/ro\/wp-json\/wp\/v2\/comments?post=577228"}],"version-history":[{"count":2,"href":"https:\/\/www.vdhurk.nl\/ro\/wp-json\/wp\/v2\/posts\/577228\/revisions"}],"predecessor-version":[{"id":577491,"href":"https:\/\/www.vdhurk.nl\/ro\/wp-json\/wp\/v2\/posts\/577228\/revisions\/577491"}],"wp:featuredmedia":[{"embeddable":true,"href":"https:\/\/www.vdhurk.nl\/ro\/wp-json\/wp\/v2\/media\/577772"}],"wp:attachment":[{"href":"https:\/\/www.vdhurk.nl\/ro\/wp-json\/wp\/v2\/media?parent=577228"}],"wp:term":[{"taxonomy":"category","embeddable":true,"href":"https:\/\/www.vdhurk.nl\/ro\/wp-json\/wp\/v2\/categories?post=577228"},{"taxonomy":"post_tag","embeddable":true,"href":"https:\/\/www.vdhurk.nl\/ro\/wp-json\/wp\/v2\/tags?post=577228"}],"curies":[{"name":"wp","href":"https:\/\/api.w.org\/{rel}","templated":true}]}}