{"id":577207,"date":"2026-05-03T08:00:00","date_gmt":"2026-05-03T06:00:00","guid":{"rendered":"https:\/\/www.vdhurk.nl\/?p=577207"},"modified":"2026-04-14T13:48:51","modified_gmt":"2026-04-14T11:48:51","slug":"ce-dubita-cu-doua-cabine-are-cel-mai-bun-raport-calitate-pret","status":"publish","type":"post","link":"https:\/\/www.vdhurk.nl\/ro\/welke-bedrijfsbus-met-dubbele-cabine-heeft-de-beste-prijs-kwaliteitverhouding\/","title":{"rendered":"Care furgonet\u0103 cu dou\u0103 cabine are cel mai bun raport calitate\/pre\u021b?"},"content":{"rendered":"<p>O dubi\u021b\u0103 comercial\u0103 cu cabin\u0103 dubl\u0103 ofer\u0103 ce este mai bun din ambele lumi: suficient spa\u021biu pentru echipa dvs., precum \u0219i spa\u021biu de \u00eenc\u0103rcare pentru materiale sau unelte. Dar care model v\u0103 ofer\u0103 cel mai bun raport calitate-pre\u021b? Aceasta este o \u00eentrebare la care se g\u00e2ndesc mul\u021bi antreprenori, liber-profesioni\u0219ti \u0219i administratori de flote. \u00cen acest articol, r\u0103spundem la cele mai frecvente \u00eentreb\u0103ri despre furgoneta dubl\u0103 cabin\u0103 pentru companii, astfel \u00eenc\u00e2t s\u0103 pute\u021bi face o alegere \u00een cuno\u0219tin\u021b\u0103 de cauz\u0103.<\/p>\n<p>Fie c\u0103 dori\u021bi s\u0103 cump\u0103ra\u021bi o dubi\u021b\u0103 mic\u0103 pentru uz zilnic sau lua\u021bi \u00een considerare \u00eenchirierea unui vehicul comercial electric, pia\u021ba ofer\u0103 mai multe op\u021biuni ca niciodat\u0103. V\u0103 ghid\u0103m pas cu pas prin tot ceea ce trebuie s\u0103 \u0219ti\u021bi.<\/p>\n<h2>Ce este un autobuz de companie cu cabin\u0103 dubl\u0103?<\/h2>\n<p>O dubi\u021b\u0103 comercial\u0103 cu cabin\u0103 dubl\u0103 este o dubi\u021b\u0103 sau un vehicul comercial u\u0219or cu o cabin\u0103 extins\u0103 care poate g\u0103zdui cinci sau \u0219ase ocupan\u021bi, combinat\u0103 cu o zon\u0103 de \u00eenc\u0103rcare \u00een spatele cabinei. Acest lucru face ca vehiculul s\u0103 fie potrivit pentru echipele care se deplaseaz\u0103 \u00eempreun\u0103 c\u0103tre o loca\u021bie, precum \u0219i pentru transportul de unelte sau materiale.<\/p>\n<p>The <a href=\"https:\/\/www.vdhurk.nl\/ro\/vehicule-comerciale\/cabina-dubla\/\">cabin\u0103 dubl\u0103<\/a> se deosebe\u0219te de o dubi\u021b\u0103 standard prin scaunele suplimentare. \u00cen timp ce o dubi\u021b\u0103 normal\u0103 poate transporta maximum dou\u0103 sau trei persoane, o cabin\u0103 dubl\u0103 ofer\u0103 spa\u021biu pentru un echipaj complet. Spa\u021biul de \u00eenc\u0103rcare este mai mic dec\u00e2t la o variant\u0103 standard, dar pentru majoritatea meseriilor me\u0219te\u0219ug\u0103re\u0219ti \u0219i orientate spre servicii, este mai mult dec\u00e2t suficient.<\/p>\n<h3>Pentru cine este potrivit\u0103 o dubi\u021b\u0103 comercial\u0103 cu cabin\u0103 dubl\u0103?<\/h3>\n<p>Acest tip de vehicul comercial este popular printre companiile de construc\u021bii, instalatori, peisagi\u0219ti, vopsitori \u0219i al\u021bi profesioni\u0219ti care c\u0103l\u0103toresc cu mai mul\u021bi colegi. Transportatorii de servicii medicale \u0219i companiile de logistic\u0103 cu echipe mici aleg, de asemenea, \u00een mod regulat acest tip de caroserie. Combina\u021bia dintre transportul de pasageri \u0219i capacitatea de \u00eenc\u0103rcare \u00eel face un vehicul versatil \u0219i practic pentru IMM-uri.<\/p>\n<h2>Ce m\u0103rci ofer\u0103 o dubi\u021b\u0103 comercial\u0103 cu cabin\u0103 dubl\u0103?<\/h2>\n<p>Majoritatea m\u0103rcilor importante din segmentul vehiculelor comerciale u\u0219oare ofer\u0103 o variant\u0103 cu cabin\u0103 dubl\u0103. Cele mai cunoscute op\u021biuni sunt Volkswagen Transporter, Ford Transit Custom, Renault Trafic, Peugeot Expert, Citro\u00ebn Jumpy \u0219i Toyota Proace. Fiecare marc\u0103 are propriile puncte forte \u00een ceea ce prive\u0219te fiabilitatea, confortul la condus \u0219i costul total de proprietate.<\/p>\n<p>Volkswagen este cunoscut pentru finisajele sale solide \u0219i valoarea ridicat\u0103 de rev\u00e2nzare. Ford Transit Custom ob\u021bine scoruri bune \u00een ceea ce prive\u0219te confortul la rulare \u0219i spa\u021biul de \u00eenc\u0103rcare. Renault \u0219i m\u0103rcile PSA (Peugeot, Citro\u00ebn \u0219i Opel Vivaro) ofer\u0103 platforme similare \u0219i sunt adesea u\u0219or mai competitive ca pre\u021b. Toyota Proace are o reputa\u021bie de fiabilitate \u0219i costuri reduse de \u00eentre\u021binere, ceea ce se pl\u0103te\u0219te pe termen lung.<\/p>\n<h3>Care sunt noii intra\u021bi pe pia\u021b\u0103?<\/h3>\n<p><a href=\"https:\/\/www.vdhurk.nl\/ro\/vehicule-comerciale\/electric\/\">Variante electrice<\/a> c\u00e2\u0219tig\u0103 rapid teren. M\u0103rci precum Mercedes-Benz cu eSprinter, Volkswagen cu ID. Buzz Cargo \u0219i Ford cu E-Transit ofer\u0103 din ce \u00een ce mai mult sau sunt \u00een curs de a oferi o versiune cu cabin\u0103 dubl\u0103. Pentru companiile care iau \u00een considerare leasingul vehiculelor comerciale electrice, aceasta este o evolu\u021bie relevant\u0103 pe care trebuie s\u0103 o urm\u0103reasc\u0103.<\/p>\n<h2>La ce ar trebui s\u0103 fi\u021bi aten\u021bi \u00een ceea ce prive\u0219te raportul calitate\/pre\u021b?<\/h2>\n<p>Raportul calitate-pre\u021b al unei dubi\u021be comerciale cu dou\u0103 cabine nu se rezum\u0103 doar la pre\u021bul de achizi\u021bie. Ave\u021bi \u00een vedere \u0219i consumul de combustibil, costurile de \u00eentre\u021binere, valoarea rezidual\u0103, fiabilitatea \u0219i disponibilitatea pieselor. O achizi\u021bie mai ieftin\u0103 poate fi mai scump\u0103 pe termen lung dac\u0103 vehiculul sta\u021bioneaz\u0103 mai des sau are costuri de service mai mari.<\/p>\n<p>De asemenea, lua\u021bi \u00een considerare specifica\u021biile practice care se potrivesc opera\u021biunilor dvs. De c\u00e2t\u0103 sarcin\u0103 util\u0103 ave\u021bi nevoie? Conduce\u021bi mult \u00een ora\u0219 sau doar pe distan\u021be lungi? Ar trebui ca vehiculul s\u0103 fie capabil s\u0103 tracteze o remorc\u0103? To\u021bi ace\u0219ti factori vor determina care model ofer\u0103 cel mai bun raport pre\u021b\/valoare pentru dumneavoastr\u0103.<\/p>\n<h3>Principalele puncte de interes dintr-o privire de ansamblu<\/h3>\n<ul>\n<li><strong>Costul total de proprietate:<\/strong> Calcula\u021bi nu numai pre\u021bul de achizi\u021bie, ci \u0219i asigurarea, taxa de drum, combustibilul \u0219i \u00eentre\u021binerea pe \u00eentreaga perioad\u0103 de utilizare.<\/li>\n<li><strong>Valoarea rezidual\u0103:<\/strong> m\u0103rci precum Volkswagen \u0219i Mercedes p\u0103streaz\u0103 \u00een general o valoare rezidual\u0103 mai mare, ceea ce este avantajos atunci c\u00e2nd sunt schimbate sau rev\u00e2ndute.<\/li>\n<li><strong>Garan\u021bie \u0219i service:<\/strong> verifica\u021bi ce condi\u021bii de garan\u021bie se aplic\u0103 \u0219i c\u00e2t de aproape este cel mai apropiat punct de service de zona dvs. de lucru.<\/li>\n<li><strong>Spa\u021biu de \u00eenc\u0103rcare \u0219i sarcin\u0103 util\u0103:<\/strong> Compara\u021bi nu numai metri cubi, ci \u0219i sarcina util\u0103 maxim\u0103 \u00een kilograme.<\/li>\n<li><strong>Beneficii fiscale:<\/strong> Variantele electrice sunt supuse unor reglement\u0103ri fiscale diferite, ceea ce poate afecta foarte mult pre\u021bul total.<\/li>\n<\/ul>\n<h2>Care model are cele mai bune rezultate la pre\u021b \u0219i calitate?<\/h2>\n<p>Pe baza practicii de conducere \u0219i a experien\u021bei de pia\u021b\u0103, Volkswagen Transporter cu cabin\u0103 dubl\u0103 ob\u021bine \u00een mod constant scoruri ridicate \u00een ceea ce prive\u0219te raportul calitate-pre\u021b, urmat de Ford Transit Custom \u0219i Renault Trafic. Transporter ofer\u0103 un pachet general solid de confort la condus, fiabilitate \u0219i valoare rezidual\u0103. Transit Custom este atractiv pentru cei care doresc un spa\u021biu de \u00eenc\u0103rcare pu\u021bin mai mare la un pre\u021b competitiv.<\/p>\n<p>Renault Trafic \u0219i modelele sale de platform\u0103 de la Peugeot \u0219i Citro\u00ebn sunt, \u00een general, mai ieftine la cump\u0103rare \u0219i \u00eentre\u021binere. Pentru companiile cu kilometraj ridicat care doresc s\u0103 men\u021bin\u0103 costurile la un nivel sc\u0103zut, acestea sunt alternative interesante. Toyota Proace merit\u0103 o men\u021biune special\u0103 pentru sensibilitatea sa sc\u0103zut\u0103 la defec\u021biuni, care asigur\u0103 mai pu\u021bine perioade de nefunc\u021bionare \u0219i costuri de service mai mici.<\/p>\n<h3>Electric\u0103 sau tradi\u021bional\u0103?<\/h3>\n<p>Variantele electrice din segmentul cu cabin\u0103 dubl\u0103 sunt \u00eenc\u0103 disponibile \u00een mod limitat, dar oferta este \u00een cre\u0219tere. Pentru distribu\u021bia urban\u0103 sau rutele fixe, un autobuz comercial electric poate satisface deja pe deplin nevoile zilnice. Pre\u021bul de achizi\u021bie mai mare este par\u021bial compensat de costurile mai mici de combustibil \u0219i \u00eentre\u021binere \u0219i, \u00een unele cazuri, de subven\u021bii sau scutiri fiscale. Dac\u0103 ave\u021bi \u00een vedere \u00eenchirierea unui vehicul comercial electric, este \u00een\u021belept s\u0103 calcula\u021bi costul total pe durata contractului de leasing \u0219i s\u0103 \u00eel compara\u021bi cu o variant\u0103 conven\u021bional\u0103.<\/p>\n<h2>Nou sau folosit: care este cea mai inteligent\u0103 alegere?<\/h2>\n<p>Dac\u0103 este mai bine s\u0103 cump\u0103ra\u021bi un autobuz comercial cu dou\u0103 cabine nou sau second-hand depinde de buget, utilizare \u0219i tipul de finan\u021bare. Un autobuz nou ofer\u0103 garan\u021bia produc\u0103torului, cea mai recent\u0103 tehnologie \u0219i un risc mai mic de repara\u021bii neprev\u0103zute. Un autobuz folosit este mai ieftin de cump\u0103rat \u0219i a trecut deja prin cea mai mare parte a deprecierii sale.<\/p>\n<p>Pentru \u00eentreprinderile nou-\u00eenfiin\u021bate sau \u00eentreprinderile mici cu un buget limitat, o dubi\u021b\u0103 cu dou\u0103 cabine folosit\u0103 \u0219i bine \u00eentre\u021binut\u0103 este adesea cea mai inteligent\u0103 alegere. Pute\u021bi alege o marc\u0103 de mai bun\u0103 calitate sau o versiune superioar\u0103 pentru aceea\u0219i sum\u0103 de bani dec\u00e2t cu un model nou entry-level. Cu toate acestea, este important s\u0103 verifica\u021bi istoricul de \u00eentre\u021binere \u0219i s\u0103 efectua\u021bi o inspec\u021bie tehnic\u0103 \u00eenainte de a cump\u0103ra o dubi\u021b\u0103 mic\u0103.<\/p>\n<h3>Ce trebuie s\u0103 c\u0103uta\u021bi la o cabin\u0103 dubl\u0103 folosit\u0103?<\/h3>\n<ul>\n<li>Verifica\u021bi kilometrajul \u0219i istoricul de \u00eentre\u021binere prin intermediul unui registru de service autorizat.<\/li>\n<li>Urm\u0103ri\u021bi dac\u0103 exist\u0103 rugin\u0103 pe partea inferioar\u0103 \u0219i \u00een jurul zonei de \u00eenc\u0103rcare; aceasta este o problem\u0103 frecvent\u0103 \u00een cazul vehiculelor comerciale foarte utilizate.<\/li>\n<li>\u00centreba\u021bi despre MOT-ul r\u0103mas \u0219i despre orice garan\u021bie oferit\u0103 de v\u00e2nz\u0103tor.<\/li>\n<li>Verifica\u021bi dac\u0103 zona de \u00eenc\u0103rcare a fost deteriorat\u0103 de utilizarea intens\u0103; g\u00e2ndi\u021bi-v\u0103 la podele, pere\u021bi \u0219i balamale de u\u0219i.<\/li>\n<li>Solicita\u021bi o inspec\u021bie independent\u0103 \u00een cazul \u00een care ave\u021bi \u00eendoieli cu privire la starea vehiculului.<\/li>\n<\/ul>\n<h2>Cum cump\u0103ra\u021bi sau \u00eenchiria\u021bi o dubi\u021b\u0103 comercial\u0103 cu dou\u0103 cabine?<\/h2>\n<p>Cump\u0103ra\u021bi sau \u00eenchiria\u021bi o furgonet\u0103 cu dou\u0103 cabine prin intermediul unui dealer specializat de vehicule comerciale sau al unei societ\u0103\u021bi de leasing. La cump\u0103rare, pl\u0103ti\u021bi direct, iar vehiculul devine proprietatea dumneavoastr\u0103. \u00cen cazul leasingului, pl\u0103ti\u021bi o sum\u0103 lunar\u0103 fix\u0103 \u0219i conduce\u021bi un vehicul f\u0103r\u0103 taxe de proprietate, u\u0219ur\u00e2nd fluxul de numerar al companiei dumneavoastr\u0103.<\/p>\n<p>Leasingul opera\u021bional este popular \u00een r\u00e2ndul IMM-urilor \u0219i comercian\u021bilor individuali, deoarece \u00eentre\u021binerea, asigurarea \u0219i taxa de drum sunt adesea incluse \u00een suma lunar\u0103. Contractul de leasing financiar este mai degrab\u0103 \u00een rate \u0219i v\u0103 ofer\u0103 dreptul de proprietate asupra vehiculului la sf\u00e2r\u0219itul perioadei. Forma care vi se potrive\u0219te cel mai bine depinde de perioada \u00een care dori\u021bi s\u0103 utiliza\u021bi vehiculul, de num\u0103rul de kilometri pe care \u00eei parcurge\u021bi \u0219i dac\u0103 dori\u021bi ca furgoneta s\u0103 figureze \u00een bilan\u021bul dumneavoastr\u0103.<\/p>\n<h3>Considera\u021bii la \u00eenchirierea unei cabine duble<\/h3>\n<ul>\n<li>Verifica\u021bi kilometrajul maxim pe an \u0219i costul pentru mai mul\u021bi kilometri.<\/li>\n<li>Compara\u021bi costul total al leasingului pe \u00eentreaga perioad\u0103, nu doar suma lunar\u0103.<\/li>\n<li>\u00centreba\u021bi despre posibilitatea adapt\u0103rii sau schimb\u0103rii vehiculului \u00eentre timp, pe m\u0103sur\u0103 ce afacerea dumneavoastr\u0103 se dezvolt\u0103.<\/li>\n<li>Verifica\u021bi dac\u0103 exist\u0103 condi\u021bii speciale pentru leasingul autoturismelor electrice pentru companii, cum ar fi subven\u021bii sau o cot\u0103 de impozitare suplimentar\u0103 mai mic\u0103.<\/li>\n<\/ul>\n<h2>Cum v\u0103 ajut\u0103m s\u0103 alege\u021bi autobuzul companiei potrivite<\/h2>\n<p>La Van den Hurk Bedrijfswagens, v\u0103 ajut\u0103m s\u0103 g\u0103si\u021bi \u00een mod specific o dubi\u021b\u0103 cu dou\u0103 cabine care s\u0103 se potriveasc\u0103 activit\u0103\u021bii, bugetului \u0219i planurilor dumneavoastr\u0103. Cu mai mult de 60 de ani de experien\u021b\u0103 \u00een regiunea Helmond \u0219i Brabantul de Nord, cunoa\u0219tem pia\u021ba \u0219i \u0219tim ce vehicule performeaz\u0103 \u00een practic\u0103. Iat\u0103 ce putem face pentru dvs:<\/p>\n<ul>\n<li>Consiliere personal\u0103 cu privire la modelul potrivit \u0219i cea mai bun\u0103 execu\u021bie pentru situa\u021bia dumneavoastr\u0103.<\/li>\n<li>O gam\u0103 larg\u0103 de vehicule comerciale noi \u0219i second-hand, inclusiv variante electrice \u0219i modele cu cabin\u0103 dubl\u0103.<\/li>\n<li>Op\u021biuni de finan\u021bare flexibile, inclusiv cump\u0103rare \u0219i leasing personalizate pentru \u00eentreprinz\u0103tori individuali, IMM-uri \u0219i administratori de flote.<\/li>\n<li>Un serviciu convenabil de alert\u0103 de stoc, astfel \u00eenc\u00e2t s\u0103 fi\u021bi primul care afl\u0103 c\u00e2nd vehiculul potrivit devine disponibil.<\/li>\n<li>Pre\u021buri transparente, f\u0103r\u0103 costuri ascunse, astfel \u00eenc\u00e2t s\u0103 \u0219ti\u021bi exact unde v\u0103 afla\u021bi.<\/li>\n<\/ul>\n<p>Dori\u021bi s\u0103 \u0219ti\u021bi ce dubi\u021b\u0103 comercial\u0103 cu dou\u0103 cabine este cea mai potrivit\u0103 pentru afacerea dumneavoastr\u0103? Contacta\u021bi-ne sau arunca\u021bi o privire la <a href=\"https:\/\/www.vdhurk.nl\/ro\/vehicule-comerciale\/\">oferta curent\u0103 online<\/a>. Suntem bucuro\u0219i s\u0103 ne g\u00e2ndim \u00eempreun\u0103 cu dvs.<\/p>","protected":false},"excerpt":{"rendered":"<p>Volkswagen, Ford sau Renault? Afl\u0103 ce dubi\u021b\u0103 comercial\u0103 cu cabin\u0103 dubl\u0103 merit\u0103 banii t\u0103i.<\/p>","protected":false},"author":5,"featured_media":577751,"comment_status":"closed","ping_status":"closed","sticky":false,"template":"","format":"standard","meta":{"_acf_changed":false,"_improvement_type_select":"improve_an_existing","_thumb_yes_seoaic":false,"_frame_yes_seoaic":false,"seoaic_generate_description":"","seoaic_improve_instructions_prompt":"","seoaic_rollback_content_improvement":"","seoaic_idea_thumbnail_generator":"","thumbnail_generated":false,"thumbnail_generate_prompt":"","seoaic_article_description":"","seoaic_article_subtitles":[],"footnotes":""},"categories":[1],"tags":[],"class_list":["post-577207","post","type-post","status-publish","format-standard","has-post-thumbnail","hentry","category-seo"],"acf":[],"yoast_head":"<!-- This site is optimized with the Yoast SEO plugin v27.5 - https:\/\/yoast.com\/product\/yoast-seo-wordpress\/ -->\n<title>Welke bedrijfsbus met dubbele cabine heeft de beste prijs-kwaliteitverhouding? - Van den Hurk Bedrijfswagens<\/title>\n<meta name=\"description\" content=\"Bedrijfsbus met dubbele cabine kopen? Vergelijk merken, kosten en leaseopties. Ontdek welk model de beste prijs-kwaliteitverhouding biedt.\" \/>\n<meta name=\"robots\" content=\"index, follow, max-snippet:-1, max-image-preview:large, max-video-preview:-1\" \/>\n<link rel=\"canonical\" href=\"https:\/\/www.vdhurk.nl\/ro\/ce-dubita-cu-doua-cabine-are-cel-mai-bun-raport-calitate-pret\/\" \/>\n<meta property=\"og:locale\" content=\"ro_RO\" \/>\n<meta property=\"og:type\" content=\"article\" \/>\n<meta property=\"og:title\" content=\"Welke bedrijfsbus met dubbele cabine heeft de beste prijs-kwaliteitverhouding? - Van den Hurk Bedrijfswagens\" \/>\n<meta property=\"og:description\" content=\"Bedrijfsbus met dubbele cabine kopen? Vergelijk merken, kosten en leaseopties. Ontdek welk model de beste prijs-kwaliteitverhouding biedt.\" \/>\n<meta property=\"og:url\" content=\"https:\/\/www.vdhurk.nl\/ro\/ce-dubita-cu-doua-cabine-are-cel-mai-bun-raport-calitate-pret\/\" \/>\n<meta property=\"og:site_name\" content=\"Van den Hurk Bedrijfswagens\" \/>\n<meta property=\"article:published_time\" content=\"2026-05-03T06:00:00+00:00\" \/>\n<meta property=\"og:image\" content=\"https:\/\/www.vdhurk.nl\/wp-content\/uploads\/2026\/04\/dubbele-cabine-bestelwagen-industrieel-terrein-1.webp\" \/>\n\t<meta property=\"og:image:width\" content=\"1024\" \/>\n\t<meta property=\"og:image:height\" content=\"768\" \/>\n\t<meta property=\"og:image:type\" content=\"image\/webp\" \/>\n<meta name=\"author\" content=\"wpseoai\" \/>\n<meta name=\"twitter:card\" content=\"summary_large_image\" \/>\n<meta name=\"twitter:label1\" content=\"Scris de\" \/>\n\t<meta name=\"twitter:data1\" content=\"wpseoai\" \/>\n\t<meta name=\"twitter:label2\" content=\"Timp estimat pentru citire\" \/>\n\t<meta name=\"twitter:data2\" content=\"7 minute\" \/>\n<script type=\"application\/ld+json\" class=\"yoast-schema-graph\">{\"@context\":\"https:\\\/\\\/schema.org\",\"@graph\":[{\"@type\":\"Article\",\"@id\":\"https:\\\/\\\/www.vdhurk.nl\\\/welke-bedrijfsbus-met-dubbele-cabine-heeft-de-beste-prijs-kwaliteitverhouding\\\/#article\",\"isPartOf\":{\"@id\":\"https:\\\/\\\/www.vdhurk.nl\\\/welke-bedrijfsbus-met-dubbele-cabine-heeft-de-beste-prijs-kwaliteitverhouding\\\/\"},\"author\":{\"name\":\"wpseoai\",\"@id\":\"https:\\\/\\\/www.vdhurk.nl\\\/#\\\/schema\\\/person\\\/04c44f7c3ccbd41cb14ad36749c8db5f\"},\"headline\":\"Welke bedrijfsbus met dubbele cabine heeft de beste prijs-kwaliteitverhouding?\",\"datePublished\":\"2026-05-03T06:00:00+00:00\",\"mainEntityOfPage\":{\"@id\":\"https:\\\/\\\/www.vdhurk.nl\\\/welke-bedrijfsbus-met-dubbele-cabine-heeft-de-beste-prijs-kwaliteitverhouding\\\/\"},\"wordCount\":1418,\"image\":{\"@id\":\"https:\\\/\\\/www.vdhurk.nl\\\/welke-bedrijfsbus-met-dubbele-cabine-heeft-de-beste-prijs-kwaliteitverhouding\\\/#primaryimage\"},\"thumbnailUrl\":\"https:\\\/\\\/www.vdhurk.nl\\\/wp-content\\\/uploads\\\/2026\\\/04\\\/dubbele-cabine-bestelwagen-industrieel-terrein-1.webp\",\"articleSection\":[\"SEO\"],\"inLanguage\":\"ro-RO\"},{\"@type\":\"WebPage\",\"@id\":\"https:\\\/\\\/www.vdhurk.nl\\\/welke-bedrijfsbus-met-dubbele-cabine-heeft-de-beste-prijs-kwaliteitverhouding\\\/\",\"url\":\"https:\\\/\\\/www.vdhurk.nl\\\/welke-bedrijfsbus-met-dubbele-cabine-heeft-de-beste-prijs-kwaliteitverhouding\\\/\",\"name\":\"Welke bedrijfsbus met dubbele cabine heeft de beste prijs-kwaliteitverhouding? - Van den Hurk Bedrijfswagens\",\"isPartOf\":{\"@id\":\"https:\\\/\\\/www.vdhurk.nl\\\/#website\"},\"primaryImageOfPage\":{\"@id\":\"https:\\\/\\\/www.vdhurk.nl\\\/welke-bedrijfsbus-met-dubbele-cabine-heeft-de-beste-prijs-kwaliteitverhouding\\\/#primaryimage\"},\"image\":{\"@id\":\"https:\\\/\\\/www.vdhurk.nl\\\/welke-bedrijfsbus-met-dubbele-cabine-heeft-de-beste-prijs-kwaliteitverhouding\\\/#primaryimage\"},\"thumbnailUrl\":\"https:\\\/\\\/www.vdhurk.nl\\\/wp-content\\\/uploads\\\/2026\\\/04\\\/dubbele-cabine-bestelwagen-industrieel-terrein-1.webp\",\"datePublished\":\"2026-05-03T06:00:00+00:00\",\"author\":{\"@id\":\"https:\\\/\\\/www.vdhurk.nl\\\/#\\\/schema\\\/person\\\/04c44f7c3ccbd41cb14ad36749c8db5f\"},\"description\":\"Bedrijfsbus met dubbele cabine kopen? Vergelijk merken, kosten en leaseopties. Ontdek welk model de beste prijs-kwaliteitverhouding biedt.\",\"breadcrumb\":{\"@id\":\"https:\\\/\\\/www.vdhurk.nl\\\/welke-bedrijfsbus-met-dubbele-cabine-heeft-de-beste-prijs-kwaliteitverhouding\\\/#breadcrumb\"},\"inLanguage\":\"ro-RO\",\"potentialAction\":[{\"@type\":\"ReadAction\",\"target\":[\"https:\\\/\\\/www.vdhurk.nl\\\/welke-bedrijfsbus-met-dubbele-cabine-heeft-de-beste-prijs-kwaliteitverhouding\\\/\"]}]},{\"@type\":\"ImageObject\",\"inLanguage\":\"ro-RO\",\"@id\":\"https:\\\/\\\/www.vdhurk.nl\\\/welke-bedrijfsbus-met-dubbele-cabine-heeft-de-beste-prijs-kwaliteitverhouding\\\/#primaryimage\",\"url\":\"https:\\\/\\\/www.vdhurk.nl\\\/wp-content\\\/uploads\\\/2026\\\/04\\\/dubbele-cabine-bestelwagen-industrieel-terrein-1.webp\",\"contentUrl\":\"https:\\\/\\\/www.vdhurk.nl\\\/wp-content\\\/uploads\\\/2026\\\/04\\\/dubbele-cabine-bestelwagen-industrieel-terrein-1.webp\",\"width\":1024,\"height\":768,\"caption\":\"Dubbele cabine bestelwagen geparkeerd op industrieel terrein, gefotografeerd vanuit laag voorhoekperspectief in warm middaglicht.\"},{\"@type\":\"BreadcrumbList\",\"@id\":\"https:\\\/\\\/www.vdhurk.nl\\\/welke-bedrijfsbus-met-dubbele-cabine-heeft-de-beste-prijs-kwaliteitverhouding\\\/#breadcrumb\",\"itemListElement\":[{\"@type\":\"ListItem\",\"position\":1,\"name\":\"Home\",\"item\":\"https:\\\/\\\/www.vdhurk.nl\\\/home\\\/\"},{\"@type\":\"ListItem\",\"position\":2,\"name\":\"Welke bedrijfsbus met dubbele cabine heeft de beste prijs-kwaliteitverhouding?\"}]},{\"@type\":\"WebSite\",\"@id\":\"https:\\\/\\\/www.vdhurk.nl\\\/#website\",\"url\":\"https:\\\/\\\/www.vdhurk.nl\\\/\",\"name\":\"Van den Hurk Bedrijfswagens\",\"description\":\"Van den Hurk bedrijfswagens Helmond\",\"potentialAction\":[{\"@type\":\"SearchAction\",\"target\":{\"@type\":\"EntryPoint\",\"urlTemplate\":\"https:\\\/\\\/www.vdhurk.nl\\\/?s={search_term_string}\"},\"query-input\":{\"@type\":\"PropertyValueSpecification\",\"valueRequired\":true,\"valueName\":\"search_term_string\"}}],\"inLanguage\":\"ro-RO\"},{\"@type\":\"Person\",\"@id\":\"https:\\\/\\\/www.vdhurk.nl\\\/#\\\/schema\\\/person\\\/04c44f7c3ccbd41cb14ad36749c8db5f\",\"name\":\"wpseoai\",\"image\":{\"@type\":\"ImageObject\",\"inLanguage\":\"ro-RO\",\"@id\":\"https:\\\/\\\/secure.gravatar.com\\\/avatar\\\/51ea6db2c0d04861332fc5a8dff3289a3d5bcfa4493f551d20452ff3f9c5bcbf?s=96&d=mm&r=g\",\"url\":\"https:\\\/\\\/secure.gravatar.com\\\/avatar\\\/51ea6db2c0d04861332fc5a8dff3289a3d5bcfa4493f551d20452ff3f9c5bcbf?s=96&d=mm&r=g\",\"contentUrl\":\"https:\\\/\\\/secure.gravatar.com\\\/avatar\\\/51ea6db2c0d04861332fc5a8dff3289a3d5bcfa4493f551d20452ff3f9c5bcbf?s=96&d=mm&r=g\",\"caption\":\"wpseoai\"},\"url\":\"https:\\\/\\\/www.vdhurk.nl\\\/ro\\\/author\\\/wpseoai\\\/\"}]}<\/script>\n<!-- \/ Yoast SEO plugin. -->","yoast_head_json":{"title":"Care furgonet\u0103 cu cabin\u0103 dubl\u0103 are cel mai bun raport calitate\/pre\u021b? - Vehicule comerciale Van den Hurk","description":"Cump\u0103ra\u021bi o dubi\u021b\u0103 comercial\u0103 cu cabin\u0103 dubl\u0103? Compara\u021bi m\u0103rcile, costurile \u0219i op\u021biunile de leasing. Afla\u021bi care model ofer\u0103 cel mai bun raport calitate\/pre\u021b.","robots":{"index":"index","follow":"follow","max-snippet":"max-snippet:-1","max-image-preview":"max-image-preview:large","max-video-preview":"max-video-preview:-1"},"canonical":"https:\/\/www.vdhurk.nl\/ro\/ce-dubita-cu-doua-cabine-are-cel-mai-bun-raport-calitate-pret\/","og_locale":"ro_RO","og_type":"article","og_title":"Welke bedrijfsbus met dubbele cabine heeft de beste prijs-kwaliteitverhouding? - Van den Hurk Bedrijfswagens","og_description":"Bedrijfsbus met dubbele cabine kopen? Vergelijk merken, kosten en leaseopties. Ontdek welk model de beste prijs-kwaliteitverhouding biedt.","og_url":"https:\/\/www.vdhurk.nl\/ro\/ce-dubita-cu-doua-cabine-are-cel-mai-bun-raport-calitate-pret\/","og_site_name":"Van den Hurk Bedrijfswagens","article_published_time":"2026-05-03T06:00:00+00:00","og_image":[{"width":1024,"height":768,"url":"https:\/\/www.vdhurk.nl\/wp-content\/uploads\/2026\/04\/dubbele-cabine-bestelwagen-industrieel-terrein-1.webp","type":"image\/webp"}],"author":"wpseoai","twitter_card":"summary_large_image","twitter_misc":{"Scris de":"wpseoai","Timp estimat pentru citire":"7 minute"},"schema":{"@context":"https:\/\/schema.org","@graph":[{"@type":"Article","@id":"https:\/\/www.vdhurk.nl\/welke-bedrijfsbus-met-dubbele-cabine-heeft-de-beste-prijs-kwaliteitverhouding\/#article","isPartOf":{"@id":"https:\/\/www.vdhurk.nl\/welke-bedrijfsbus-met-dubbele-cabine-heeft-de-beste-prijs-kwaliteitverhouding\/"},"author":{"name":"wpseoai","@id":"https:\/\/www.vdhurk.nl\/#\/schema\/person\/04c44f7c3ccbd41cb14ad36749c8db5f"},"headline":"Welke bedrijfsbus met dubbele cabine heeft de beste prijs-kwaliteitverhouding?","datePublished":"2026-05-03T06:00:00+00:00","mainEntityOfPage":{"@id":"https:\/\/www.vdhurk.nl\/welke-bedrijfsbus-met-dubbele-cabine-heeft-de-beste-prijs-kwaliteitverhouding\/"},"wordCount":1418,"image":{"@id":"https:\/\/www.vdhurk.nl\/welke-bedrijfsbus-met-dubbele-cabine-heeft-de-beste-prijs-kwaliteitverhouding\/#primaryimage"},"thumbnailUrl":"https:\/\/www.vdhurk.nl\/wp-content\/uploads\/2026\/04\/dubbele-cabine-bestelwagen-industrieel-terrein-1.webp","articleSection":["SEO"],"inLanguage":"ro-RO"},{"@type":"WebPage","@id":"https:\/\/www.vdhurk.nl\/welke-bedrijfsbus-met-dubbele-cabine-heeft-de-beste-prijs-kwaliteitverhouding\/","url":"https:\/\/www.vdhurk.nl\/welke-bedrijfsbus-met-dubbele-cabine-heeft-de-beste-prijs-kwaliteitverhouding\/","name":"Care furgonet\u0103 cu cabin\u0103 dubl\u0103 are cel mai bun raport calitate\/pre\u021b? - Vehicule comerciale Van den Hurk","isPartOf":{"@id":"https:\/\/www.vdhurk.nl\/#website"},"primaryImageOfPage":{"@id":"https:\/\/www.vdhurk.nl\/welke-bedrijfsbus-met-dubbele-cabine-heeft-de-beste-prijs-kwaliteitverhouding\/#primaryimage"},"image":{"@id":"https:\/\/www.vdhurk.nl\/welke-bedrijfsbus-met-dubbele-cabine-heeft-de-beste-prijs-kwaliteitverhouding\/#primaryimage"},"thumbnailUrl":"https:\/\/www.vdhurk.nl\/wp-content\/uploads\/2026\/04\/dubbele-cabine-bestelwagen-industrieel-terrein-1.webp","datePublished":"2026-05-03T06:00:00+00:00","author":{"@id":"https:\/\/www.vdhurk.nl\/#\/schema\/person\/04c44f7c3ccbd41cb14ad36749c8db5f"},"description":"Cump\u0103ra\u021bi o dubi\u021b\u0103 comercial\u0103 cu cabin\u0103 dubl\u0103? Compara\u021bi m\u0103rcile, costurile \u0219i op\u021biunile de leasing. Afla\u021bi care model ofer\u0103 cel mai bun raport calitate\/pre\u021b.","breadcrumb":{"@id":"https:\/\/www.vdhurk.nl\/welke-bedrijfsbus-met-dubbele-cabine-heeft-de-beste-prijs-kwaliteitverhouding\/#breadcrumb"},"inLanguage":"ro-RO","potentialAction":[{"@type":"ReadAction","target":["https:\/\/www.vdhurk.nl\/welke-bedrijfsbus-met-dubbele-cabine-heeft-de-beste-prijs-kwaliteitverhouding\/"]}]},{"@type":"ImageObject","inLanguage":"ro-RO","@id":"https:\/\/www.vdhurk.nl\/welke-bedrijfsbus-met-dubbele-cabine-heeft-de-beste-prijs-kwaliteitverhouding\/#primaryimage","url":"https:\/\/www.vdhurk.nl\/wp-content\/uploads\/2026\/04\/dubbele-cabine-bestelwagen-industrieel-terrein-1.webp","contentUrl":"https:\/\/www.vdhurk.nl\/wp-content\/uploads\/2026\/04\/dubbele-cabine-bestelwagen-industrieel-terrein-1.webp","width":1024,"height":768,"caption":"Dubbele cabine bestelwagen geparkeerd op industrieel terrein, gefotografeerd vanuit laag voorhoekperspectief in warm middaglicht."},{"@type":"BreadcrumbList","@id":"https:\/\/www.vdhurk.nl\/welke-bedrijfsbus-met-dubbele-cabine-heeft-de-beste-prijs-kwaliteitverhouding\/#breadcrumb","itemListElement":[{"@type":"ListItem","position":1,"name":"Home","item":"https:\/\/www.vdhurk.nl\/home\/"},{"@type":"ListItem","position":2,"name":"Welke bedrijfsbus met dubbele cabine heeft de beste prijs-kwaliteitverhouding?"}]},{"@type":"WebSite","@id":"https:\/\/www.vdhurk.nl\/#website","url":"https:\/\/www.vdhurk.nl\/","name":"Vehicule comerciale Van den Hurk","description":"Vehicule comerciale Van den Hurk Helmond","potentialAction":[{"@type":"SearchAction","target":{"@type":"EntryPoint","urlTemplate":"https:\/\/www.vdhurk.nl\/?s={search_term_string}"},"query-input":{"@type":"PropertyValueSpecification","valueRequired":true,"valueName":"search_term_string"}}],"inLanguage":"ro-RO"},{"@type":"Person","@id":"https:\/\/www.vdhurk.nl\/#\/schema\/person\/04c44f7c3ccbd41cb14ad36749c8db5f","name":"wpseoai","image":{"@type":"ImageObject","inLanguage":"ro-RO","@id":"https:\/\/secure.gravatar.com\/avatar\/51ea6db2c0d04861332fc5a8dff3289a3d5bcfa4493f551d20452ff3f9c5bcbf?s=96&d=mm&r=g","url":"https:\/\/secure.gravatar.com\/avatar\/51ea6db2c0d04861332fc5a8dff3289a3d5bcfa4493f551d20452ff3f9c5bcbf?s=96&d=mm&r=g","contentUrl":"https:\/\/secure.gravatar.com\/avatar\/51ea6db2c0d04861332fc5a8dff3289a3d5bcfa4493f551d20452ff3f9c5bcbf?s=96&d=mm&r=g","caption":"wpseoai"},"url":"https:\/\/www.vdhurk.nl\/ro\/author\/wpseoai\/"}]}},"_links":{"self":[{"href":"https:\/\/www.vdhurk.nl\/ro\/wp-json\/wp\/v2\/posts\/577207","targetHints":{"allow":["GET"]}}],"collection":[{"href":"https:\/\/www.vdhurk.nl\/ro\/wp-json\/wp\/v2\/posts"}],"about":[{"href":"https:\/\/www.vdhurk.nl\/ro\/wp-json\/wp\/v2\/types\/post"}],"author":[{"embeddable":true,"href":"https:\/\/www.vdhurk.nl\/ro\/wp-json\/wp\/v2\/users\/5"}],"replies":[{"embeddable":true,"href":"https:\/\/www.vdhurk.nl\/ro\/wp-json\/wp\/v2\/comments?post=577207"}],"version-history":[{"count":2,"href":"https:\/\/www.vdhurk.nl\/ro\/wp-json\/wp\/v2\/posts\/577207\/revisions"}],"predecessor-version":[{"id":577485,"href":"https:\/\/www.vdhurk.nl\/ro\/wp-json\/wp\/v2\/posts\/577207\/revisions\/577485"}],"wp:featuredmedia":[{"embeddable":true,"href":"https:\/\/www.vdhurk.nl\/ro\/wp-json\/wp\/v2\/media\/577751"}],"wp:attachment":[{"href":"https:\/\/www.vdhurk.nl\/ro\/wp-json\/wp\/v2\/media?parent=577207"}],"wp:term":[{"taxonomy":"category","embeddable":true,"href":"https:\/\/www.vdhurk.nl\/ro\/wp-json\/wp\/v2\/categories?post=577207"},{"taxonomy":"post_tag","embeddable":true,"href":"https:\/\/www.vdhurk.nl\/ro\/wp-json\/wp\/v2\/tags?post=577207"}],"curies":[{"name":"wp","href":"https:\/\/api.w.org\/{rel}","templated":true}]}}