{"id":577201,"date":"2026-04-29T08:00:00","date_gmt":"2026-04-29T06:00:00","guid":{"rendered":"https:\/\/www.vdhurk.nl\/?p=577201"},"modified":"2026-04-14T13:46:58","modified_gmt":"2026-04-14T11:46:58","slug":"cum-ramane-cu-taxa-de-drum-pentru-o-camioneta-comerciala-cu-cabina-dubla","status":"publish","type":"post","link":"https:\/\/www.vdhurk.nl\/ro\/hoe-zit-het-met-de-wegenbelasting-voor-een-bedrijfsbus-met-dubbele-cabine\/","title":{"rendered":"Ce se \u00eent\u00e2mpl\u0103 cu taxa de drum pentru o dubi\u021b\u0103 comercial\u0103 cu cabin\u0103 dubl\u0103?"},"content":{"rendered":"<p>Taxa de drum pentru o camionet\u0103 cu cabin\u0103 dubl\u0103 este un subiect care \u00eei preocup\u0103 pe mul\u021bi antreprenori. Pl\u0103ti\u021bi taxa redus\u0103 pentru furgonete sau v\u0103 \u00eencadra\u021bi \u00een continuare \u00eentr-o tax\u0103 mai scump\u0103? R\u0103spunsul depinde de modul \u00een care autorit\u0103\u021bile fiscale clasific\u0103 vehiculul dumneavoastr\u0103, iar aceast\u0103 clasificare are mai multe piedici dec\u00e2t v-a\u021bi putea a\u0219tepta la prima vedere.<\/p>\n<p>\u00cen acest articol, r\u0103spundem la cele mai frecvente \u00eentreb\u0103ri privind taxa pe autovehicule (MRB) pentru furgonetele comerciale cu cabin\u0103 dubl\u0103. Fie c\u0103 ave\u021bi o <strong>vreau s\u0103 cump\u0103r o dubi\u021b\u0103 mic\u0103<\/strong>, are \u00een vedere o <strong>furgonet\u0103 cu cabin\u0103 dubl\u0103<\/strong> s\u0103 cumpere sau s\u0103 se g\u00e2ndeasc\u0103 la o <strong>leasing ma\u0219in\u0103 electric\u0103 de serviciu<\/strong>, aceast\u0103 prezentare general\u0103 v\u0103 va ajuta s\u0103 face\u021bi alegerea corect\u0103 \u0219i s\u0103 evita\u021bi facturile fiscale nea\u0219teptate.<\/p>\n<h2>Ce este un autobuz de companie cu cabin\u0103 dubl\u0103 \u00een scopuri fiscale?<\/h2>\n<p>\u00cen scopuri fiscale, o furgonet\u0103 cu dou\u0103 cabine este un vehicul care este clasificat de autorit\u0103\u021bile fiscale fie ca autoturism, fie ca furgonet\u0103 de livrare, \u00een func\u021bie de caracteristicile specifice ale vehiculului. Aceast\u0103 clasificare determin\u0103 \u00een mod direct rata MRB pe care o pl\u0103ti\u021bi. A <a href=\"https:\/\/www.vdhurk.nl\/ro\/vehicule-comerciale\/cabina-dubla\/\">cabin\u0103 dubl\u0103<\/a> are dou\u0103 r\u00e2nduri de scaune \u0219i, prin urmare, nu este considerat\u0103 automat o dubi\u021b\u0103.<\/p>\n<p>Fiscul utilizeaz\u0103 o serie de criterii tehnice pentru a stabili dac\u0103 un vehicul poate fi considerat o furgonet\u0103. \u00cen cazul unei cabine duble, autorit\u0103\u021bile fiscale iau \u00een considerare, printre altele, raportul dintre spa\u021biul de \u00eenc\u0103rcare \u0219i lungimea total\u0103 a vehiculului. Mai exact, spa\u021biul de \u00eenc\u0103rcare trebuie s\u0103 fie cel pu\u021bin la fel de lung ca cabina, iar spa\u021biul de \u00eenc\u0103rcare trebuie s\u0103 aib\u0103 o podea de \u00eenc\u0103rcare plat\u0103, f\u0103r\u0103 scaune fixe.<\/p>\n<h3>Ce ia \u00een considerare Fiscul \u00een evaluarea sa?<\/h3>\n<p>Evaluarea unei cabine duble graviteaz\u0103 \u00een jurul urm\u0103toarelor caracteristici m\u0103surabile:<\/p>\n<ul>\n<li>Lungimea zonei de \u00eenc\u0103rcare \u00een raport cu lungimea cabinei<\/li>\n<li>Prezen\u021ba unui plan\u0219eu de \u00eenc\u0103rcare plat \u0219i continuu<\/li>\n<li>Lipsa scaunelor fixe sau a elementelor de confort \u00een zona de \u00eenc\u0103rcare<\/li>\n<li>Sarcina util\u0103 maxim\u0103 \u0219i masa maxim\u0103 autorizat\u0103<\/li>\n<\/ul>\n<p>\u00cen cazul \u00een care vehiculul nu \u00eendepline\u0219te aceste cerin\u021be, Fiscul \u00eel clasific\u0103 drept autoturism. Acest lucru are consecin\u021be directe asupra ratei MRB, a beneficiului impozabil suplimentar \u0219i a oric\u0103ror scutiri. Prin urmare, este indicat s\u0103 verifica\u021bi modul \u00een care vehiculul este \u00eenregistrat \u00een registrul de \u00eenmatriculare a vehiculelor \u00eenainte de cump\u0103rare.<\/p>\n<h2>C\u00e2t\u0103 tax\u0103 de drum pl\u0103ti\u021bi pentru o cabin\u0103 dubl\u0103?<\/h2>\n<p>Rata taxei de drum pentru o cabin\u0103 dubl\u0103 depinde de clasificarea fiscal\u0103 a vehiculului. \u00cen cazul \u00een care este clasificat ca furgonet\u0103, atunci ve\u021bi pl\u0103ti rata MRB mai mic\u0103 pentru furgonete. Dac\u0103 este clasificat ca autoturism, se vor aplica ratele mai mari bazate pe greutate \u0219i tipul de combustibil care se aplic\u0103 autoturismelor.<\/p>\n<p>Diferen\u021ba de costuri poate fi semnificativ\u0103. Taxa MRB pentru autoturisme este dependent\u0103 de greutate \u0219i cre\u0219te cu c\u00e2t vehiculul este mai greu. O cabin\u0103 dubl\u0103 este, de obicei, un vehicul mai greu, astfel \u00eenc\u00e2t rata taxei de drum ca autoturism poate cre\u0219te substan\u021bial. Pentru camionete, exist\u0103 o rat\u0103 mai favorabil\u0103, mai plat\u0103, care cre\u0219te mai pu\u021bin brusc \u00een func\u021bie de greutate.<\/p>\n<h3>Care este diferen\u021ba de cost \u00een practic\u0103?<\/h3>\n<p>De\u0219i sumele exacte depind de greutate, de combustibil \u0219i de provincia \u00een care locui\u021bi, diferen\u021ba dintre tariful pentru autoturisme \u0219i cel pentru camionete pentru un vehicul mai greu este de c\u00e2teva sute de euro pe an. Pentru proprietarii de \u00eentreprinderi cu mai multe vehicule \u00een flot\u0103, aceast\u0103 diferen\u021b\u0103 cre\u0219te p\u00e2n\u0103 la o sum\u0103 considerabil\u0103 pe trimestru. Verifica\u021bi \u00eentotdeauna ratele actuale prin intermediul site-ului web al administra\u021biei fiscale, deoarece acestea sunt actualizate anual.<\/p>\n<h2>Rata sc\u0103zut\u0103 a MRB pentru furgonete se aplic\u0103 \u0219i unei cabine duble?<\/h2>\n<p>Rata redus\u0103 a MRB pentru furgonete se aplic\u0103 unei cabine duble numai dac\u0103 vehiculul este clasificat ca furgonet\u0103 de c\u0103tre Fisc. Acesta nu este cazul \u00een mod automat. Multe vehicule cu dou\u0103 cabine sunt \u00eenregistrate \u00een mod implicit ca autoturisme, cu excep\u021bia cazului \u00een care se demonstreaz\u0103 c\u0103 \u00eendeplinesc criteriile tehnice pentru o furgonet\u0103.<\/p>\n<p>Practica arat\u0103 c\u0103, uneori, produc\u0103torii ofer\u0103 variante special concepute pentru a \u00eendeplini cerin\u021bele camionetelor. G\u00e2ndi\u021bi-v\u0103 la o zon\u0103 de \u00eenc\u0103rcare extins\u0103 sau la o podea de \u00eenc\u0103rcare modificat\u0103. Dac\u0103 dori\u021bi s\u0103 cump\u0103ra\u021bi o cabin\u0103 dubl\u0103 av\u00e2nd \u00een vedere rata redus\u0103 a MRB, verifica\u021bi \u00eentotdeauna registrul de \u00eenmatriculare al vehiculului sau cere\u021bi v\u00e2nz\u0103torului s\u0103 confirme \u00een scris clasificarea vehiculului.<\/p>\n<h3>Cum se verific\u0103 clasificarea unui vehicul?<\/h3>\n<p>Pute\u021bi verifica clasificarea unui vehicul \u00een dou\u0103 moduri:<\/p>\n<ol>\n<li>Prin intermediul registrului de \u00eenmatriculare a vehiculelor al RDW: c\u0103uta\u021bi num\u0103rul de \u00eenmatriculare \u0219i vede\u021bi tipul de vehicul \u00eenmatriculat.<\/li>\n<li>Prin intermediul biroului fiscal: solicita\u021bi o consultare preliminar\u0103 dac\u0103 nu sunte\u021bi sigur de clasificarea unui anumit vehicul pe care inten\u021biona\u021bi s\u0103 \u00eel cump\u0103ra\u021bi.<\/li>\n<\/ol>\n<p>Vehiculul este \u00eenmatriculat ca autoturism, dar crede\u021bi c\u0103 \u00eendepline\u0219te criteriile pentru camionete? Atunci pute\u021bi depune o cerere de reclasificare la RDW. Acest lucru necesit\u0103 o inspec\u021bie tehnic\u0103, dar v\u0103 poate economisi bani considerabili pe termen lung.<\/p>\n<h2>Care sunt consecin\u021bele clasific\u0103rii incorecte a vehiculelor?<\/h2>\n<p>O clasificare incorect\u0103 a vehiculului poate duce la evalu\u0103ri fiscale suplimentare, amenzi \u0219i o corec\u021bie a beneficiului impozabil suplimentar. \u00cen cazul \u00een care Fiscul constat\u0103 c\u0103 a\u021bi tratat un vehicul ca o furgonet\u0103 \u00een timp ce acesta se calific\u0103 drept autoturism \u00een scopuri fiscale, acesta poate impune \u00een continuare TAXA nepl\u0103tit\u0103, inclusiv dob\u00e2nda fiscal\u0103.<\/p>\n<p>Pe l\u00e2ng\u0103 taxa de drum, clasificarea eronat\u0103 afecteaz\u0103, de asemenea, ad\u0103ugarea pentru uz privat. Dac\u0103 o cabin\u0103 dubl\u0103 este clasificat\u0103 drept autoturism, se vor aplica ratele suplimentare pentru autoturisme. Acest lucru este mai costisitor pentru majoritatea antreprenorilor dec\u00e2t beneficiul impozabil suplimentar pentru camionete. Combina\u021bia dintre o tax\u0103 MRB suplimentar\u0103 \u0219i o corec\u021bie a beneficiului impozabil suplimentar poate fi semnificativ\u0103 din punct de vedere financiar.<\/p>\n<h3>Cum s\u0103 evita\u021bi problemele cu autorit\u0103\u021bile fiscale?<\/h3>\n<p>Cel mai bun mod de a preveni problemele este s\u0103 fii proactiv:<\/p>\n<ul>\n<li>Verifica\u021bi \u00eenregistrarea RDW \u00eenainte de a cump\u0103ra sau de a \u00eenchiria un vehicul.<\/li>\n<li>\u00cen caz de \u00eendoial\u0103, solicita\u021bi v\u00e2nz\u0103torului sau companiei de leasing o confirmare scris\u0103 a clasific\u0103rii.<\/li>\n<li>Consulta\u021bi un consilier fiscal dac\u0103 dori\u021bi s\u0103 utiliza\u021bi un taxi dublu pentru afaceri \u0219i nu sunte\u021bi sigur de consecin\u021be.<\/li>\n<li>P\u0103stra\u021bi toate documentele referitoare la vehicul, inclusiv specifica\u021biile tehnice \u0219i datele de \u00eenmatriculare.<\/li>\n<\/ul>\n<h2>Cum se solicit\u0103 scutirea sau reducerea taxei de drum?<\/h2>\n<p>Exist\u0103 o scutire sau o rat\u0103 redus\u0103 a MRB pentru furgonetele utilizate \u00een scopuri profesionale, \u00een anumite condi\u021bii. Solicitarea se face prin intermediul Inland Revenue, de obicei cu ajutorul unui formular pe care \u00eel pute\u021bi trimite digital sau \u00een scris. Scutirea se aplic\u0103 numai dac\u0103 vehiculul \u00eendepline\u0219te cerin\u021bele de clasificare \u0219i este utilizat exclusiv \u00een scopuri profesionale.<\/p>\n<p>Pentru <a href=\"https:\/\/www.vdhurk.nl\/ro\/vehicule-comerciale\/electric\/\">furgonete electrice \u0219i ma\u0219ini de serviciu electrice<\/a> se aplic\u0103 beneficii suplimentare. P\u00e2n\u0103 la o anumit\u0103 dat\u0103, exist\u0103 o scutire de la MRB pentru vehiculele complet electrice. Aceasta face ca un <strong>leasing ma\u0219in\u0103 electric\u0103 de serviciu<\/strong> sau achizi\u021bie foarte atractiv\u0103 pentru antreprenorii care doresc s\u0103 \u00ee\u0219i fac\u0103 flotele mai durabile. Re\u021bine\u021bi c\u0103 scutirea pentru vehiculele electrice va fi eliminat\u0103 treptat \u00een urm\u0103torii c\u00e2\u021biva ani, deci merit\u0103 s\u0103 ac\u021biona\u021bi rapid.<\/p>\n<h3>Ce scutiri sunt relevante pentru antreprenori?<\/h3>\n<p>Cele mai relevante scutiri \u0219i reduceri pentru \u0219oferii profesioni\u0219ti sunt:<\/p>\n<ul>\n<li><strong>Scutire pentru camioneta electric\u0103:<\/strong> vehiculele complet electrice sunt scutite (temporar) de MRB.<\/li>\n<li><strong>Tarif redus pentru camionete:<\/strong> mai mic\u0103 dec\u00e2t rata pentru autoturisme, cu condi\u021bia ca vehiculul s\u0103 fie clasificat corect.<\/li>\n<li><strong>Scutire pentru vehiculele agricole \u0219i speciale:<\/strong> nu se aplic\u0103 la cabinele duble standard, dar sunt relevante pentru aplica\u021bii specifice.<\/li>\n<\/ul>\n<p>Solicita\u021bi scutirea la timp, deoarece Fiscul nu o acord\u0103 \u00een mod automat. \u00cen cazul unei cereri incorecte sau al unui vehicul neconform, scutirea va fi anulat\u0103 \u0219i se va percepe o tax\u0103 suplimentar\u0103.<\/p>\n<h2>C\u00e2nd este o cabin\u0103 dubl\u0103 cea mai inteligent\u0103 alegere pentru afacerea dumneavoastr\u0103?<\/h2>\n<p>O cabin\u0103 dubl\u0103 este cea mai inteligent\u0103 alegere dac\u0103 dori\u021bi s\u0103 transporta\u021bi mai mul\u021bi angaja\u021bi \u0219i ave\u021bi nevoie de un spa\u021biu de \u00eenc\u0103rcare substan\u021bial. G\u00e2ndi\u021bi-v\u0103 la companiile de construc\u021bii \u0219i instala\u021bii, la peisagi\u0219ti sau la mecanicii de service care ies cu o echip\u0103 \u00een fiecare zi \u0219i care transport\u0103 \u0219i materiale sau unelte. Combina\u021bia dintre spa\u021biul pentru pasageri \u0219i sarcina util\u0103 face ca acest tip de vehicul s\u0103 fie versatil din punct de vedere func\u021bional.<\/p>\n<p>Din punct de vedere fiscal, este \u00een\u021belept s\u0103 face\u021bi calculele \u00een prealabil. Dac\u0103 cabina dubl\u0103 este clasificat\u0103 drept furgonet\u0103, ve\u021bi beneficia de o rat\u0103 mai mic\u0103 a MRB \u0219i de reguli de ad\u0103ugare mai favorabile. Dac\u0103 este clasificat\u0103 ca autoturism, costul cre\u0219te. Pentru antreprenorii care au o <strong>Vreau s\u0103 cump\u0103r o dubi\u021b\u0103 mic\u0103<\/strong> dar totu\u0219i ave\u021bi nevoie de locuri suplimentare, o cabin\u0103 dubl\u0103 poate fi solu\u021bia potrivit\u0103, cu condi\u021bia ca clasificarea s\u0103 fie corect\u0103.<\/p>\n<h3>Care sunt alternativele \u00een cazul \u00een care cabina dubl\u0103 este dezavantajoas\u0103 din punct de vedere fiscal?<\/h3>\n<p>Dac\u0103, \u00een situa\u021bia dumneavoastr\u0103, o cabin\u0103 dubl\u0103 este clasificat\u0103 drept autoturism \u0219i acest lucru este dezavantajos din punct de vedere fiscal, exist\u0103 alternative:<\/p>\n<ul>\n<li>O dubi\u021b\u0103 standard cu o singur\u0103 cabin\u0103, combinat\u0103 cu un autoturism separat pentru echip\u0103.<\/li>\n<li>O autoutilitar\u0103 electric\u0103 care \u00eendepline\u0219te criteriile privind autoutilitarele \u0219i beneficiaz\u0103 de scutirea MRB.<\/li>\n<li>Un contract de leasing \u00een care riscurile fiscale sunt partajate cu societatea de leasing.<\/li>\n<\/ul>\n<p>Alegerea depinde de opera\u021biunile dumneavoastr\u0103 zilnice, de num\u0103rul de angaja\u021bi pe care \u00eei transporta\u021bi \u0219i de situa\u021bia fiscal\u0103 a societ\u0103\u021bii dumneavoastr\u0103. O analiz\u0103 adecvat\u0103 \u00een prealabil v\u0103 va scuti de o mul\u021bime de probleme dup\u0103 aceea.<\/p>\n<h2>Cum v\u0103 ajut\u0103m s\u0103 alege\u021bi ma\u0219ina de serviciu potrivit\u0103<\/h2>\n<p>La Van den Hurk Bedrijfswagens, \u00een\u021belegem c\u0103 alegerea unei furgonete comerciale cu cabin\u0103 dubl\u0103 nu \u021bine doar de vehiculul \u00een sine. Clasificarea fiscal\u0103, rata MRB \u0219i structura contractului de leasing joac\u0103 toate un rol important. V\u0103 ajut\u0103m s\u0103 face\u021bi alegerea corect\u0103, f\u0103r\u0103 s\u0103 fi\u021bi nevoit s\u0103 parcurge\u021bi singur toate regulile.<\/p>\n<p>Ce putem face pentru dvs:<\/p>\n<ul>\n<li>Oferi\u021bi informa\u021bii privind clasificarea fiec\u0103rui vehicul din stocul nostru, astfel \u00eenc\u00e2t s\u0103 \u0219ti\u021bi unde v\u0103 afla\u021bi.<\/li>\n<li>Consiliere cu privire la implica\u021biile fiscale ale achizi\u021bion\u0103rii sau \u00eenchirierii, adaptate la situa\u021bia afacerii dumneavoastr\u0103.<\/li>\n<li>O larg\u0103 <a href=\"https:\/\/www.vdhurk.nl\/ro\/vehicule-comerciale\/\">Prezentarea gamei de furgonete, cabine duble \u0219i vehicule utilitare electrice<\/a>, inclusiv op\u021biuni de leasing.<\/li>\n<li>Ob\u021bine\u021bi consiliere personalizat\u0103 de la speciali\u0219tii no\u0219tri din Helmond, f\u0103r\u0103 costuri ascunse sau condi\u021bii neclare.<\/li>\n<\/ul>\n<p>Dori\u021bi s\u0103 afla\u021bi ce ma\u0219in\u0103 de companie se potrive\u0219te cel mai bine activit\u0103\u021bilor \u0219i situa\u021biei dvs. fiscale? Contacta\u021bi-ne sau trece\u021bi pe la noi \u00een Helmond. Suntem bucuro\u0219i s\u0103 g\u00e2ndim \u00eempreun\u0103 cu dumneavoastr\u0103, de la solicitarea ini\u021bial\u0103 p\u00e2n\u0103 la livrare.<\/p>","protected":false},"excerpt":{"rendered":"<p>Cabinele duble \u0219i taxa de drum: afla\u021bi ce rat\u0103 MRB prime\u0219te furgoneta dvs. comercial\u0103 \u0219i evita\u021bi taxele suplimentare costisitoare.<\/p>","protected":false},"author":5,"featured_media":577630,"comment_status":"closed","ping_status":"closed","sticky":false,"template":"","format":"standard","meta":{"_acf_changed":false,"_improvement_type_select":"improve_an_existing","_thumb_yes_seoaic":false,"_frame_yes_seoaic":false,"seoaic_generate_description":"","seoaic_improve_instructions_prompt":"","seoaic_rollback_content_improvement":"","seoaic_idea_thumbnail_generator":"","thumbnail_generated":false,"thumbnail_generate_prompt":"","seoaic_article_description":"","seoaic_article_subtitles":[],"footnotes":""},"categories":[1],"tags":[],"class_list":["post-577201","post","type-post","status-publish","format-standard","has-post-thumbnail","hentry","category-seo"],"acf":[],"yoast_head":"<!-- This site is optimized with the Yoast SEO plugin v27.5 - https:\/\/yoast.com\/product\/yoast-seo-wordpress\/ -->\n<title>Hoe zit het met de wegenbelasting voor een bedrijfsbus met dubbele cabine? - Van den Hurk Bedrijfswagens<\/title>\n<meta name=\"description\" content=\"Betaal je personenauto- of bestelauto-tarief voor een dubbele cabine? Ontdek hoe de Belastingdienst classificeert en bespaar honderden euro&#039;s MRB per jaar.\" \/>\n<meta name=\"robots\" content=\"index, follow, max-snippet:-1, max-image-preview:large, max-video-preview:-1\" \/>\n<link rel=\"canonical\" href=\"https:\/\/www.vdhurk.nl\/ro\/cum-ramane-cu-taxa-de-drum-pentru-o-camioneta-comerciala-cu-cabina-dubla\/\" \/>\n<meta property=\"og:locale\" content=\"ro_RO\" \/>\n<meta property=\"og:type\" content=\"article\" \/>\n<meta property=\"og:title\" content=\"Hoe zit het met de wegenbelasting voor een bedrijfsbus met dubbele cabine? - Van den Hurk Bedrijfswagens\" \/>\n<meta property=\"og:description\" content=\"Betaal je personenauto- of bestelauto-tarief voor een dubbele cabine? Ontdek hoe de Belastingdienst classificeert en bespaar honderden euro&#039;s MRB per jaar.\" \/>\n<meta property=\"og:url\" content=\"https:\/\/www.vdhurk.nl\/ro\/cum-ramane-cu-taxa-de-drum-pentru-o-camioneta-comerciala-cu-cabina-dubla\/\" \/>\n<meta property=\"og:site_name\" content=\"Van den Hurk Bedrijfswagens\" \/>\n<meta property=\"article:published_time\" content=\"2026-04-29T06:00:00+00:00\" \/>\n<meta property=\"og:image\" content=\"https:\/\/www.vdhurk.nl\/wp-content\/uploads\/2026\/04\/pickup-truck-zakelijk-documenten-calculator.webp\" \/>\n\t<meta property=\"og:image:width\" content=\"1024\" \/>\n\t<meta property=\"og:image:height\" content=\"768\" \/>\n\t<meta property=\"og:image:type\" content=\"image\/webp\" \/>\n<meta name=\"author\" content=\"wpseoai\" \/>\n<meta name=\"twitter:card\" content=\"summary_large_image\" \/>\n<meta name=\"twitter:label1\" content=\"Scris de\" \/>\n\t<meta name=\"twitter:data1\" content=\"wpseoai\" \/>\n\t<meta name=\"twitter:label2\" content=\"Timp estimat pentru citire\" \/>\n\t<meta name=\"twitter:data2\" content=\"8 minute\" \/>\n<script type=\"application\/ld+json\" class=\"yoast-schema-graph\">{\"@context\":\"https:\\\/\\\/schema.org\",\"@graph\":[{\"@type\":\"Article\",\"@id\":\"https:\\\/\\\/www.vdhurk.nl\\\/hoe-zit-het-met-de-wegenbelasting-voor-een-bedrijfsbus-met-dubbele-cabine\\\/#article\",\"isPartOf\":{\"@id\":\"https:\\\/\\\/www.vdhurk.nl\\\/hoe-zit-het-met-de-wegenbelasting-voor-een-bedrijfsbus-met-dubbele-cabine\\\/\"},\"author\":{\"name\":\"wpseoai\",\"@id\":\"https:\\\/\\\/www.vdhurk.nl\\\/#\\\/schema\\\/person\\\/04c44f7c3ccbd41cb14ad36749c8db5f\"},\"headline\":\"Hoe zit het met de wegenbelasting voor een bedrijfsbus met dubbele cabine?\",\"datePublished\":\"2026-04-29T06:00:00+00:00\",\"mainEntityOfPage\":{\"@id\":\"https:\\\/\\\/www.vdhurk.nl\\\/hoe-zit-het-met-de-wegenbelasting-voor-een-bedrijfsbus-met-dubbele-cabine\\\/\"},\"wordCount\":1551,\"image\":{\"@id\":\"https:\\\/\\\/www.vdhurk.nl\\\/hoe-zit-het-met-de-wegenbelasting-voor-een-bedrijfsbus-met-dubbele-cabine\\\/#primaryimage\"},\"thumbnailUrl\":\"https:\\\/\\\/www.vdhurk.nl\\\/wp-content\\\/uploads\\\/2026\\\/04\\\/pickup-truck-zakelijk-documenten-calculator.webp\",\"articleSection\":[\"SEO\"],\"inLanguage\":\"ro-RO\"},{\"@type\":\"WebPage\",\"@id\":\"https:\\\/\\\/www.vdhurk.nl\\\/hoe-zit-het-met-de-wegenbelasting-voor-een-bedrijfsbus-met-dubbele-cabine\\\/\",\"url\":\"https:\\\/\\\/www.vdhurk.nl\\\/hoe-zit-het-met-de-wegenbelasting-voor-een-bedrijfsbus-met-dubbele-cabine\\\/\",\"name\":\"Hoe zit het met de wegenbelasting voor een bedrijfsbus met dubbele cabine? - Van den Hurk Bedrijfswagens\",\"isPartOf\":{\"@id\":\"https:\\\/\\\/www.vdhurk.nl\\\/#website\"},\"primaryImageOfPage\":{\"@id\":\"https:\\\/\\\/www.vdhurk.nl\\\/hoe-zit-het-met-de-wegenbelasting-voor-een-bedrijfsbus-met-dubbele-cabine\\\/#primaryimage\"},\"image\":{\"@id\":\"https:\\\/\\\/www.vdhurk.nl\\\/hoe-zit-het-met-de-wegenbelasting-voor-een-bedrijfsbus-met-dubbele-cabine\\\/#primaryimage\"},\"thumbnailUrl\":\"https:\\\/\\\/www.vdhurk.nl\\\/wp-content\\\/uploads\\\/2026\\\/04\\\/pickup-truck-zakelijk-documenten-calculator.webp\",\"datePublished\":\"2026-04-29T06:00:00+00:00\",\"author\":{\"@id\":\"https:\\\/\\\/www.vdhurk.nl\\\/#\\\/schema\\\/person\\\/04c44f7c3ccbd41cb14ad36749c8db5f\"},\"description\":\"Betaal je personenauto- of bestelauto-tarief voor een dubbele cabine? Ontdek hoe de Belastingdienst classificeert en bespaar honderden euro's MRB per jaar.\",\"breadcrumb\":{\"@id\":\"https:\\\/\\\/www.vdhurk.nl\\\/hoe-zit-het-met-de-wegenbelasting-voor-een-bedrijfsbus-met-dubbele-cabine\\\/#breadcrumb\"},\"inLanguage\":\"ro-RO\",\"potentialAction\":[{\"@type\":\"ReadAction\",\"target\":[\"https:\\\/\\\/www.vdhurk.nl\\\/hoe-zit-het-met-de-wegenbelasting-voor-een-bedrijfsbus-met-dubbele-cabine\\\/\"]}]},{\"@type\":\"ImageObject\",\"inLanguage\":\"ro-RO\",\"@id\":\"https:\\\/\\\/www.vdhurk.nl\\\/hoe-zit-het-met-de-wegenbelasting-voor-een-bedrijfsbus-met-dubbele-cabine\\\/#primaryimage\",\"url\":\"https:\\\/\\\/www.vdhurk.nl\\\/wp-content\\\/uploads\\\/2026\\\/04\\\/pickup-truck-zakelijk-documenten-calculator.webp\",\"contentUrl\":\"https:\\\/\\\/www.vdhurk.nl\\\/wp-content\\\/uploads\\\/2026\\\/04\\\/pickup-truck-zakelijk-documenten-calculator.webp\",\"width\":1024,\"height\":768,\"caption\":\"Witte dubbele cabine pickup truck op Nederlands bedrijventerrein met overheidsdocumenten en rekenmachine op de motorkap.\"},{\"@type\":\"BreadcrumbList\",\"@id\":\"https:\\\/\\\/www.vdhurk.nl\\\/hoe-zit-het-met-de-wegenbelasting-voor-een-bedrijfsbus-met-dubbele-cabine\\\/#breadcrumb\",\"itemListElement\":[{\"@type\":\"ListItem\",\"position\":1,\"name\":\"Home\",\"item\":\"https:\\\/\\\/www.vdhurk.nl\\\/home\\\/\"},{\"@type\":\"ListItem\",\"position\":2,\"name\":\"Hoe zit het met de wegenbelasting voor een bedrijfsbus met dubbele cabine?\"}]},{\"@type\":\"WebSite\",\"@id\":\"https:\\\/\\\/www.vdhurk.nl\\\/#website\",\"url\":\"https:\\\/\\\/www.vdhurk.nl\\\/\",\"name\":\"Van den Hurk Bedrijfswagens\",\"description\":\"Van den Hurk bedrijfswagens Helmond\",\"potentialAction\":[{\"@type\":\"SearchAction\",\"target\":{\"@type\":\"EntryPoint\",\"urlTemplate\":\"https:\\\/\\\/www.vdhurk.nl\\\/?s={search_term_string}\"},\"query-input\":{\"@type\":\"PropertyValueSpecification\",\"valueRequired\":true,\"valueName\":\"search_term_string\"}}],\"inLanguage\":\"ro-RO\"},{\"@type\":\"Person\",\"@id\":\"https:\\\/\\\/www.vdhurk.nl\\\/#\\\/schema\\\/person\\\/04c44f7c3ccbd41cb14ad36749c8db5f\",\"name\":\"wpseoai\",\"image\":{\"@type\":\"ImageObject\",\"inLanguage\":\"ro-RO\",\"@id\":\"https:\\\/\\\/secure.gravatar.com\\\/avatar\\\/51ea6db2c0d04861332fc5a8dff3289a3d5bcfa4493f551d20452ff3f9c5bcbf?s=96&d=mm&r=g\",\"url\":\"https:\\\/\\\/secure.gravatar.com\\\/avatar\\\/51ea6db2c0d04861332fc5a8dff3289a3d5bcfa4493f551d20452ff3f9c5bcbf?s=96&d=mm&r=g\",\"contentUrl\":\"https:\\\/\\\/secure.gravatar.com\\\/avatar\\\/51ea6db2c0d04861332fc5a8dff3289a3d5bcfa4493f551d20452ff3f9c5bcbf?s=96&d=mm&r=g\",\"caption\":\"wpseoai\"},\"url\":\"https:\\\/\\\/www.vdhurk.nl\\\/ro\\\/author\\\/wpseoai\\\/\"}]}<\/script>\n<!-- \/ Yoast SEO plugin. -->","yoast_head_json":{"title":"Ce se \u00eent\u00e2mpl\u0103 cu taxa de drum pentru o dubi\u021b\u0103 comercial\u0103 cu cabin\u0103 dubl\u0103? - Vehicule comerciale Van den Hurk","description":"Pl\u0103ti\u021bi impozit pentru autoturisme sau camionete pentru un taxi dublu? Afla\u021bi cum clasific\u0103 Fiscul \u0219i economisi\u021bi sute de euro \u00een MRB pe an.","robots":{"index":"index","follow":"follow","max-snippet":"max-snippet:-1","max-image-preview":"max-image-preview:large","max-video-preview":"max-video-preview:-1"},"canonical":"https:\/\/www.vdhurk.nl\/ro\/cum-ramane-cu-taxa-de-drum-pentru-o-camioneta-comerciala-cu-cabina-dubla\/","og_locale":"ro_RO","og_type":"article","og_title":"Hoe zit het met de wegenbelasting voor een bedrijfsbus met dubbele cabine? - Van den Hurk Bedrijfswagens","og_description":"Betaal je personenauto- of bestelauto-tarief voor een dubbele cabine? Ontdek hoe de Belastingdienst classificeert en bespaar honderden euro's MRB per jaar.","og_url":"https:\/\/www.vdhurk.nl\/ro\/cum-ramane-cu-taxa-de-drum-pentru-o-camioneta-comerciala-cu-cabina-dubla\/","og_site_name":"Van den Hurk Bedrijfswagens","article_published_time":"2026-04-29T06:00:00+00:00","og_image":[{"width":1024,"height":768,"url":"https:\/\/www.vdhurk.nl\/wp-content\/uploads\/2026\/04\/pickup-truck-zakelijk-documenten-calculator.webp","type":"image\/webp"}],"author":"wpseoai","twitter_card":"summary_large_image","twitter_misc":{"Scris de":"wpseoai","Timp estimat pentru citire":"8 minute"},"schema":{"@context":"https:\/\/schema.org","@graph":[{"@type":"Article","@id":"https:\/\/www.vdhurk.nl\/hoe-zit-het-met-de-wegenbelasting-voor-een-bedrijfsbus-met-dubbele-cabine\/#article","isPartOf":{"@id":"https:\/\/www.vdhurk.nl\/hoe-zit-het-met-de-wegenbelasting-voor-een-bedrijfsbus-met-dubbele-cabine\/"},"author":{"name":"wpseoai","@id":"https:\/\/www.vdhurk.nl\/#\/schema\/person\/04c44f7c3ccbd41cb14ad36749c8db5f"},"headline":"Hoe zit het met de wegenbelasting voor een bedrijfsbus met dubbele cabine?","datePublished":"2026-04-29T06:00:00+00:00","mainEntityOfPage":{"@id":"https:\/\/www.vdhurk.nl\/hoe-zit-het-met-de-wegenbelasting-voor-een-bedrijfsbus-met-dubbele-cabine\/"},"wordCount":1551,"image":{"@id":"https:\/\/www.vdhurk.nl\/hoe-zit-het-met-de-wegenbelasting-voor-een-bedrijfsbus-met-dubbele-cabine\/#primaryimage"},"thumbnailUrl":"https:\/\/www.vdhurk.nl\/wp-content\/uploads\/2026\/04\/pickup-truck-zakelijk-documenten-calculator.webp","articleSection":["SEO"],"inLanguage":"ro-RO"},{"@type":"WebPage","@id":"https:\/\/www.vdhurk.nl\/hoe-zit-het-met-de-wegenbelasting-voor-een-bedrijfsbus-met-dubbele-cabine\/","url":"https:\/\/www.vdhurk.nl\/hoe-zit-het-met-de-wegenbelasting-voor-een-bedrijfsbus-met-dubbele-cabine\/","name":"Ce se \u00eent\u00e2mpl\u0103 cu taxa de drum pentru o dubi\u021b\u0103 comercial\u0103 cu cabin\u0103 dubl\u0103? - Vehicule comerciale Van den Hurk","isPartOf":{"@id":"https:\/\/www.vdhurk.nl\/#website"},"primaryImageOfPage":{"@id":"https:\/\/www.vdhurk.nl\/hoe-zit-het-met-de-wegenbelasting-voor-een-bedrijfsbus-met-dubbele-cabine\/#primaryimage"},"image":{"@id":"https:\/\/www.vdhurk.nl\/hoe-zit-het-met-de-wegenbelasting-voor-een-bedrijfsbus-met-dubbele-cabine\/#primaryimage"},"thumbnailUrl":"https:\/\/www.vdhurk.nl\/wp-content\/uploads\/2026\/04\/pickup-truck-zakelijk-documenten-calculator.webp","datePublished":"2026-04-29T06:00:00+00:00","author":{"@id":"https:\/\/www.vdhurk.nl\/#\/schema\/person\/04c44f7c3ccbd41cb14ad36749c8db5f"},"description":"Pl\u0103ti\u021bi impozit pentru autoturisme sau camionete pentru un taxi dublu? Afla\u021bi cum clasific\u0103 Fiscul \u0219i economisi\u021bi sute de euro \u00een MRB pe an.","breadcrumb":{"@id":"https:\/\/www.vdhurk.nl\/hoe-zit-het-met-de-wegenbelasting-voor-een-bedrijfsbus-met-dubbele-cabine\/#breadcrumb"},"inLanguage":"ro-RO","potentialAction":[{"@type":"ReadAction","target":["https:\/\/www.vdhurk.nl\/hoe-zit-het-met-de-wegenbelasting-voor-een-bedrijfsbus-met-dubbele-cabine\/"]}]},{"@type":"ImageObject","inLanguage":"ro-RO","@id":"https:\/\/www.vdhurk.nl\/hoe-zit-het-met-de-wegenbelasting-voor-een-bedrijfsbus-met-dubbele-cabine\/#primaryimage","url":"https:\/\/www.vdhurk.nl\/wp-content\/uploads\/2026\/04\/pickup-truck-zakelijk-documenten-calculator.webp","contentUrl":"https:\/\/www.vdhurk.nl\/wp-content\/uploads\/2026\/04\/pickup-truck-zakelijk-documenten-calculator.webp","width":1024,"height":768,"caption":"Witte dubbele cabine pickup truck op Nederlands bedrijventerrein met overheidsdocumenten en rekenmachine op de motorkap."},{"@type":"BreadcrumbList","@id":"https:\/\/www.vdhurk.nl\/hoe-zit-het-met-de-wegenbelasting-voor-een-bedrijfsbus-met-dubbele-cabine\/#breadcrumb","itemListElement":[{"@type":"ListItem","position":1,"name":"Home","item":"https:\/\/www.vdhurk.nl\/home\/"},{"@type":"ListItem","position":2,"name":"Hoe zit het met de wegenbelasting voor een bedrijfsbus met dubbele cabine?"}]},{"@type":"WebSite","@id":"https:\/\/www.vdhurk.nl\/#website","url":"https:\/\/www.vdhurk.nl\/","name":"Vehicule comerciale Van den Hurk","description":"Vehicule comerciale Van den Hurk Helmond","potentialAction":[{"@type":"SearchAction","target":{"@type":"EntryPoint","urlTemplate":"https:\/\/www.vdhurk.nl\/?s={search_term_string}"},"query-input":{"@type":"PropertyValueSpecification","valueRequired":true,"valueName":"search_term_string"}}],"inLanguage":"ro-RO"},{"@type":"Person","@id":"https:\/\/www.vdhurk.nl\/#\/schema\/person\/04c44f7c3ccbd41cb14ad36749c8db5f","name":"wpseoai","image":{"@type":"ImageObject","inLanguage":"ro-RO","@id":"https:\/\/secure.gravatar.com\/avatar\/51ea6db2c0d04861332fc5a8dff3289a3d5bcfa4493f551d20452ff3f9c5bcbf?s=96&d=mm&r=g","url":"https:\/\/secure.gravatar.com\/avatar\/51ea6db2c0d04861332fc5a8dff3289a3d5bcfa4493f551d20452ff3f9c5bcbf?s=96&d=mm&r=g","contentUrl":"https:\/\/secure.gravatar.com\/avatar\/51ea6db2c0d04861332fc5a8dff3289a3d5bcfa4493f551d20452ff3f9c5bcbf?s=96&d=mm&r=g","caption":"wpseoai"},"url":"https:\/\/www.vdhurk.nl\/ro\/author\/wpseoai\/"}]}},"_links":{"self":[{"href":"https:\/\/www.vdhurk.nl\/ro\/wp-json\/wp\/v2\/posts\/577201","targetHints":{"allow":["GET"]}}],"collection":[{"href":"https:\/\/www.vdhurk.nl\/ro\/wp-json\/wp\/v2\/posts"}],"about":[{"href":"https:\/\/www.vdhurk.nl\/ro\/wp-json\/wp\/v2\/types\/post"}],"author":[{"embeddable":true,"href":"https:\/\/www.vdhurk.nl\/ro\/wp-json\/wp\/v2\/users\/5"}],"replies":[{"embeddable":true,"href":"https:\/\/www.vdhurk.nl\/ro\/wp-json\/wp\/v2\/comments?post=577201"}],"version-history":[{"count":2,"href":"https:\/\/www.vdhurk.nl\/ro\/wp-json\/wp\/v2\/posts\/577201\/revisions"}],"predecessor-version":[{"id":577481,"href":"https:\/\/www.vdhurk.nl\/ro\/wp-json\/wp\/v2\/posts\/577201\/revisions\/577481"}],"wp:featuredmedia":[{"embeddable":true,"href":"https:\/\/www.vdhurk.nl\/ro\/wp-json\/wp\/v2\/media\/577630"}],"wp:attachment":[{"href":"https:\/\/www.vdhurk.nl\/ro\/wp-json\/wp\/v2\/media?parent=577201"}],"wp:term":[{"taxonomy":"category","embeddable":true,"href":"https:\/\/www.vdhurk.nl\/ro\/wp-json\/wp\/v2\/categories?post=577201"},{"taxonomy":"post_tag","embeddable":true,"href":"https:\/\/www.vdhurk.nl\/ro\/wp-json\/wp\/v2\/tags?post=577201"}],"curies":[{"name":"wp","href":"https:\/\/api.w.org\/{rel}","templated":true}]}}