{"id":577190,"date":"2026-07-16T08:00:00","date_gmt":"2026-07-16T06:00:00","guid":{"rendered":"https:\/\/www.vdhurk.nl\/?p=577190"},"modified":"2026-04-14T13:51:22","modified_gmt":"2026-04-14T11:51:22","slug":"cat-costa-o-duba-de-serviciu-cu-cabina-dubla","status":"publish","type":"post","link":"https:\/\/www.vdhurk.nl\/ro\/wat-kost-een-bedrijfsbus-met-dubbele-cabine\/","title":{"rendered":"C\u00e2t cost\u0103 o dub\u0103 de serviciu cu cabin\u0103 dubl\u0103?"},"content":{"rendered":"<p class=\"wp-block-paragraph\">O dub\u0103 de serviciu cu cabin\u0103 dubl\u0103 este o alegere popular\u0103 pentru antreprenorii care doresc s\u0103 transporte at\u00e2t persoane, c\u00e2t \u0219i materiale. Fie c\u0103 lucrezi \u00een construc\u021bii, conduci o firm\u0103 de amenajare a spa\u021biilor verzi sau activezi \u00een domeniul logisticii: acest tip de vehicul ofer\u0103 o combina\u021bie inteligent\u0103 \u00eentre spa\u021biul de \u00eenc\u0103rcare \u0219i locurile pentru pasageri. Dar c\u00e2t cost\u0103 de fapt o astfel de dub\u0103 de serviciu cu cabin\u0103 dubl\u0103 \u0219i la ce trebuie s\u0103 fii atent?<\/p>\n\n\n\n<p class=\"wp-block-paragraph\">\u00cen acest articol r\u0103spundem la cele mai frecvente \u00eentreb\u0103ri privind achizi\u021bia, leasingul \u0219i costurile unei autoutilitare cu cabin\u0103 dubl\u0103. De la modele second-hand la modele noi \u0219i de la finan\u021bare la op\u021biuni electrice: dup\u0103 ce vei citi articolul, vei \u0219ti exact la ce s\u0103 te a\u0219tep\u021bi.<\/p>\n\n\n\n<h2 class=\"wp-block-heading\">Ce este un autobuz de companie cu cabin\u0103 dubl\u0103?<\/h2>\n\n\n\n<p class=\"wp-block-paragraph\">O dub\u0103 de serviciu cu cabin\u0103 dubl\u0103 este o dub\u0103 sau un camion u\u0219or, dotat cu dou\u0103 r\u00e2nduri de scaune \u0219i un spa\u021biu de \u00eenc\u0103rcare deschis sau \u00eenchis \u00een spatele cabinei. Acest tip de vehicul poate transporta cinci sau \u0219ase persoane \u0219i ofer\u0103 o capacitate de \u00eenc\u0103rcare suficient\u0103 pentru scule, materiale sau m\u0103rfuri.<\/p>\n\n\n\n<p class=\"wp-block-paragraph\">Diferen\u021ba fa\u021b\u0103 de o dub\u0103 standard const\u0103 \u00een r\u00e2ndul suplimentar de scaune. \u00cen timp ce o dub\u0103 obi\u0219nuit\u0103 are, de obicei, cel mult trei locuri, cabina dubl\u0103 ofer\u0103 spa\u021biu pentru o \u00eentreag\u0103 echip\u0103. Acest lucru face ca vehiculul s\u0103 fie deosebit de potrivit pentru echipele care se deplaseaz\u0103 \u00eempreun\u0103 la locul de munc\u0103, f\u0103r\u0103 a fi nevoie de o ma\u0219in\u0103 de pasageri separat\u0103.<\/p>\n\n\n\n<h3 class=\"wp-block-heading\">Ce variante exist\u0103?<\/h3>\n\n\n\n<p class=\"wp-block-paragraph\">Autobuzele de serviciu cu cabin\u0103 dubl\u0103 sunt disponibile \u00een diferite variante. Cele mai comune variante sunt:<\/p>\n\n\n\n<ul class=\"wp-block-list\">\n <li><strong>Pickup cu cabin\u0103 dubl\u0103:<\/strong> ben\u0103 deschis\u0103, popular\u0103 \u00een sectorul construc\u021biilor \u0219i \u00een agricultur\u0103<\/li>\n <li><strong>Furgonet\u0103 \u00eenchis\u0103 cu cabin\u0103 dubl\u0103:<\/strong> spa\u021biu de \u00eenc\u0103rcare complet \u00eenchis, potrivit pentru m\u0103rfuri de valoare<\/li>\n <li><strong>Camion cu ben\u0103 basculant\u0103 cu cabin\u0103 dubl\u0103:<\/strong> ben\u0103 basculant\u0103, ideal\u0103 pentru lucr\u0103ri de terasament \u0219i demolare<\/li>\n <li><strong>Camion frigorific cu cabin\u0103 dubl\u0103:<\/strong> spa\u021biu de \u00eenc\u0103rcare refrigerat pentru m\u0103rfuri sensibile la temperatur\u0103<\/li>\n<\/ul>\n\n\n\n<p class=\"wp-block-paragraph\">Alegerea unui model anume depinde \u00een mare m\u0103sur\u0103 de domeniul \u00een care activezi \u0219i de utilizarea zilnic\u0103. G\u00e2nde\u0219te-te bine la ce transporti cel mai des \u0219i c\u00e2\u021bi colegi vor trebui s\u0103 c\u0103l\u0103toreasc\u0103 cu acesta, deoarece aceste aspecte determin\u0103 tipul care \u021bi se potrive\u0219te cel mai bine.<\/p>\n\n\n\n<h2 class=\"wp-block-heading\">Ce factori determin\u0103 pre\u021bul unui microbuz de serviciu cu cabin\u0103 dubl\u0103?<\/h2>\n\n\n\n<p class=\"wp-block-paragraph\">Pre\u021bul unui microbuz de serviciu cu cabin\u0103 dubl\u0103 este determinat de o combina\u021bie de factori: marca \u0219i modelul, vechimea \u0219i kilometrajul, versiunea, motorul \u0219i tipul de combustibil, precum \u0219i eventualele op\u021biuni suplimentare sau dot\u0103ri. Toate aceste elemente \u00eempreun\u0103 determin\u0103 pre\u021bul final de achizi\u021bie.<\/p>\n\n\n\n<p class=\"wp-block-paragraph\">\u00cen continuare, prezent\u0103m principalii factori care determin\u0103 pre\u021bul:<\/p>\n\n\n\n<ul class=\"wp-block-list\">\n <li><strong>Marc\u0103 \u0219i model:<\/strong> M\u0103rci precum Mercedes-Benz, Volkswagen, Ford \u0219i Toyota au o valoare rezidual\u0103 mai mare \u0219i, adesea, \u0219i un pre\u021b de achizi\u021bie mai ridicat dec\u00e2t m\u0103rcile mai pu\u021bin cunoscute.<\/li>\n <li><strong>V\u00e2rsta \u0219i kilometrajul:<\/strong> Un vehicul vechi de cinci ani, cu un kilometraj ridicat, este, desigur, mai ieftin dec\u00e2t un model recent cu pu\u021bini kilometri.<\/li>\n <li><strong>Transmisie:<\/strong> Motorina r\u0103m\u00e2ne \u00een continuare cea mai r\u0103sp\u00e2ndit\u0103, dar autovehiculele utilitare electrice c\u00e2\u0219tig\u0103 tot mai mult\u0103 popularitate. O variant\u0103 electric\u0103 are un pre\u021b de achizi\u021bie mai ridicat, dar costuri de exploatare mai mici.<\/li>\n <li><strong>Capacitate de \u00eenc\u0103rcare \u0219i clasa de greutate:<\/strong> Vehiculele mai grele, cu o capacitate de \u00eenc\u0103rcare mai mare, cost\u0103 mai mult dec\u00e2t variantele mai u\u0219oare.<\/li>\n <li><strong>Op\u021biuni suplimentare \u0219i dot\u0103ri:<\/strong> G\u00e2ndi\u021bi-v\u0103 la c\u0103ptu\u0219eala ben\u0103, un c\u00e2rlig de remorcare, paravane laterale, sistem de naviga\u021bie sau un echipament specific pentru activitatea companiei. Acestea pot cre\u0219te considerabil pre\u021bul.<\/li>\n<\/ul>\n\n\n\n<p class=\"wp-block-paragraph\">Pe l\u00e2ng\u0103 pre\u021bul de achizi\u021bie, \u0219i costurile de exploatare joac\u0103 un rol important. Este vorba, de exemplu, de combustibil sau energie, \u00eentre\u021binere, asigurare \u0219i taxa de drum. Tocmai pentru \u0219oferii care utilizeaz\u0103 ma\u0219ina \u00een scop profesional este recomandabil s\u0103 calculeze costurile totale de proprietate pe o perioad\u0103 de mai mul\u021bi ani \u0219i s\u0103 nu se limiteze doar la pre\u021bul de achizi\u021bie.<\/p>\n\n\n\n<h2 class=\"wp-block-heading\">C\u00e2t cost\u0103 o dub\u0103 de serviciu second-hand cu cabin\u0103 dubl\u0103?<\/h2>\n\n\n\n<p class=\"wp-block-paragraph\">O dub\u0103 de serviciu second-hand cu cabin\u0103 dubl\u0103 cost\u0103, \u00een medie, \u00eentre 10.000 \u0219i 35.000 de euro, \u00een func\u021bie de vechime, kilometraj, marc\u0103 \u0219i starea de \u00eentre\u021binere. Modelele mai noi, cu un kilometraj redus, se situeaz\u0103 \u00een partea superioar\u0103 a acestui interval; vehiculele mai vechi sau cele cu un kilometraj ridicat sunt considerabil mai ieftine.<\/p>\n\n\n\n<p class=\"wp-block-paragraph\">Pentru antreprenorii care aleg \u00een mod con\u0219tient s\u0103 cumpere un vehicul second-hand <a href=\"https:\/\/www.vdhurk.nl\/ro\/vehicule-comerciale\/cabina-dubla\/\">furgonet\u0103 comercial\u0103 cu cabin\u0103 dubl\u0103<\/a>, aceasta este o op\u021biune atractiv\u0103. Economise\u0219ti la achizi\u021bie \u0219i evi\u021bi sc\u0103derea rapid\u0103 a valorii pe care o sufer\u0103 vehiculele noi \u00een primii ani.<\/p>\n\n\n\n<h3 class=\"wp-block-heading\">Care sunt intervalele de pre\u021b realiste pentru fiecare segment?<\/h3>\n\n\n\n<p class=\"wp-block-paragraph\">Pentru a-\u021bi oferi o imagine mai clar\u0103, iat\u0103 o prezentare general\u0103 a ceea ce te po\u021bi a\u0219tepta pe pia\u021ba de produse second-hand:<\/p>\n\n\n\n<ul class=\"wp-block-list\">\n <li><strong>Buget (p\u00e2n\u0103 la 15.000 de euro):<\/strong> Vehicule cu o vechime de peste opt ani \u0219i un kilometraj ridicat. Potrivite ca solu\u021bie temporar\u0103 sau pentru o utilizare u\u0219oar\u0103.<\/li>\n <li><strong>Clasa de mijloc (\u00eentre 15.000 \u0219i 25.000 de euro):<\/strong> Vehicule cu o vechime \u00eentre trei \u0219i \u0219apte ani, cu un kilometraj rezonabil. Un raport bun \u00eentre pre\u021b \u0219i calitate.<\/li>\n <li><strong>De clas\u0103 superioar\u0103, second-hand (25.000 \u2013 35.000 de euro):<\/strong> Ma\u0219ini second-hand recente, cu o vechime de unul sau doi ani, cu un kilometraj redus. Calitate aproape ca a ma\u0219inilor noi, la un pre\u021b mai mic dec\u00e2t cel al ma\u0219inilor noi.<\/li>\n<\/ul>\n\n\n\n<p class=\"wp-block-paragraph\">Atunci c\u00e2nd achizi\u021biona\u021bi o dub\u0103 de serviciu second-hand, asigura\u021bi-v\u0103 \u00eentotdeauna c\u0103 solicita\u021bi istoricul \u00eentre\u021binerii \u0219i c\u0103 vehiculul este inspectat de un specialist. Un pre\u021b de achizi\u021bie sc\u0103zut poate fi rapid anulat de costurile ridicate de repara\u021bii, dac\u0103 vehiculul a fost \u00eentre\u021binut necorespunz\u0103tor.<\/p>\n\n\n\n<h2 class=\"wp-block-heading\">C\u00e2t cost\u0103 o dub\u0103 de serviciu nou\u0103 cu cabin\u0103 dubl\u0103?<\/h2>\n\n\n\n<p class=\"wp-block-paragraph\">O autoutilitar\u0103 nou\u0103 cu cabin\u0103 dubl\u0103 cost\u0103, de obicei, \u00eentre 30.000 \u0219i 70.000 de euro, f\u0103r\u0103 TVA. Pre\u021bul variaz\u0103 semnificativ \u00een func\u021bie de marc\u0103, motorizare \u0219i versiune. Modelele electrice se situeaz\u0103 \u00een partea superioar\u0103 a acestui interval de pre\u021buri, dar sunt eligibile pentru subven\u021bii \u0219i avantaje fiscale.<\/p>\n\n\n\n<p class=\"wp-block-paragraph\">La achizi\u021bionarea unui vehicul nou, beneficiezi de garan\u021bia de fabric\u0103, de cele mai noi tehnologii de siguran\u021b\u0103 \u0219i de un risc redus de a suporta costuri neprev\u0103zute de repara\u021bii \u00een primii ani. Acest lucru face ca o autoutilitar\u0103 nou\u0103 cu cabin\u0103 dubl\u0103 s\u0103 fie o op\u021biune atractiv\u0103 pentru companiile care acord\u0103 o importan\u021b\u0103 deosebit\u0103 siguran\u021bei \u0219i fiabilit\u0103\u021bii.<\/p>\n\n\n\n<h3 class=\"wp-block-heading\">Autobuzul electric de serviciu cu cabin\u0103 dubl\u0103: c\u00e2t cost\u0103?<\/h3>\n\n\n\n<p class=\"wp-block-paragraph\"><a href=\"https:\/\/www.vdhurk.nl\/ro\/vehicule-comerciale\/electric\/\">Variante electrice<\/a> Pre\u021bul de achizi\u021bie al unui microbuz de serviciu cu cabin\u0103 dubl\u0103 variaz\u0103 cu u\u0219urin\u021b\u0103 \u00eentre 50.000 \u0219i 80.000 de euro. Este o investi\u021bie considerabil\u0103, dar costurile totale de exploatare pe \u00eentreaga durat\u0103 de via\u021b\u0103 a vehiculului sunt adesea mai mici, datorit\u0103 costurilor reduse de energie \u0219i \u00eentre\u021binere.<\/p>\n\n\n\n<p class=\"wp-block-paragraph\">\u00cen plus, pentru \u0219oferii de afaceri, leasingul sau achizi\u021bionarea unui autovehicul electric de serviciu ofer\u0103 avantaje fiscale. Printre acestea se num\u0103r\u0103 o cot\u0103 de impozitare mai mic\u0103, scutirea de taxa auto \u0219i posibile subven\u021bii prin programe precum MIA \u0219i Vamil. Este recomandabil s\u0103 iei \u00een calcul aceste avantaje \u00eenainte de a lua o decizie.<\/p>\n\n\n\n<h2 class=\"wp-block-heading\">Care sunt costurile \u00eenchirierea unui microbuz de serviciu cu cabin\u0103 dubl\u0103?<\/h2>\n\n\n\n<p class=\"wp-block-paragraph\">Costurile lunare de leasing pentru o dub\u0103 de serviciu cu cabin\u0103 dubl\u0103 se situeaz\u0103, \u00een medie, \u00eentre 500 \u0219i 1.200 de euro pe lun\u0103 \u00een cazul leasingului financiar \u0219i \u00eentre 700 \u0219i 1.500 de euro pe lun\u0103 \u00een cazul leasingului opera\u021bional. Suma exact\u0103 depinde de durata contractului, de num\u0103rul de kilometri pe an, de vehicul \u0219i de serviciile alese.<\/p>\n\n\n\n<p class=\"wp-block-paragraph\">Pentru mul\u021bi antreprenori, leasingul reprezint\u0103 o alternativ\u0103 atractiv\u0103 la achizi\u021bia direct\u0103. \u00ce\u021bi p\u0103strezi capitalul circulant, ai cheltuieli lunare previzibile \u0219i, \u00een cazul leasingului opera\u021bional, po\u021bi include \u00eentre\u021binerea \u0219i asigurarea \u00een suma lunar\u0103.<\/p>\n\n\n\n<h3 class=\"wp-block-heading\">Leasing financiar sau leasing opera\u021bional: care este diferen\u021ba?<\/h3>\n\n\n\n<p class=\"wp-block-paragraph\">La <strong>leasing financiar<\/strong> Finan\u021bezi achizi\u021bia vehiculului prin rate lunare. La sf\u00e2r\u0219itul perioadei de creditare, devii proprietarul acestuia. Acest sistem este similar cu un \u00eemprumut \u0219i \u00ee\u021bi ofer\u0103 controlul deplin asupra vehiculului.<\/p>\n\n\n\n<p class=\"wp-block-paragraph\">La <strong>leasing opera\u021bional<\/strong> \u00cenchiria\u021bi vehiculul pentru o perioad\u0103 determinat\u0103 \u0219i \u00eel returna\u021bi la sf\u00e2r\u0219itul perioadei de \u00eenchiriere. \u00centre\u021binerea, asigurarea \u0219i, uneori, chiar \u0219i anvelopele sunt adesea incluse \u00een rata lunar\u0103. Acest lucru v\u0103 ofer\u0103 o lini\u0219te maxim\u0103 \u0219i claritate \u00een ceea ce prive\u0219te costurile lunare.<\/p>\n\n\n\n<p class=\"wp-block-paragraph\">Pentru liber-profesioni\u0219ti \u0219i \u00eentreprinderile mici \u0219i mijlocii care doresc flexibilitate \u0219i costuri transparente, leasingul opera\u021bional este adesea cea mai practic\u0103 op\u021biune. Dac\u0103 dori\u021bi s\u0103 deveni\u021bi proprietarul vehiculului \u00een cele din urm\u0103 \u0219i dispune\u021bi de un flux de numerar stabil, atunci leasingul financiar sau achizi\u021bia direct\u0103 pot fi mai avantajoase pe termen lung.<\/p>\n\n\n\n<h3 class=\"wp-block-heading\">Leasingul autovehiculelor electrice de serviciu: avantaje suplimentare<\/h3>\n\n\n\n<p class=\"wp-block-paragraph\">\u00cen cazul \u00eenchirierii unui autovehicul electric de serviciu, se aplic\u0103 avantaje fiscale suplimentare. Valoarea impozabil\u0103 pentru vehiculele electrice este mai mic\u0103 dec\u00e2t cea pentru vehiculele care func\u021bioneaz\u0103 cu combustibili fosili, ceea ce este deosebit de relevant \u00een cazul \u00een care autovehiculul este utilizat \u0219i \u00een scopuri personale. Acest lucru face ca \u00eenchirierea unui autovehicul electric de serviciu s\u0103 fie o op\u021biune interesant\u0103 din punct de vedere financiar pentru mul\u021bi \u0219oferi de afaceri.<\/p>\n\n\n\n<h2 class=\"wp-block-heading\">La ce ar trebui s\u0103 fi\u021bi aten\u021bi atunci c\u00e2nd cump\u0103ra\u021bi o dubi\u021b\u0103 comercial\u0103 cu cabin\u0103 dubl\u0103?<\/h2>\n\n\n\n<p class=\"wp-block-paragraph\">Atunci c\u00e2nd achizi\u021bionezi o dub\u0103 utilitar\u0103 cu cabin\u0103 dubl\u0103, trebuie s\u0103 \u021bii cont de starea caroseriei \u0219i de \u00eentre\u021binere, de capacitatea de \u00eenc\u0103rcare \u00een raport cu nevoile tale, de experien\u021ba la volan \u0219i de confortul pentru mai mul\u021bi pasageri, precum \u0219i de disponibilitatea pieselor de schimb \u0219i a serviciilor de service. O preg\u0103tire temeinic\u0103 previne surprizele nepl\u0103cute \u0219i costisitoare ulterioare.<\/p>\n\n\n\n<p class=\"wp-block-paragraph\">Mai jos sunt enumerate cele mai importante aspecte de luat \u00een considerare:<\/p>\n\n\n\n<ul class=\"wp-block-list\">\n <li><strong>Istoric \u00eentre\u021binere:<\/strong> Solicita\u021bi \u00eentotdeauna carnetul de service \u0219i verifica\u021bi dac\u0103 vehiculul a fost \u00eentre\u021binut periodic de o firm\u0103 autorizat\u0103.<\/li>\n <li><strong>Caroseria \u0219i formarea ruginii:<\/strong> Vehiculele de serviciu sunt supuse unor solicit\u0103ri intense. Verifica\u021bi partea inferioar\u0103, pasajele ro\u021bilor \u0219i platforma de \u00eenc\u0103rcare pentru a depista eventualele urme de rugin\u0103 sau uzur\u0103.<\/li>\n <li><strong>Capacitate de \u00eenc\u0103rcare \u0219i greutate tractabil\u0103:<\/strong> Asigur\u0103-te c\u0103 vehiculul poate suporta greutatea pe care o transpor\u021bi zilnic. Supra\u00eenc\u0103rcarea nu este doar periculoas\u0103, ci \u0219i costisitoare \u00een cazul unui control.<\/li>\n <li><strong>Tipul de combustibil \u0219i standardele de emisii:<\/strong> \u00cen tot mai multe ora\u0219e sunt instituite zone ecologice. Verific\u0103 dac\u0103 vehiculul respect\u0103 normele \u00een vigoare \u00een zona ta de activitate.<\/li>\n <li><strong>Confortul la \u0219ezut \u0219i ergonomia:<\/strong> Dac\u0103 angaja\u021bii t\u0103i c\u0103l\u0103toresc zilnic cu ma\u0219ina, confortul celui de-al doilea r\u00e2nd de scaune este un aspect important. Testeaz\u0103 acest aspect \u00een timpul unui test drive.<\/li>\n <li><strong>Garan\u021bie \u0219i servicii post-v\u00e2nzare:<\/strong> Atunci c\u00e2nd achizi\u021bionezi de la un distribuitor specializat, ai adesea mai mult\u0103 siguran\u021b\u0103 \u00een ceea ce prive\u0219te garan\u021bia \u0219i serviciile post-v\u00e2nzare dec\u00e2t \u00een cazul unei v\u00e2nz\u0103ri \u00eentre persoane fizice.<\/li>\n<\/ul>\n\n\n\n<p class=\"wp-block-paragraph\">Acord\u0103-\u021bi timp s\u0103 compari mai multe vehicule \u0219i cere sfatul unei persoane avizate. O alegere bun\u0103 acum \u00ee\u021bi va economisi mai t\u00e2rziu multe cheltuieli \u0219i griji.<\/p>\n\n\n\n<h2 class=\"wp-block-heading\">Cum te ajut\u0103m s\u0103 g\u0103se\u0219ti autoutilitarul potrivit cu cabin\u0103 dubl\u0103<\/h2>\n\n\n\n<p class=\"wp-block-paragraph\">Cu o experien\u021b\u0103 de peste 60 de ani \u00een v\u00e2nzarea \u0219i leasingul de autovehicule comerciale, \u00eei ajut\u0103m zilnic pe antreprenori s\u0103 fac\u0103 alegerea potrivit\u0103. Fie c\u0103 sunte\u021bi \u00een c\u0103utarea unui model second-hand la un pre\u021b accesibil, a unei autoutilitare noi cu cabin\u0103 dubl\u0103 sau a unei solu\u021bii flexibile de leasing: v\u0103 oferim sprijin \u0219i sfaturi sincere, f\u0103r\u0103 costuri ascunse.<\/p>\n\n\n\n<p class=\"wp-block-paragraph\">Iat\u0103 ce putem face pentru dvs:<\/p>\n\n\n\n<ul class=\"wp-block-list\">\n <li>O gam\u0103 larg\u0103 \u0219i variat\u0103 de microbuze comerciale cu cabin\u0103 dubl\u0103, inclusiv variante electrice<\/li>\n <li>Consiliere personalizat\u0103 privind achizi\u021bia, leasingul financiar sau leasingul opera\u021bional, adaptat\u0103 situa\u021biei tale<\/li>\n <li>Pre\u021buri transparente \u0219i contracte clare, f\u0103r\u0103 clauze ascunse<\/li>\n <li>Un serviciu de notificare privind stocul, astfel \u00eenc\u00e2t s\u0103 fii primul care afl\u0103 despre noile produse sosite care corespund preferin\u021belor tale<\/li>\n <li>Expertiz\u0103 regional\u0103 \u00een zona Helmond \u0219i Brabantul de Nord<\/li>\n<\/ul>\n\n\n\n<p class=\"wp-block-paragraph\">Vrei s\u0103 afli care autoutilitar\u0103 cu cabin\u0103 dubl\u0103 se potrive\u0219te cel mai bine companiei tale? Atunci contacteaz\u0103-ne pentru o discu\u021bie f\u0103r\u0103 obliga\u021bii sau consult\u0103 oferta noastr\u0103 <a href=\"https:\/\/www.vdhurk.nl\/ro\/vehicule-comerciale\/\">oferta actual\u0103 de vehicule comerciale<\/a> online. Suntem gata s\u0103 te ajut\u0103m.<\/p>","protected":false},"excerpt":{"rendered":"<p>C\u00e2t cost\u0103 o dub\u0103 de serviciu cu cabin\u0103 dubl\u0103? Pre\u021buri, costuri de leasing \u0219i sfaturi de achizi\u021bie pentru antreprenori, prezentate pe scurt.<\/p>","protected":false},"author":5,"featured_media":577564,"comment_status":"closed","ping_status":"closed","sticky":false,"template":"","format":"standard","meta":{"_acf_changed":false,"footnotes":""},"categories":[1],"tags":[],"class_list":["post-577190","post","type-post","status-publish","format-standard","has-post-thumbnail","hentry","category-seo"],"acf":[],"yoast_head":"<!-- This site is optimized with the Yoast SEO plugin v28.3 - https:\/\/yoast.com\/product\/yoast-seo-wordpress\/ -->\n<title>Wat kost een bedrijfsbus met dubbele cabine? - Van den Hurk Bedrijfswagens<\/title>\n<meta name=\"description\" content=\"Bedrijfsbus met dubbele cabine kopen of leasen? Ontdek actuele prijzen, van \u20ac10.000 gebruikt tot \u20ac80.000 elektrisch, en maak de juiste keuze.\" \/>\n<meta name=\"robots\" content=\"index, follow, max-snippet:-1, max-image-preview:large, max-video-preview:-1\" \/>\n<link rel=\"canonical\" href=\"https:\/\/www.vdhurk.nl\/ro\/cat-costa-o-duba-de-serviciu-cu-cabina-dubla\/\" \/>\n<meta property=\"og:locale\" content=\"ro_RO\" \/>\n<meta property=\"og:type\" content=\"article\" \/>\n<meta property=\"og:title\" content=\"Wat kost een bedrijfsbus met dubbele cabine? - Van den Hurk Bedrijfswagens\" \/>\n<meta property=\"og:description\" content=\"Bedrijfsbus met dubbele cabine kopen of leasen? Ontdek actuele prijzen, van \u20ac10.000 gebruikt tot \u20ac80.000 elektrisch, en maak de juiste keuze.\" \/>\n<meta property=\"og:url\" content=\"https:\/\/www.vdhurk.nl\/ro\/cat-costa-o-duba-de-serviciu-cu-cabina-dubla\/\" \/>\n<meta property=\"og:site_name\" content=\"Van den Hurk Bedrijfswagens\" \/>\n<meta property=\"article:published_time\" content=\"2026-07-16T06:00:00+00:00\" \/>\n<meta property=\"og:image\" content=\"https:\/\/www.vdhurk.nl\/wp-content\/uploads\/2026\/04\/dubbele-cabine-bestelwagen-industrieel-terrein.webp\" \/>\n\t<meta property=\"og:image:width\" content=\"1024\" \/>\n\t<meta property=\"og:image:height\" content=\"768\" \/>\n\t<meta property=\"og:image:type\" content=\"image\/webp\" \/>\n<meta name=\"author\" content=\"wpseoai\" \/>\n<meta name=\"twitter:card\" content=\"summary_large_image\" \/>\n<meta name=\"twitter:label1\" content=\"Scris de\" \/>\n\t<meta name=\"twitter:data1\" content=\"wpseoai\" \/>\n\t<meta name=\"twitter:label2\" content=\"Timp estimat pentru citire\" \/>\n\t<meta name=\"twitter:data2\" content=\"8 minute\" \/>\n<script type=\"application\/ld+json\" class=\"yoast-schema-graph\">{\"@context\":\"https:\\\/\\\/schema.org\",\"@graph\":[{\"@type\":\"Article\",\"@id\":\"https:\\\/\\\/www.vdhurk.nl\\\/wat-kost-een-bedrijfsbus-met-dubbele-cabine\\\/#article\",\"isPartOf\":{\"@id\":\"https:\\\/\\\/www.vdhurk.nl\\\/wat-kost-een-bedrijfsbus-met-dubbele-cabine\\\/\"},\"author\":{\"name\":\"wpseoai\",\"@id\":\"https:\\\/\\\/www.vdhurk.nl\\\/#\\\/schema\\\/person\\\/04c44f7c3ccbd41cb14ad36749c8db5f\"},\"headline\":\"Wat kost een bedrijfsbus met dubbele cabine?\",\"datePublished\":\"2026-07-16T06:00:00+00:00\",\"mainEntityOfPage\":{\"@id\":\"https:\\\/\\\/www.vdhurk.nl\\\/wat-kost-een-bedrijfsbus-met-dubbele-cabine\\\/\"},\"wordCount\":1621,\"image\":{\"@id\":\"https:\\\/\\\/www.vdhurk.nl\\\/wat-kost-een-bedrijfsbus-met-dubbele-cabine\\\/#primaryimage\"},\"thumbnailUrl\":\"https:\\\/\\\/www.vdhurk.nl\\\/wp-content\\\/uploads\\\/2026\\\/04\\\/dubbele-cabine-bestelwagen-industrieel-terrein.webp\",\"articleSection\":[\"SEO\"],\"inLanguage\":\"ro-RO\"},{\"@type\":\"WebPage\",\"@id\":\"https:\\\/\\\/www.vdhurk.nl\\\/wat-kost-een-bedrijfsbus-met-dubbele-cabine\\\/\",\"url\":\"https:\\\/\\\/www.vdhurk.nl\\\/wat-kost-een-bedrijfsbus-met-dubbele-cabine\\\/\",\"name\":\"Wat kost een bedrijfsbus met dubbele cabine? - Van den Hurk Bedrijfswagens\",\"isPartOf\":{\"@id\":\"https:\\\/\\\/www.vdhurk.nl\\\/#website\"},\"primaryImageOfPage\":{\"@id\":\"https:\\\/\\\/www.vdhurk.nl\\\/wat-kost-een-bedrijfsbus-met-dubbele-cabine\\\/#primaryimage\"},\"image\":{\"@id\":\"https:\\\/\\\/www.vdhurk.nl\\\/wat-kost-een-bedrijfsbus-met-dubbele-cabine\\\/#primaryimage\"},\"thumbnailUrl\":\"https:\\\/\\\/www.vdhurk.nl\\\/wp-content\\\/uploads\\\/2026\\\/04\\\/dubbele-cabine-bestelwagen-industrieel-terrein.webp\",\"datePublished\":\"2026-07-16T06:00:00+00:00\",\"author\":{\"@id\":\"https:\\\/\\\/www.vdhurk.nl\\\/#\\\/schema\\\/person\\\/04c44f7c3ccbd41cb14ad36749c8db5f\"},\"description\":\"Bedrijfsbus met dubbele cabine kopen of leasen? Ontdek actuele prijzen, van \u20ac10.000 gebruikt tot \u20ac80.000 elektrisch, en maak de juiste keuze.\",\"breadcrumb\":{\"@id\":\"https:\\\/\\\/www.vdhurk.nl\\\/wat-kost-een-bedrijfsbus-met-dubbele-cabine\\\/#breadcrumb\"},\"inLanguage\":\"ro-RO\",\"potentialAction\":[{\"@type\":\"ReadAction\",\"target\":[\"https:\\\/\\\/www.vdhurk.nl\\\/wat-kost-een-bedrijfsbus-met-dubbele-cabine\\\/\"]}]},{\"@type\":\"ImageObject\",\"inLanguage\":\"ro-RO\",\"@id\":\"https:\\\/\\\/www.vdhurk.nl\\\/wat-kost-een-bedrijfsbus-met-dubbele-cabine\\\/#primaryimage\",\"url\":\"https:\\\/\\\/www.vdhurk.nl\\\/wp-content\\\/uploads\\\/2026\\\/04\\\/dubbele-cabine-bestelwagen-industrieel-terrein.webp\",\"contentUrl\":\"https:\\\/\\\/www.vdhurk.nl\\\/wp-content\\\/uploads\\\/2026\\\/04\\\/dubbele-cabine-bestelwagen-industrieel-terrein.webp\",\"width\":1024,\"height\":768,\"caption\":\"Dubbele cabine bestelwagen geparkeerd op industrieel terrein, gefotografeerd vanuit laag voorhoekperspectief in warm middaglicht.\"},{\"@type\":\"BreadcrumbList\",\"@id\":\"https:\\\/\\\/www.vdhurk.nl\\\/wat-kost-een-bedrijfsbus-met-dubbele-cabine\\\/#breadcrumb\",\"itemListElement\":[{\"@type\":\"ListItem\",\"position\":1,\"name\":\"Home\",\"item\":\"https:\\\/\\\/www.vdhurk.nl\\\/home\\\/\"},{\"@type\":\"ListItem\",\"position\":2,\"name\":\"Wat kost een bedrijfsbus met dubbele cabine?\"}]},{\"@type\":\"WebSite\",\"@id\":\"https:\\\/\\\/www.vdhurk.nl\\\/#website\",\"url\":\"https:\\\/\\\/www.vdhurk.nl\\\/\",\"name\":\"Van den Hurk Bedrijfswagens\",\"description\":\"Van den Hurk bedrijfswagens Helmond\",\"potentialAction\":[{\"@type\":\"SearchAction\",\"target\":{\"@type\":\"EntryPoint\",\"urlTemplate\":\"https:\\\/\\\/www.vdhurk.nl\\\/?s={search_term_string}\"},\"query-input\":{\"@type\":\"PropertyValueSpecification\",\"valueRequired\":true,\"valueName\":\"search_term_string\"}}],\"inLanguage\":\"ro-RO\"},{\"@type\":\"Person\",\"@id\":\"https:\\\/\\\/www.vdhurk.nl\\\/#\\\/schema\\\/person\\\/04c44f7c3ccbd41cb14ad36749c8db5f\",\"name\":\"wpseoai\",\"image\":{\"@type\":\"ImageObject\",\"inLanguage\":\"ro-RO\",\"@id\":\"https:\\\/\\\/secure.gravatar.com\\\/avatar\\\/51ea6db2c0d04861332fc5a8dff3289a3d5bcfa4493f551d20452ff3f9c5bcbf?s=96&d=mm&r=g\",\"url\":\"https:\\\/\\\/secure.gravatar.com\\\/avatar\\\/51ea6db2c0d04861332fc5a8dff3289a3d5bcfa4493f551d20452ff3f9c5bcbf?s=96&d=mm&r=g\",\"contentUrl\":\"https:\\\/\\\/secure.gravatar.com\\\/avatar\\\/51ea6db2c0d04861332fc5a8dff3289a3d5bcfa4493f551d20452ff3f9c5bcbf?s=96&d=mm&r=g\",\"caption\":\"wpseoai\"},\"url\":\"https:\\\/\\\/www.vdhurk.nl\\\/ro\\\/author\\\/wpseoai\\\/\"}]}<\/script>\n<!-- \/ Yoast SEO plugin. -->","yoast_head_json":{"title":"C\u00e2t cost\u0103 o dub\u0103 utilitar\u0103 cu cabin\u0103 dubl\u0103? - Van den Hurk Vehicule utilitare","description":"S\u0103 cumperi sau s\u0103 iei \u00een leasing o dub\u0103 utilitar\u0103 cu cabin\u0103 dubl\u0103? Descoper\u0103 pre\u021burile actuale, de la 10.000 \u20ac pentru un model second-hand p\u00e2n\u0103 la 80.000 \u20ac pentru unul electric, \u0219i ia decizia potrivit\u0103.","robots":{"index":"index","follow":"follow","max-snippet":"max-snippet:-1","max-image-preview":"max-image-preview:large","max-video-preview":"max-video-preview:-1"},"canonical":"https:\/\/www.vdhurk.nl\/ro\/cat-costa-o-duba-de-serviciu-cu-cabina-dubla\/","og_locale":"ro_RO","og_type":"article","og_title":"Wat kost een bedrijfsbus met dubbele cabine? - Van den Hurk Bedrijfswagens","og_description":"Bedrijfsbus met dubbele cabine kopen of leasen? Ontdek actuele prijzen, van \u20ac10.000 gebruikt tot \u20ac80.000 elektrisch, en maak de juiste keuze.","og_url":"https:\/\/www.vdhurk.nl\/ro\/cat-costa-o-duba-de-serviciu-cu-cabina-dubla\/","og_site_name":"Van den Hurk Bedrijfswagens","article_published_time":"2026-07-16T06:00:00+00:00","og_image":[{"width":1024,"height":768,"url":"https:\/\/www.vdhurk.nl\/wp-content\/uploads\/2026\/04\/dubbele-cabine-bestelwagen-industrieel-terrein.webp","type":"image\/webp"}],"author":"wpseoai","twitter_card":"summary_large_image","twitter_misc":{"Scris de":"wpseoai","Timp estimat pentru citire":"8 minute"},"schema":{"@context":"https:\/\/schema.org","@graph":[{"@type":"Article","@id":"https:\/\/www.vdhurk.nl\/wat-kost-een-bedrijfsbus-met-dubbele-cabine\/#article","isPartOf":{"@id":"https:\/\/www.vdhurk.nl\/wat-kost-een-bedrijfsbus-met-dubbele-cabine\/"},"author":{"name":"wpseoai","@id":"https:\/\/www.vdhurk.nl\/#\/schema\/person\/04c44f7c3ccbd41cb14ad36749c8db5f"},"headline":"Wat kost een bedrijfsbus met dubbele cabine?","datePublished":"2026-07-16T06:00:00+00:00","mainEntityOfPage":{"@id":"https:\/\/www.vdhurk.nl\/wat-kost-een-bedrijfsbus-met-dubbele-cabine\/"},"wordCount":1621,"image":{"@id":"https:\/\/www.vdhurk.nl\/wat-kost-een-bedrijfsbus-met-dubbele-cabine\/#primaryimage"},"thumbnailUrl":"https:\/\/www.vdhurk.nl\/wp-content\/uploads\/2026\/04\/dubbele-cabine-bestelwagen-industrieel-terrein.webp","articleSection":["SEO"],"inLanguage":"ro-RO"},{"@type":"WebPage","@id":"https:\/\/www.vdhurk.nl\/wat-kost-een-bedrijfsbus-met-dubbele-cabine\/","url":"https:\/\/www.vdhurk.nl\/wat-kost-een-bedrijfsbus-met-dubbele-cabine\/","name":"C\u00e2t cost\u0103 o dub\u0103 utilitar\u0103 cu cabin\u0103 dubl\u0103? - Van den Hurk Vehicule utilitare","isPartOf":{"@id":"https:\/\/www.vdhurk.nl\/#website"},"primaryImageOfPage":{"@id":"https:\/\/www.vdhurk.nl\/wat-kost-een-bedrijfsbus-met-dubbele-cabine\/#primaryimage"},"image":{"@id":"https:\/\/www.vdhurk.nl\/wat-kost-een-bedrijfsbus-met-dubbele-cabine\/#primaryimage"},"thumbnailUrl":"https:\/\/www.vdhurk.nl\/wp-content\/uploads\/2026\/04\/dubbele-cabine-bestelwagen-industrieel-terrein.webp","datePublished":"2026-07-16T06:00:00+00:00","author":{"@id":"https:\/\/www.vdhurk.nl\/#\/schema\/person\/04c44f7c3ccbd41cb14ad36749c8db5f"},"description":"S\u0103 cumperi sau s\u0103 iei \u00een leasing o dub\u0103 utilitar\u0103 cu cabin\u0103 dubl\u0103? Descoper\u0103 pre\u021burile actuale, de la 10.000 \u20ac pentru un model second-hand p\u00e2n\u0103 la 80.000 \u20ac pentru unul electric, \u0219i ia decizia potrivit\u0103.","breadcrumb":{"@id":"https:\/\/www.vdhurk.nl\/wat-kost-een-bedrijfsbus-met-dubbele-cabine\/#breadcrumb"},"inLanguage":"ro-RO","potentialAction":[{"@type":"ReadAction","target":["https:\/\/www.vdhurk.nl\/wat-kost-een-bedrijfsbus-met-dubbele-cabine\/"]}]},{"@type":"ImageObject","inLanguage":"ro-RO","@id":"https:\/\/www.vdhurk.nl\/wat-kost-een-bedrijfsbus-met-dubbele-cabine\/#primaryimage","url":"https:\/\/www.vdhurk.nl\/wp-content\/uploads\/2026\/04\/dubbele-cabine-bestelwagen-industrieel-terrein.webp","contentUrl":"https:\/\/www.vdhurk.nl\/wp-content\/uploads\/2026\/04\/dubbele-cabine-bestelwagen-industrieel-terrein.webp","width":1024,"height":768,"caption":"Dubbele cabine bestelwagen geparkeerd op industrieel terrein, gefotografeerd vanuit laag voorhoekperspectief in warm middaglicht."},{"@type":"BreadcrumbList","@id":"https:\/\/www.vdhurk.nl\/wat-kost-een-bedrijfsbus-met-dubbele-cabine\/#breadcrumb","itemListElement":[{"@type":"ListItem","position":1,"name":"Home","item":"https:\/\/www.vdhurk.nl\/home\/"},{"@type":"ListItem","position":2,"name":"Wat kost een bedrijfsbus met dubbele cabine?"}]},{"@type":"WebSite","@id":"https:\/\/www.vdhurk.nl\/#website","url":"https:\/\/www.vdhurk.nl\/","name":"Vehicule comerciale Van den Hurk","description":"Vehicule comerciale Van den Hurk Helmond","potentialAction":[{"@type":"SearchAction","target":{"@type":"EntryPoint","urlTemplate":"https:\/\/www.vdhurk.nl\/?s={search_term_string}"},"query-input":{"@type":"PropertyValueSpecification","valueRequired":true,"valueName":"search_term_string"}}],"inLanguage":"ro-RO"},{"@type":"Person","@id":"https:\/\/www.vdhurk.nl\/#\/schema\/person\/04c44f7c3ccbd41cb14ad36749c8db5f","name":"wpseoai","image":{"@type":"ImageObject","inLanguage":"ro-RO","@id":"https:\/\/secure.gravatar.com\/avatar\/51ea6db2c0d04861332fc5a8dff3289a3d5bcfa4493f551d20452ff3f9c5bcbf?s=96&d=mm&r=g","url":"https:\/\/secure.gravatar.com\/avatar\/51ea6db2c0d04861332fc5a8dff3289a3d5bcfa4493f551d20452ff3f9c5bcbf?s=96&d=mm&r=g","contentUrl":"https:\/\/secure.gravatar.com\/avatar\/51ea6db2c0d04861332fc5a8dff3289a3d5bcfa4493f551d20452ff3f9c5bcbf?s=96&d=mm&r=g","caption":"wpseoai"},"url":"https:\/\/www.vdhurk.nl\/ro\/author\/wpseoai\/"}]}},"_links":{"self":[{"href":"https:\/\/www.vdhurk.nl\/ro\/wp-json\/wp\/v2\/posts\/577190","targetHints":{"allow":["GET"]}}],"collection":[{"href":"https:\/\/www.vdhurk.nl\/ro\/wp-json\/wp\/v2\/posts"}],"about":[{"href":"https:\/\/www.vdhurk.nl\/ro\/wp-json\/wp\/v2\/types\/post"}],"author":[{"embeddable":true,"href":"https:\/\/www.vdhurk.nl\/ro\/wp-json\/wp\/v2\/users\/5"}],"replies":[{"embeddable":true,"href":"https:\/\/www.vdhurk.nl\/ro\/wp-json\/wp\/v2\/comments?post=577190"}],"version-history":[{"count":2,"href":"https:\/\/www.vdhurk.nl\/ro\/wp-json\/wp\/v2\/posts\/577190\/revisions"}],"predecessor-version":[{"id":577465,"href":"https:\/\/www.vdhurk.nl\/ro\/wp-json\/wp\/v2\/posts\/577190\/revisions\/577465"}],"wp:featuredmedia":[{"embeddable":true,"href":"https:\/\/www.vdhurk.nl\/ro\/wp-json\/wp\/v2\/media\/577564"}],"wp:attachment":[{"href":"https:\/\/www.vdhurk.nl\/ro\/wp-json\/wp\/v2\/media?parent=577190"}],"wp:term":[{"taxonomy":"category","embeddable":true,"href":"https:\/\/www.vdhurk.nl\/ro\/wp-json\/wp\/v2\/categories?post=577190"},{"taxonomy":"post_tag","embeddable":true,"href":"https:\/\/www.vdhurk.nl\/ro\/wp-json\/wp\/v2\/tags?post=577190"}],"curies":[{"name":"wp","href":"https:\/\/api.w.org\/{rel}","templated":true}]}}