{"id":577175,"date":"2026-07-15T08:00:00","date_gmt":"2026-07-15T06:00:00","guid":{"rendered":"https:\/\/www.vdhurk.nl\/?p=577175"},"modified":"2026-04-14T13:51:02","modified_gmt":"2026-04-14T11:51:02","slug":"poti-inchiria-o-masina-de-serviciu-electrica-fara-a-avea-propria-statie-de-incarcare","status":"publish","type":"post","link":"https:\/\/www.vdhurk.nl\/ro\/kun-je-een-elektrische-bedrijfswagen-leasen-zonder-eigen-laadpaal\/","title":{"rendered":"Po\u021bi \u00eenchiria un autovehicul electric de serviciu f\u0103r\u0103 a avea propria sta\u021bie de \u00eenc\u0103rcare?"},"content":{"rendered":"<p>Din ce \u00een ce mai mul\u021bi antreprenori opteaz\u0103 pentru \u00eenchirierea \u00een leasing a unei ma\u0219ini electrice de serviciu, dar o \u00eentrebare frecvent\u0103 este: ce faci dac\u0103 nu ai propria sta\u021bie de \u00eenc\u0103rcare? Fie c\u0103 achizi\u021bionezi o dubi\u021b\u0103 mic\u0103, un microbuz de serviciu cu <a href=\"https:\/\/www.vdhurk.nl\/ro\/vehicule-comerciale\/cabina-dubla\/\">cabin\u0103 dubl\u0103<\/a> Fie c\u0103 opta\u021bi pentru leasing sau trece\u021bi la o flot\u0103 complet electric\u0103: problema \u00eenc\u0103rc\u0103rii joac\u0103 \u00eentotdeauna un rol important. Din fericire, exist\u0103 mai multe op\u021biuni dec\u00e2t a\u021bi putea crede.<\/p>\n<p>\u00cen acest articol r\u0103spundem la cele mai frecvente \u00eentreb\u0103ri despre conducerea ma\u0219inilor electrice f\u0103r\u0103 sta\u021bie de \u00eenc\u0103rcare proprie. De la solu\u021bii practice de \u00eenc\u0103rcare p\u00e2n\u0103 la costuri \u0219i op\u021biuni de contract: aici vei g\u0103si toate informa\u021biile necesare pentru a lua o decizie \u00een cuno\u0219tin\u021b\u0103 de cauz\u0103.<\/p>\n<h2>Po\u021bi \u00eenchiria o ma\u0219in\u0103 electric\u0103 de serviciu f\u0103r\u0103 sta\u021bie de \u00eenc\u0103rcare?<\/h2>\n<p>Da, po\u021bi \u00eenchiria o ma\u0219in\u0103 electric\u0103 de serviciu f\u0103r\u0103 a avea propria sta\u021bie de \u00eenc\u0103rcare. O sta\u021bie de \u00eenc\u0103rcare proprie este util\u0103, dar nu este deloc o cerin\u021b\u0103 obligatorie. Mul\u021bi antreprenori \u00ee\u0219i \u00eencarc\u0103 vehiculul la sta\u021bii de \u00eenc\u0103rcare publice, la sta\u021bii de \u00eenc\u0103rcare din cadrul benzin\u0103riilor sau prin intermediul infrastructurii de \u00eenc\u0103rcare din incinta parcului industrial. At\u00e2ta timp c\u00e2t ai o strategie de \u00eenc\u0103rcare viabil\u0103, sta\u021bia de \u00eenc\u0103rcare proprie este op\u021bional\u0103.<\/p>\n<p>\u00centrebarea nu este at\u00e2t dac\u0103 este posibil, c\u00e2t dac\u0103 este suficient de practic pentru situa\u021bia ta specific\u0103. Un lucr\u0103tor independent care parcurge zilnic un traseu fix \u0219i \u00ee\u0219i \u00eencarc\u0103 bateria seara acas\u0103 sau la sediu are alte nevoi dec\u00e2t un administrator de flot\u0103 cu mai multe vehicule care circul\u0103 pe tot parcursul zilei. Totul \u021bine de planificare \u0219i de cunoa\u0219terea kilometrilor parcur\u0219i zilnic \u0219i a momentelor disponibile pentru \u00eenc\u0103rcare.<\/p>\n<p>Olanda dispune \u00een prezent de una dintre cele mai dense re\u021bele de sta\u021bii de \u00eenc\u0103rcare din Europa. \u00cen zonele urbane \u0219i \u00een parcurile industriale, sta\u021biile de \u00eenc\u0103rcare publice sunt u\u0219or accesibile. Pentru antreprenorii din regiuni precum Brabantul de Nord, inclusiv Helmond \u0219i \u00eemprejurimile, acoperirea este, \u00een majoritatea cazurilor, suficient\u0103 pentru a-\u0219i desf\u0103\u0219ura activitatea f\u0103r\u0103 a avea nevoie de o sta\u021bie de \u00eenc\u0103rcare proprie.<\/p>\n<h2>Cum se \u00eencarc\u0103 o ma\u0219in\u0103 electric\u0103 de serviciu f\u0103r\u0103 sta\u021bie de \u00eenc\u0103rcare proprie?<\/h2>\n<p>Dac\u0103 nu ai o sta\u021bie de \u00eenc\u0103rcare proprie, ai trei op\u021biuni principale: sta\u021biile de \u00eenc\u0103rcare publice, sta\u021biile de \u00eenc\u0103rcare rapid\u0103 de pe marginea drumului \u0219i \u00eenc\u0103rcarea \u00een incinta companiei prin intermediul unei surse de alimentare existente. Op\u021biunea cea mai potrivit\u0103 depinde de stilul t\u0103u de conducere, de autonomia vehiculului t\u0103u \u0219i de c\u00e2t de flexibil este programul t\u0103u.<\/p>\n<h3>Sta\u021bii de \u00eenc\u0103rcare publice<\/h3>\n<p>Sta\u021biile de \u00eenc\u0103rcare publice reprezint\u0103 cea mai accesibil\u0103 op\u021biune. Prin intermediul furnizorilor precum Allego, Fastned sau al cardurilor de \u00eenc\u0103rcare emise de companiile de energie, \u00ee\u021bi po\u021bi \u00eenc\u0103rca ma\u0219ina electric\u0103 de serviciu \u00eentr-o re\u021bea extins\u0103 de loca\u021bii. Multe parcuri industriale, parc\u0103ri acoperite \u0219i centre comerciale dispun deja de sta\u021bii de \u00eenc\u0103rcare.<\/p>\n<p>Pentru utilizarea zilnic\u0103, acest lucru func\u021bioneaz\u0103 cel mai bine dac\u0103 vehiculul t\u0103u se poate \u00eenc\u0103rca pe timpul nop\u021bii sau \u00een pauzele de lucru. O dubi\u021b\u0103 electric\u0103 mic\u0103, cu o autonomie de 200 p\u00e2n\u0103 la 300 de kilometri, trebuie, \u00een multe cazuri, \u00eenc\u0103rcat\u0103 complet doar o dat\u0103 sau de dou\u0103 ori pe s\u0103pt\u0103m\u00e2n\u0103, \u00een func\u021bie de stilul t\u0103u de conducere.<\/p>\n<h3>\u00cenc\u0103rc\u0103toare rapide pe drum<\/h3>\n<p>\u00cenc\u0103rc\u0103toarele rapide, denumite \u0219i \u00eenc\u0103rc\u0103toare rapide de curent continuu (DC), \u00ee\u021bi \u00eencarc\u0103 vehiculul mult mai repede dec\u00e2t sta\u021biile obi\u0219nuite de curent alternativ. \u00cen 20 p\u00e2n\u0103 la 45 de minute, po\u021bi \u00eenc\u0103rca o mare parte din baterie. Acest lucru este ideal dac\u0103 parcurgi distan\u021be lungi sau dac\u0103 ai nevoie ca vehiculul t\u0103u s\u0103 fie disponibil rapid. De-a lungul autostr\u0103zilor \u0219i la sta\u021biile de alimentare mai mari, aceste \u00eenc\u0103rc\u0103toare rapide sunt din ce \u00een ce mai frecvente.<\/p>\n<h3>\u00cenc\u0103rcarea \u00een incinta companiei prin intermediul unei prize<\/h3>\n<p>Dac\u0103 ai acces la o priz\u0103 obi\u0219nuit\u0103 sau la o priz\u0103 industrial\u0103 de mare putere \u00een incinta companiei tale, \u00ee\u021bi po\u021bi \u00eenc\u0103rca vehiculul \u0219i cu ajutorul acesteia. Procesul este mai lent dec\u00e2t \u00een cazul unei sta\u021bii de \u00eenc\u0103rcare dedicate, dar pentru vehiculele care stau sta\u021bionate peste noapte, aceasta este o solu\u021bie excelent\u0103. Asigur\u0103-te \u00eens\u0103 c\u0103 instala\u021bia electric\u0103 este verificat\u0103 din punct de vedere al adecv\u0103rii \u0219i siguran\u021bei.<\/p>\n<h2>Care sunt costurile \u00eenc\u0103rc\u0103rii f\u0103r\u0103 o sta\u021bie de \u00eenc\u0103rcare proprie?<\/h2>\n<p>\u00cenc\u0103rcarea f\u0103r\u0103 o sta\u021bie de \u00eenc\u0103rcare proprie este, de obicei, mai scump\u0103 pe kilowatt-or\u0103 dec\u00e2t acas\u0103 sau prin intermediul unei sta\u021bii de \u00eenc\u0103rcare proprii. La sta\u021biile de \u00eenc\u0103rcare publice pl\u0103te\u0219ti, \u00een medie, mai mult dec\u00e2t la \u00eenc\u0103rcarea acas\u0103, iar sta\u021biile de \u00eenc\u0103rcare rapid\u0103 sunt, de obicei, \u0219i mai scumpe din cauza puterii mai mari \u0219i a costurilor de infrastructur\u0103. Costurile exacte variaz\u0103 \u00een func\u021bie de furnizor \u0219i de loca\u021bie.<\/p>\n<p>O sta\u021bie de \u00eenc\u0103rcare proprie sau o priz\u0103 de acas\u0103 ofer\u0103 cele mai mici costuri pe kilometru, mai ales dac\u0103 beneficiezi de un contract de energie pentru companii sau de tarife de energie electric\u0103 pe timp de noapte. \u00cen cazul sta\u021biilor de \u00eenc\u0103rcare publice, pl\u0103te\u0219ti pe kilowatt-or\u0103 sau pe minut, \u00een func\u021bie de furnizor. Pe parcursul unui an, acest lucru poate face o diferen\u021b\u0103 semnificativ\u0103, mai ales \u00een cazul unui microbuz de serviciu cu cabin\u0103 dubl\u0103 sau al unui vehicul mai greu, dotat cu o baterie mai mare.<\/p>\n<h3>Cum po\u021bi men\u021bine costurile de \u00eenc\u0103rcare la un nivel rezonabil?<\/h3>\n<p>Exist\u0103 c\u00e2teva modalit\u0103\u021bi de a \u021bine costurile sub control:<\/p>\n<ul>\n<li>Folosi\u021bi un card de re\u00eenc\u0103rcare sau o aplica\u021bie care combin\u0103 mai multe re\u021bele pentru o facturare clar\u0103<\/li>\n<li>Planifica\u021bi momentele de \u00eenc\u0103rcare \u00een locuri cu tarife mai mici, cum ar fi parc\u0103rile de la supermarketuri sau sta\u021biile de \u00eenc\u0103rcare municipale<\/li>\n<li>Alege\u021bi un contract de leasing \u00een care costurile de \u00eenc\u0103rcare sau un buget pentru \u00eenc\u0103rcare sunt incluse \u00een rata lunar\u0103<\/li>\n<li>Monitoriza\u021bi consumul fiec\u0103rui vehicul prin intermediul unui sistem de \u00eenregistrare a curselor sau al unui program de gestionare a flotei<\/li>\n<\/ul>\n<p>Pentru administratorii de flote care utilizeaz\u0103 mai multe vehicule electrice, merit\u0103 s\u0103 se elaboreze o strategie structurat\u0103 de \u00eenc\u0103rcare. Mici ajust\u0103ri \u00een planificare pot reduce considerabil costurile totale de \u00eenc\u0103rcare.<\/p>\n<h2>Un contract de leasing ofer\u0103 \u0219i o solu\u021bie pentru \u00eenc\u0103rcare?<\/h2>\n<p>Da, tot mai multe companii de leasing ofer\u0103 solu\u021bii de \u00eenc\u0103rcare ca parte a contractului de leasing. Acestea variaz\u0103 de la un card de \u00eenc\u0103rcare pentru re\u021belele publice p\u00e2n\u0103 la un pachet complet de servicii, care include \u0219i instalarea unei sta\u021bii de \u00eenc\u0103rcare la domiciliu sau la sediul companiei. Depinde de tipul contractului de leasing \u0219i de furnizor.<\/p>\n<p>\u00cen cazul unui contract de leasing opera\u021bional pentru o ma\u0219in\u0103 de serviciu electric\u0103, \u00een multe cazuri po\u021bi opta pentru un pachet \u201eall-in\u201d. Acesta include, pe l\u00e2ng\u0103 rata lunar\u0103 de leasing, \u0219i asigurarea, \u00eentre\u021binerea \u0219i, uneori, un buget pentru \u00eenc\u0103rcare. Astfel, \u00een calitate de antreprenor, ai claritate cu privire la cheltuielile lunare fixe, f\u0103r\u0103 surprize ulterioare.<\/p>\n<h3>Leasingul financiar versus leasingul opera\u021bional<\/h3>\n<p>\u00cen cazul unui leasing financiar, e\u0219ti responsabil personal de organizarea infrastructurii de \u00eenc\u0103rcare \u0219i de costurile suplimentare. \u00cen cazul unui leasing opera\u021bional, compania de leasing are mai mult\u0103 libertate de a include servicii suplimentare \u00een pachet. Prin urmare, pentru antreprenorii care doresc s\u0103 nu aib\u0103 nicio grij\u0103, leasingul opera\u021bional este adesea op\u021biunea mai atractiv\u0103.<\/p>\n<p>Atunci c\u00e2nd \u00eenchei un contract de leasing, \u00eentreab\u0103 \u00eentotdeauna \u00een mod explicit despre op\u021biunile de \u00eenc\u0103rcare. Unii furnizori colaboreaz\u0103 cu instalatori de sta\u021bii de \u00eenc\u0103rcare \u0219i pot include acest aspect ca solu\u021bie personalizat\u0103. Astfel, nu trebuie s\u0103 te ocupi tu \u00eensu\u021bi de g\u0103sirea unor furnizori separa\u021bi \u0219i \u0219tii exact la ce s\u0103 te a\u0219tep\u021bi.<\/p>\n<h2>\u00cen ce situa\u021bii este totu\u0219i o sta\u021bie de \u00eenc\u0103rcare proprie cea mai bun\u0103 alegere?<\/h2>\n<p>O sta\u021bie de \u00eenc\u0103rcare proprie este cea mai bun\u0103 alegere dac\u0103 parcurgi zilnic distan\u021be mari, utilizezi mai multe vehicule electrice sau dac\u0103 infrastructura public\u0103 de \u00eenc\u0103rcare din zona ta este limitat\u0103. De asemenea, dac\u0103 dori\u021bi s\u0103 reduce\u021bi \u00een mod sistematic costurile de \u00eenc\u0103rcare sau s\u0103 ave\u021bi control deplin asupra disponibilit\u0103\u021bii \u0219i duratei de \u00eenc\u0103rcare, o sta\u021bie de \u00eenc\u0103rcare proprie reprezint\u0103 o investi\u021bie \u00een\u021beleapt\u0103.<\/p>\n<p>Pentru un lucr\u0103tor independent care de\u021bine o singur\u0103 dubi\u021b\u0103 mic\u0103, care r\u0103m\u00e2ne acas\u0103 seara, un \u00eenc\u0103rc\u0103tor de acas\u0103 se amortizeaz\u0103 foarte repede. Pentru o companie cu un parc auto de cinci sau mai multe vehicule, o sta\u021bie de \u00eenc\u0103rcare proprie pe terenul companiei este aproape \u00eentotdeauna mai avantajoas\u0103 dec\u00e2t \u00eenc\u0103rcarea public\u0103 sistematic\u0103. Perioada de amortizare depinde de consum, de costurile cu energia \u0219i de eventualele subven\u021bii.<\/p>\n<h3>Subven\u021bii \u0219i avantaje fiscale<\/h3>\n<p>\u00cen \u021a\u0103rile de Jos exist\u0103 programe care fac achizi\u021bionarea unei sta\u021bii de \u00eenc\u0103rcare atractiv\u0103 din punct de vedere financiar. Subven\u021bia ISDE (Subven\u021bia pentru investi\u021bii \u00een energie durabil\u0103) se aplic\u0103, \u00een anumite cazuri, sta\u021biilor de \u00eenc\u0103rcare destinate \u00eentreprinderilor. \u00cen plus, po\u021bi deduce costurile de achizi\u021bie \u0219i instalare din cheltuielile de exploatare. Merit\u0103 s\u0103 te consul\u021bi \u00een prealabil cu un consultant fiscal sau cu partenerul t\u0103u de leasing pentru a clarifica aceste aspecte.<\/p>\n<p>De asemenea, impozitul suplimentar pentru <a href=\"https:\/\/www.vdhurk.nl\/ro\/vehicule-comerciale\/electric\/\">vehicule comerciale electrice<\/a> este mai mic dec\u00e2t \u00een cazul vehiculelor cu combustibili fosili, ceea ce are un impact pozitiv asupra costurilor totale de exploatare. Dac\u0103 la asta se adaug\u0103 \u00eenc\u0103rcarea la pre\u021b redus prin intermediul unei sta\u021bii de \u00eenc\u0103rcare proprii, argumentele economice \u00een favoarea conducerii cu ma\u0219ini electrice devin rapid conving\u0103toare.<\/p>\n<h2>Cum te ajut\u0103m s\u0103 \u00eenchiriezi o ma\u0219in\u0103 electric\u0103 de serviciu<\/h2>\n<p>La Van den Hurk Bedrijfswagens, suntem bucuro\u0219i s\u0103 te ajut\u0103m s\u0103 g\u0103se\u0219ti vehiculul comercial electric potrivit, indiferent dac\u0103 dore\u0219ti s\u0103 cumperi o dubi\u021b\u0103 mic\u0103, s\u0103 \u00eenchiriezi un microbuz comercial cu cabin\u0103 dubl\u0103 sau s\u0103 treci la un parc auto complet electric. \u00cen\u021belegem c\u0103 problema \u00eenc\u0103rc\u0103rii reprezint\u0103 un obstacol pentru mul\u021bi antreprenori \u0219i, de aceea, contribuim activ la g\u0103sirea unor solu\u021bii practice adaptate situa\u021biei dumneavoastr\u0103.<\/p>\n<p>Ce putem face pentru dvs:<\/p>\n<ul>\n<li>Recomand\u0103ri privind autovehiculele electrice de serviciu potrivite din gama noastr\u0103 <a href=\"https:\/\/www.vdhurk.nl\/ro\/vehicule-comerciale\/\">stoc generos<\/a>, inclusiv vehiculele cu autonomie mare<\/li>\n<li>\u00cen\u021belegerea tipurilor de leasing \u0219i a posibilit\u0103\u021bilor pe care le ofer\u0103 acestea \u00een ceea ce prive\u0219te solu\u021biile de \u00eenc\u0103rcare<\/li>\n<li>Consiliere \u00een alegerea dintre cump\u0103rare, leasing financiar sau leasing opera\u021bional<\/li>\n<li>O discu\u021bie personalizat\u0103 despre profilul t\u0103u de conducere \u0219i strategia de \u00eenc\u0103rcare corespunz\u0103toare<\/li>\n<li>Informa\u021bii privind avantajele fiscale \u0219i subven\u021biile care ar putea fi aplicabile<\/li>\n<\/ul>\n<p>Vrei s\u0103 afli care este autovehiculul electric de serviciu cel mai potrivit pentru compania ta, chiar \u0219i f\u0103r\u0103 o sta\u021bie de \u00eenc\u0103rcare proprie? Contacteaz\u0103-ne sau vino la noi \u00een Helmond pentru o discu\u021bie f\u0103r\u0103 obliga\u021bii. Suntem bucuro\u0219i s\u0103 te ajut\u0103m s\u0103 g\u0103se\u0219ti solu\u021bia potrivit\u0103.<\/p>","protected":false},"excerpt":{"rendered":"<p>Nu ave\u021bi o sta\u021bie de \u00eenc\u0103rcare proprie? Pute\u021bi totu\u0219i s\u0103 \u00eenchiria\u021bi o ma\u0219in\u0103 electric\u0103 \u2014 descoperi\u021bi toate op\u021biunile practice pentru antreprenori.<\/p>","protected":false},"author":5,"featured_media":577365,"comment_status":"closed","ping_status":"closed","sticky":false,"template":"","format":"standard","meta":{"_acf_changed":false,"footnotes":""},"categories":[1],"tags":[],"class_list":["post-577175","post","type-post","status-publish","format-standard","has-post-thumbnail","hentry","category-seo"],"acf":[],"yoast_head":"<!-- This site is optimized with the Yoast SEO plugin v28.3 - https:\/\/yoast.com\/product\/yoast-seo-wordpress\/ -->\n<title>Kun je een elektrische bedrijfswagen leasen zonder eigen laadpaal? - Van den Hurk Bedrijfswagens<\/title>\n<meta name=\"description\" content=\"Elektrische bedrijfswagen leasen zonder laadpaal? Ontdek praktische laadoplossingen, kosten en slimme leasecontracten voor ondernemers. Lees alles hier.\" \/>\n<meta name=\"robots\" content=\"index, follow, max-snippet:-1, max-image-preview:large, max-video-preview:-1\" \/>\n<link rel=\"canonical\" href=\"https:\/\/www.vdhurk.nl\/ro\/poti-inchiria-o-masina-de-serviciu-electrica-fara-a-avea-propria-statie-de-incarcare\/\" \/>\n<meta property=\"og:locale\" content=\"ro_RO\" \/>\n<meta property=\"og:type\" content=\"article\" \/>\n<meta property=\"og:title\" content=\"Kun je een elektrische bedrijfswagen leasen zonder eigen laadpaal? - Van den Hurk Bedrijfswagens\" \/>\n<meta property=\"og:description\" content=\"Elektrische bedrijfswagen leasen zonder laadpaal? Ontdek praktische laadoplossingen, kosten en slimme leasecontracten voor ondernemers. Lees alles hier.\" \/>\n<meta property=\"og:url\" content=\"https:\/\/www.vdhurk.nl\/ro\/poti-inchiria-o-masina-de-serviciu-electrica-fara-a-avea-propria-statie-de-incarcare\/\" \/>\n<meta property=\"og:site_name\" content=\"Van den Hurk Bedrijfswagens\" \/>\n<meta property=\"article:published_time\" content=\"2026-07-15T06:00:00+00:00\" \/>\n<meta property=\"og:image\" content=\"https:\/\/www.vdhurk.nl\/wp-content\/uploads\/2026\/04\/elektrische-cargo-van-laadpaal-parkeerplaats.webp\" \/>\n\t<meta property=\"og:image:width\" content=\"1024\" \/>\n\t<meta property=\"og:image:height\" content=\"768\" \/>\n\t<meta property=\"og:image:type\" content=\"image\/webp\" \/>\n<meta name=\"author\" content=\"wpseoai\" \/>\n<meta name=\"twitter:card\" content=\"summary_large_image\" \/>\n<meta name=\"twitter:label1\" content=\"Scris de\" \/>\n\t<meta name=\"twitter:data1\" content=\"wpseoai\" \/>\n\t<meta name=\"twitter:label2\" content=\"Timp estimat pentru citire\" \/>\n\t<meta name=\"twitter:data2\" content=\"7 minute\" \/>\n<script type=\"application\/ld+json\" class=\"yoast-schema-graph\">{\"@context\":\"https:\\\/\\\/schema.org\",\"@graph\":[{\"@type\":\"Article\",\"@id\":\"https:\\\/\\\/www.vdhurk.nl\\\/kun-je-een-elektrische-bedrijfswagen-leasen-zonder-eigen-laadpaal\\\/#article\",\"isPartOf\":{\"@id\":\"https:\\\/\\\/www.vdhurk.nl\\\/kun-je-een-elektrische-bedrijfswagen-leasen-zonder-eigen-laadpaal\\\/\"},\"author\":{\"name\":\"wpseoai\",\"@id\":\"https:\\\/\\\/www.vdhurk.nl\\\/#\\\/schema\\\/person\\\/04c44f7c3ccbd41cb14ad36749c8db5f\"},\"headline\":\"Kun je een elektrische bedrijfswagen leasen zonder eigen laadpaal?\",\"datePublished\":\"2026-07-15T06:00:00+00:00\",\"mainEntityOfPage\":{\"@id\":\"https:\\\/\\\/www.vdhurk.nl\\\/kun-je-een-elektrische-bedrijfswagen-leasen-zonder-eigen-laadpaal\\\/\"},\"wordCount\":1319,\"image\":{\"@id\":\"https:\\\/\\\/www.vdhurk.nl\\\/kun-je-een-elektrische-bedrijfswagen-leasen-zonder-eigen-laadpaal\\\/#primaryimage\"},\"thumbnailUrl\":\"https:\\\/\\\/www.vdhurk.nl\\\/wp-content\\\/uploads\\\/2026\\\/04\\\/elektrische-cargo-van-laadpaal-parkeerplaats.webp\",\"articleSection\":[\"SEO\"],\"inLanguage\":\"ro-RO\"},{\"@type\":\"WebPage\",\"@id\":\"https:\\\/\\\/www.vdhurk.nl\\\/kun-je-een-elektrische-bedrijfswagen-leasen-zonder-eigen-laadpaal\\\/\",\"url\":\"https:\\\/\\\/www.vdhurk.nl\\\/kun-je-een-elektrische-bedrijfswagen-leasen-zonder-eigen-laadpaal\\\/\",\"name\":\"Kun je een elektrische bedrijfswagen leasen zonder eigen laadpaal? - Van den Hurk Bedrijfswagens\",\"isPartOf\":{\"@id\":\"https:\\\/\\\/www.vdhurk.nl\\\/#website\"},\"primaryImageOfPage\":{\"@id\":\"https:\\\/\\\/www.vdhurk.nl\\\/kun-je-een-elektrische-bedrijfswagen-leasen-zonder-eigen-laadpaal\\\/#primaryimage\"},\"image\":{\"@id\":\"https:\\\/\\\/www.vdhurk.nl\\\/kun-je-een-elektrische-bedrijfswagen-leasen-zonder-eigen-laadpaal\\\/#primaryimage\"},\"thumbnailUrl\":\"https:\\\/\\\/www.vdhurk.nl\\\/wp-content\\\/uploads\\\/2026\\\/04\\\/elektrische-cargo-van-laadpaal-parkeerplaats.webp\",\"datePublished\":\"2026-07-15T06:00:00+00:00\",\"author\":{\"@id\":\"https:\\\/\\\/www.vdhurk.nl\\\/#\\\/schema\\\/person\\\/04c44f7c3ccbd41cb14ad36749c8db5f\"},\"description\":\"Elektrische bedrijfswagen leasen zonder laadpaal? Ontdek praktische laadoplossingen, kosten en slimme leasecontracten voor ondernemers. Lees alles hier.\",\"breadcrumb\":{\"@id\":\"https:\\\/\\\/www.vdhurk.nl\\\/kun-je-een-elektrische-bedrijfswagen-leasen-zonder-eigen-laadpaal\\\/#breadcrumb\"},\"inLanguage\":\"ro-RO\",\"potentialAction\":[{\"@type\":\"ReadAction\",\"target\":[\"https:\\\/\\\/www.vdhurk.nl\\\/kun-je-een-elektrische-bedrijfswagen-leasen-zonder-eigen-laadpaal\\\/\"]}]},{\"@type\":\"ImageObject\",\"inLanguage\":\"ro-RO\",\"@id\":\"https:\\\/\\\/www.vdhurk.nl\\\/kun-je-een-elektrische-bedrijfswagen-leasen-zonder-eigen-laadpaal\\\/#primaryimage\",\"url\":\"https:\\\/\\\/www.vdhurk.nl\\\/wp-content\\\/uploads\\\/2026\\\/04\\\/elektrische-cargo-van-laadpaal-parkeerplaats.webp\",\"contentUrl\":\"https:\\\/\\\/www.vdhurk.nl\\\/wp-content\\\/uploads\\\/2026\\\/04\\\/elektrische-cargo-van-laadpaal-parkeerplaats.webp\",\"width\":1024,\"height\":768,\"caption\":\"Witte elektrische bestelbus aangesloten op een publiek laadstation in een drukke commerci\u00eble parkeerplaats bij bewolkt daglicht.\"},{\"@type\":\"BreadcrumbList\",\"@id\":\"https:\\\/\\\/www.vdhurk.nl\\\/kun-je-een-elektrische-bedrijfswagen-leasen-zonder-eigen-laadpaal\\\/#breadcrumb\",\"itemListElement\":[{\"@type\":\"ListItem\",\"position\":1,\"name\":\"Home\",\"item\":\"https:\\\/\\\/www.vdhurk.nl\\\/home\\\/\"},{\"@type\":\"ListItem\",\"position\":2,\"name\":\"Kun je een elektrische bedrijfswagen leasen zonder eigen laadpaal?\"}]},{\"@type\":\"WebSite\",\"@id\":\"https:\\\/\\\/www.vdhurk.nl\\\/#website\",\"url\":\"https:\\\/\\\/www.vdhurk.nl\\\/\",\"name\":\"Van den Hurk Bedrijfswagens\",\"description\":\"Van den Hurk bedrijfswagens Helmond\",\"potentialAction\":[{\"@type\":\"SearchAction\",\"target\":{\"@type\":\"EntryPoint\",\"urlTemplate\":\"https:\\\/\\\/www.vdhurk.nl\\\/?s={search_term_string}\"},\"query-input\":{\"@type\":\"PropertyValueSpecification\",\"valueRequired\":true,\"valueName\":\"search_term_string\"}}],\"inLanguage\":\"ro-RO\"},{\"@type\":\"Person\",\"@id\":\"https:\\\/\\\/www.vdhurk.nl\\\/#\\\/schema\\\/person\\\/04c44f7c3ccbd41cb14ad36749c8db5f\",\"name\":\"wpseoai\",\"image\":{\"@type\":\"ImageObject\",\"inLanguage\":\"ro-RO\",\"@id\":\"https:\\\/\\\/secure.gravatar.com\\\/avatar\\\/51ea6db2c0d04861332fc5a8dff3289a3d5bcfa4493f551d20452ff3f9c5bcbf?s=96&d=mm&r=g\",\"url\":\"https:\\\/\\\/secure.gravatar.com\\\/avatar\\\/51ea6db2c0d04861332fc5a8dff3289a3d5bcfa4493f551d20452ff3f9c5bcbf?s=96&d=mm&r=g\",\"contentUrl\":\"https:\\\/\\\/secure.gravatar.com\\\/avatar\\\/51ea6db2c0d04861332fc5a8dff3289a3d5bcfa4493f551d20452ff3f9c5bcbf?s=96&d=mm&r=g\",\"caption\":\"wpseoai\"},\"url\":\"https:\\\/\\\/www.vdhurk.nl\\\/ro\\\/author\\\/wpseoai\\\/\"}]}<\/script>\n<!-- \/ Yoast SEO plugin. -->","yoast_head_json":{"title":"Po\u021bi \u00eenchiria o ma\u0219in\u0103 de serviciu electric\u0103 f\u0103r\u0103 a avea propria sta\u021bie de \u00eenc\u0103rcare? - Van den Hurk Ma\u0219ini de serviciu","description":"Vrei s\u0103 \u00eenchiriezi o ma\u0219in\u0103 de serviciu electric\u0103 f\u0103r\u0103 sta\u021bie de \u00eenc\u0103rcare? Descoper\u0103 solu\u021bii practice de \u00eenc\u0103rcare, costuri \u0219i contracte de leasing avantajoase pentru antreprenori. Afl\u0103 totul aici.","robots":{"index":"index","follow":"follow","max-snippet":"max-snippet:-1","max-image-preview":"max-image-preview:large","max-video-preview":"max-video-preview:-1"},"canonical":"https:\/\/www.vdhurk.nl\/ro\/poti-inchiria-o-masina-de-serviciu-electrica-fara-a-avea-propria-statie-de-incarcare\/","og_locale":"ro_RO","og_type":"article","og_title":"Kun je een elektrische bedrijfswagen leasen zonder eigen laadpaal? - Van den Hurk Bedrijfswagens","og_description":"Elektrische bedrijfswagen leasen zonder laadpaal? Ontdek praktische laadoplossingen, kosten en slimme leasecontracten voor ondernemers. Lees alles hier.","og_url":"https:\/\/www.vdhurk.nl\/ro\/poti-inchiria-o-masina-de-serviciu-electrica-fara-a-avea-propria-statie-de-incarcare\/","og_site_name":"Van den Hurk Bedrijfswagens","article_published_time":"2026-07-15T06:00:00+00:00","og_image":[{"width":1024,"height":768,"url":"https:\/\/www.vdhurk.nl\/wp-content\/uploads\/2026\/04\/elektrische-cargo-van-laadpaal-parkeerplaats.webp","type":"image\/webp"}],"author":"wpseoai","twitter_card":"summary_large_image","twitter_misc":{"Scris de":"wpseoai","Timp estimat pentru citire":"7 minute"},"schema":{"@context":"https:\/\/schema.org","@graph":[{"@type":"Article","@id":"https:\/\/www.vdhurk.nl\/kun-je-een-elektrische-bedrijfswagen-leasen-zonder-eigen-laadpaal\/#article","isPartOf":{"@id":"https:\/\/www.vdhurk.nl\/kun-je-een-elektrische-bedrijfswagen-leasen-zonder-eigen-laadpaal\/"},"author":{"name":"wpseoai","@id":"https:\/\/www.vdhurk.nl\/#\/schema\/person\/04c44f7c3ccbd41cb14ad36749c8db5f"},"headline":"Kun je een elektrische bedrijfswagen leasen zonder eigen laadpaal?","datePublished":"2026-07-15T06:00:00+00:00","mainEntityOfPage":{"@id":"https:\/\/www.vdhurk.nl\/kun-je-een-elektrische-bedrijfswagen-leasen-zonder-eigen-laadpaal\/"},"wordCount":1319,"image":{"@id":"https:\/\/www.vdhurk.nl\/kun-je-een-elektrische-bedrijfswagen-leasen-zonder-eigen-laadpaal\/#primaryimage"},"thumbnailUrl":"https:\/\/www.vdhurk.nl\/wp-content\/uploads\/2026\/04\/elektrische-cargo-van-laadpaal-parkeerplaats.webp","articleSection":["SEO"],"inLanguage":"ro-RO"},{"@type":"WebPage","@id":"https:\/\/www.vdhurk.nl\/kun-je-een-elektrische-bedrijfswagen-leasen-zonder-eigen-laadpaal\/","url":"https:\/\/www.vdhurk.nl\/kun-je-een-elektrische-bedrijfswagen-leasen-zonder-eigen-laadpaal\/","name":"Po\u021bi \u00eenchiria o ma\u0219in\u0103 de serviciu electric\u0103 f\u0103r\u0103 a avea propria sta\u021bie de \u00eenc\u0103rcare? - Van den Hurk Ma\u0219ini de serviciu","isPartOf":{"@id":"https:\/\/www.vdhurk.nl\/#website"},"primaryImageOfPage":{"@id":"https:\/\/www.vdhurk.nl\/kun-je-een-elektrische-bedrijfswagen-leasen-zonder-eigen-laadpaal\/#primaryimage"},"image":{"@id":"https:\/\/www.vdhurk.nl\/kun-je-een-elektrische-bedrijfswagen-leasen-zonder-eigen-laadpaal\/#primaryimage"},"thumbnailUrl":"https:\/\/www.vdhurk.nl\/wp-content\/uploads\/2026\/04\/elektrische-cargo-van-laadpaal-parkeerplaats.webp","datePublished":"2026-07-15T06:00:00+00:00","author":{"@id":"https:\/\/www.vdhurk.nl\/#\/schema\/person\/04c44f7c3ccbd41cb14ad36749c8db5f"},"description":"Vrei s\u0103 \u00eenchiriezi o ma\u0219in\u0103 de serviciu electric\u0103 f\u0103r\u0103 sta\u021bie de \u00eenc\u0103rcare? Descoper\u0103 solu\u021bii practice de \u00eenc\u0103rcare, costuri \u0219i contracte de leasing avantajoase pentru antreprenori. Afl\u0103 totul aici.","breadcrumb":{"@id":"https:\/\/www.vdhurk.nl\/kun-je-een-elektrische-bedrijfswagen-leasen-zonder-eigen-laadpaal\/#breadcrumb"},"inLanguage":"ro-RO","potentialAction":[{"@type":"ReadAction","target":["https:\/\/www.vdhurk.nl\/kun-je-een-elektrische-bedrijfswagen-leasen-zonder-eigen-laadpaal\/"]}]},{"@type":"ImageObject","inLanguage":"ro-RO","@id":"https:\/\/www.vdhurk.nl\/kun-je-een-elektrische-bedrijfswagen-leasen-zonder-eigen-laadpaal\/#primaryimage","url":"https:\/\/www.vdhurk.nl\/wp-content\/uploads\/2026\/04\/elektrische-cargo-van-laadpaal-parkeerplaats.webp","contentUrl":"https:\/\/www.vdhurk.nl\/wp-content\/uploads\/2026\/04\/elektrische-cargo-van-laadpaal-parkeerplaats.webp","width":1024,"height":768,"caption":"Witte elektrische bestelbus aangesloten op een publiek laadstation in een drukke commerci\u00eble parkeerplaats bij bewolkt daglicht."},{"@type":"BreadcrumbList","@id":"https:\/\/www.vdhurk.nl\/kun-je-een-elektrische-bedrijfswagen-leasen-zonder-eigen-laadpaal\/#breadcrumb","itemListElement":[{"@type":"ListItem","position":1,"name":"Home","item":"https:\/\/www.vdhurk.nl\/home\/"},{"@type":"ListItem","position":2,"name":"Kun je een elektrische bedrijfswagen leasen zonder eigen laadpaal?"}]},{"@type":"WebSite","@id":"https:\/\/www.vdhurk.nl\/#website","url":"https:\/\/www.vdhurk.nl\/","name":"Vehicule comerciale Van den Hurk","description":"Vehicule comerciale Van den Hurk Helmond","potentialAction":[{"@type":"SearchAction","target":{"@type":"EntryPoint","urlTemplate":"https:\/\/www.vdhurk.nl\/?s={search_term_string}"},"query-input":{"@type":"PropertyValueSpecification","valueRequired":true,"valueName":"search_term_string"}}],"inLanguage":"ro-RO"},{"@type":"Person","@id":"https:\/\/www.vdhurk.nl\/#\/schema\/person\/04c44f7c3ccbd41cb14ad36749c8db5f","name":"wpseoai","image":{"@type":"ImageObject","inLanguage":"ro-RO","@id":"https:\/\/secure.gravatar.com\/avatar\/51ea6db2c0d04861332fc5a8dff3289a3d5bcfa4493f551d20452ff3f9c5bcbf?s=96&d=mm&r=g","url":"https:\/\/secure.gravatar.com\/avatar\/51ea6db2c0d04861332fc5a8dff3289a3d5bcfa4493f551d20452ff3f9c5bcbf?s=96&d=mm&r=g","contentUrl":"https:\/\/secure.gravatar.com\/avatar\/51ea6db2c0d04861332fc5a8dff3289a3d5bcfa4493f551d20452ff3f9c5bcbf?s=96&d=mm&r=g","caption":"wpseoai"},"url":"https:\/\/www.vdhurk.nl\/ro\/author\/wpseoai\/"}]}},"_links":{"self":[{"href":"https:\/\/www.vdhurk.nl\/ro\/wp-json\/wp\/v2\/posts\/577175","targetHints":{"allow":["GET"]}}],"collection":[{"href":"https:\/\/www.vdhurk.nl\/ro\/wp-json\/wp\/v2\/posts"}],"about":[{"href":"https:\/\/www.vdhurk.nl\/ro\/wp-json\/wp\/v2\/types\/post"}],"author":[{"embeddable":true,"href":"https:\/\/www.vdhurk.nl\/ro\/wp-json\/wp\/v2\/users\/5"}],"replies":[{"embeddable":true,"href":"https:\/\/www.vdhurk.nl\/ro\/wp-json\/wp\/v2\/comments?post=577175"}],"version-history":[{"count":2,"href":"https:\/\/www.vdhurk.nl\/ro\/wp-json\/wp\/v2\/posts\/577175\/revisions"}],"predecessor-version":[{"id":577429,"href":"https:\/\/www.vdhurk.nl\/ro\/wp-json\/wp\/v2\/posts\/577175\/revisions\/577429"}],"wp:featuredmedia":[{"embeddable":true,"href":"https:\/\/www.vdhurk.nl\/ro\/wp-json\/wp\/v2\/media\/577365"}],"wp:attachment":[{"href":"https:\/\/www.vdhurk.nl\/ro\/wp-json\/wp\/v2\/media?parent=577175"}],"wp:term":[{"taxonomy":"category","embeddable":true,"href":"https:\/\/www.vdhurk.nl\/ro\/wp-json\/wp\/v2\/categories?post=577175"},{"taxonomy":"post_tag","embeddable":true,"href":"https:\/\/www.vdhurk.nl\/ro\/wp-json\/wp\/v2\/tags?post=577175"}],"curies":[{"name":"wp","href":"https:\/\/api.w.org\/{rel}","templated":true}]}}