{"id":577167,"date":"2026-08-31T08:00:00","date_gmt":"2026-08-31T06:00:00","guid":{"rendered":"https:\/\/www.vdhurk.nl\/?p=577167"},"modified":"2026-04-14T13:51:52","modified_gmt":"2026-04-14T11:51:52","slug":"ce-se-intampla-cu-bateria-in-cazul-leasingului-de-autovehicule-electrice-de-serviciu","status":"publish","type":"post","link":"https:\/\/www.vdhurk.nl\/ro\/wat-gebeurt-er-met-de-accu-bij-elektrische-bedrijfswagen-lease\/","title":{"rendered":"Ce se \u00eent\u00e2mpl\u0103 cu bateria \u00een cazul leasingului de autovehicule electrice de serviciu?"},"content":{"rendered":"<p>Autovehiculele electrice de serviciu devin din ce \u00een ce mai populare \u00een segmentul de afaceri. Este logic, deoarece acestea ofer\u0103 costuri mai mici cu combustibilul, \u00eentre\u021binere redus\u0103 \u0219i avantaje fiscale. Dar, de \u00eendat\u0103 ce te g\u00e2nde\u0219ti la <strong>leasing de autovehicule electrice de serviciu<\/strong>, apar \u00eentreb\u0103ri care nu se pun niciodat\u0103 \u00een cazul unei autoutilitare obi\u0219nuite: ce se \u00eent\u00e2mpl\u0103 cu bateria? Cine pl\u0103te\u0219te dac\u0103 aceasta se deterioreaz\u0103? \u0218i ce scrie, de fapt, \u00een clauzele scrise cu litere mici din contractul t\u0103u de leasing?<\/p>\n<p>\u00cen acest articol r\u0103spundem la cele mai frecvente \u00eentreb\u0103ri despre bateria ma\u0219inilor electrice \u00eenchiriate \u00een regim de leasing. Fie c\u0103 dori\u021bi s\u0103 cump\u0103ra\u021bi sau s\u0103 \u00eenchiria\u021bi \u00een regim de leasing o dub\u0103 mic\u0103, fie c\u0103 sunte\u021bi \u00een c\u0103utarea unui microbuz de serviciu cu cabin\u0103 dubl\u0103 pentru echipa dumneavoastr\u0103: bateria este o component\u0103 pe care trebuie s\u0103 o \u00een\u021belege\u021bi bine \u00eenainte de a semna contractul.<\/p>\n<h2>Ce \u00eenseamn\u0103 degradarea bateriei la o ma\u0219in\u0103 electric\u0103 de serviciu?<\/h2>\n<p>Degradarea bateriei reprezint\u0103 pierderea treptat\u0103 a capacit\u0103\u021bii de \u00eenc\u0103rcare a bateriei unui autovehicul electric de serviciu. O baterie nou\u0103 se \u00eencarc\u0103 p\u00e2n\u0103 la 100% din capacitatea sa teoretic\u0103. \u00cen timp \u0219i odat\u0103 cu utilizarea, aceast\u0103 capacitate maxim\u0103 scade, ceea ce \u00eenseamn\u0103 c\u0103, cu o baterie \u00eenc\u0103rcat\u0103 complet, ve\u021bi parcurge mai pu\u021bini kilometri dec\u00e2t la momentul achizi\u021biei sau la \u00eenceputul contractului de leasing.<\/p>\n<p>Acest proces este normal \u0219i inevitabil \u00een cazul tuturor bateriilor litiu-ion, inclusiv al celor utilizate \u00een autoutilitarele electrice. Ritmul de degradare depinde de mai mul\u021bi factori:<\/p>\n<ul>\n<li>Num\u0103rul de cicluri de \u00eenc\u0103rcare pe care le-a parcurs bateria<\/li>\n<li>C\u00e2t de des folose\u0219ti un \u00eenc\u0103rc\u0103tor rapid (\u00eenc\u0103rcare DC)<\/li>\n<li>Gradul mediu de \u00eenc\u0103rcare; \u00eenc\u0103rcarea regulat\u0103 p\u00e2n\u0103 la 100% accelereaz\u0103 uzura<\/li>\n<li>Temperaturi extreme: at\u00e2t c\u0103ldura, c\u00e2t \u0219i frigul extrem afecteaz\u0103 bateria<\/li>\n<li>Stilul de conducere: accelerare agresiv\u0103 \u0219i fr\u00e2nare brusc\u0103, f\u0103r\u0103 fr\u00e2nare regenerativ\u0103<\/li>\n<\/ul>\n<p>\u00cen practic\u0103, acest lucru \u00eenseamn\u0103 c\u0103, dup\u0103 trei p\u00e2n\u0103 la cinci ani de utilizare, bateria unui autovehicul electric de serviciu poate ajunge la doar 80-90% din capacitatea ini\u021bial\u0103. Pare o pierdere mare, dar \u00een cazul majorit\u0103\u021bii deplas\u0103rilor de afaceri, acest lucru nu se simte prea mult \u00een utilizarea de zi cu zi. Abia \u00een cazul traseelor mai lungi sau al utiliz\u0103rii intensive diferen\u021ba devine perceptibil\u0103.<\/p>\n<h2>C\u00e2t de repede se uzeaz\u0103 bateria unei ma\u0219ini electrice luate \u00een leasing?<\/h2>\n<p>Bateria unui autoturism electric \u00eenchiriat se uzeaz\u0103, \u00een medie, cu o pierdere de capacitate de dou\u0103 p\u00e2n\u0103 la trei la sut\u0103 pe an, \u00een condi\u021bii normale de utilizare \u00een scop profesional. Astfel, dup\u0103 o perioad\u0103 standard de leasing de trei p\u00e2n\u0103 la patru ani, bateria are \u00eenc\u0103 o capacitate satisf\u0103c\u0103toare, de aproximativ 88 p\u00e2n\u0103 la 94 la sut\u0103. O uzur\u0103 mai rapid\u0103 apare \u00een cazul utiliz\u0103rii intensive, al \u00eenc\u0103rc\u0103rii rapide frecvente sau al condi\u021biilor extreme.<\/p>\n<p>\u00cen cazul utiliz\u0103rii \u00een scop profesional, exist\u0103 c\u00e2teva situa\u021bii care pot accelera uzura:<\/p>\n<ul>\n<li><strong>Mul\u021bi kilometri pe an:<\/strong> Un curier care parcurge zilnic 300 de kilometri consum\u0103 mai multe cicluri de \u00eenc\u0103rcare dec\u00e2t un mecanic care parcurge 80 de kilometri pe zi.<\/li>\n<li><strong>\u00cenc\u0103rcare rapid\u0103 regulat\u0103:<\/strong> \u00cenc\u0103rc\u0103toarele rapide sunt utile c\u00e2nd e\u0219ti pe drum, dar \u00eenc\u0103rcarea rapid\u0103 cu curent continuu (DC) solicit\u0103 mai mult celulele bateriei dec\u00e2t \u00eenc\u0103rcarea lent\u0103 prin intermediul unui wallbox sau al unei sta\u021bii de \u00eenc\u0103rcare.<\/li>\n<li><strong>Bateria este mereu \u00eenc\u0103rcat\u0103 sau mereu desc\u0103rcat\u0103:<\/strong> Bateriile au o durat\u0103 de via\u021b\u0103 mai lung\u0103 dac\u0103 le \u00eencarci \u00eentre 20 \u0219i 80 la sut\u0103. \u00cenc\u0103rcarea regulat\u0103 p\u00e2n\u0103 la 100% sau desc\u0103rcarea aproape complet\u0103 accelereaz\u0103 degradarea.<\/li>\n<\/ul>\n<h3>Ce po\u021bi face tu \u00eensu\u021bi pentru a reduce uzura?<\/h3>\n<p>\u00cen calitate de \u0219ofer sau administrator de flot\u0103, po\u021bi contribui activ la prelungirea duratei de via\u021b\u0103 a bateriei. Seteaz\u0103 limita de \u00eenc\u0103rcare la 80% pentru utilizarea zilnic\u0103 \u0219i rezerv\u0103 \u00eenc\u0103rcarea p\u00e2n\u0103 la 100% pentru deplas\u0103rile \u00een care ai nevoie de o autonomie suplimentar\u0103. Folosi\u021bi \u00eenc\u0103rc\u0103toarele rapide doar dac\u0103 este cu adev\u0103rat necesar \u0219i \u00eenc\u0103rca\u021bi, de preferin\u021b\u0103, acas\u0103 sau la birou, folosind o sta\u021bie de \u00eenc\u0103rcare obi\u0219nuit\u0103. Multe autoutilitare electrice moderne dispun de set\u0103ri \u00een computerul de bord sau \u00een aplica\u021bia corespunz\u0103toare, care v\u0103 permit s\u0103 gestiona\u021bi cu u\u0219urin\u021b\u0103 acest aspect.<\/p>\n<h2>Cine este responsabil pentru baterie pe durata contractului de leasing?<\/h2>\n<p>Pe durata contractului de leasing, societatea de leasing este proprietarul legal al vehiculului \u0219i, prin urmare, \u0219i al bateriei. Locatarul, adic\u0103 dumneavoastr\u0103, \u00een calitate de companie sau antreprenor, este responsabil pentru utilizarea corect\u0103 \u0219i \u00eentre\u021binerea normal\u0103. Daunele cauzate de utilizarea neglijent\u0103 sau de neglijare sunt de responsabilitatea dumneavoastr\u0103; uzura normal\u0103 rezultat\u0103 din utilizare este suportat\u0103 de societatea de leasing sau este acoperit\u0103 de garan\u021bia produc\u0103torului.<\/p>\n<p>\u00cen practic\u0103, acest aspect variaz\u0103 \u00een func\u021bie de contractul de leasing. \u00cen cazul leasingului opera\u021bional, majoritatea riscurilor sunt acoperite, inclusiv degradarea normal\u0103 a bateriei. \u00cen cazul leasingului financiar, \u00ee\u021bi asumi un risc mai mare, similar cu cel pe care \u021bi-l asumi atunci c\u00e2nd de\u021bii vehiculul. De aceea, atunci c\u00e2nd \u00eenchei un contract de leasing pentru o ma\u0219in\u0103 electric\u0103 de serviciu, este important s\u0103 cite\u0219ti cu aten\u021bie prevederile referitoare la:<\/p>\n<ul>\n<li>Defini\u021bia \u2018uzurii normale\u2019 fa\u021b\u0103 de \u2018daune\u2019<\/li>\n<li>Cine suport\u0103 costurile repara\u021biei sau \u00eenlocuirii bateriei<\/li>\n<li>Dac\u0103 este prev\u0103zut\u0103 o garan\u021bie de capacitate minim\u0103<\/li>\n<li>Care este procedura \u00een cazul \u00een care bateria se defecteaz\u0103 \u00een timpul perioadei de leasing<\/li>\n<\/ul>\n<p>Dac\u0103 ai vreo \u00eendoial\u0103, cere \u00eentotdeauna sfatul cuiva \u00eenainte de a semna. Un contract \u00een care responsabilitatea privind bateria nu este clar\u0103 poate duce la surprize nepl\u0103cute la momentul return\u0103rii.<\/p>\n<h2>Ce acoper\u0103 garan\u021bia bateriei \u00een cazul autovehiculelor electrice de serviciu?<\/h2>\n<p>Garan\u021bia bateriei pentru autovehiculele electrice de serviciu acoper\u0103, de obicei, situa\u021bia \u00een care capacitatea bateriei scade sub un procent stabilit \u00eentr-o anumit\u0103 perioad\u0103, adesea 70 sau 75 la sut\u0103 din capacitatea ini\u021bial\u0103. Majoritatea produc\u0103torilor ofer\u0103 o perioad\u0103 de garan\u021bie de opt ani sau un anumit num\u0103r de kilometri, \u00een func\u021bie de care dintre aceste limite este atins\u0103 mai \u00eent\u00e2i.<\/p>\n<p>Ce acoper\u0103 exact garan\u021bia difer\u0103 \u00een func\u021bie de marc\u0103 \u0219i model. \u00cen general, se aplic\u0103 urm\u0103toarele:<\/p>\n<ul>\n<li>Pierderea de capacitate cauzat\u0103 de celule defecte sau de defecte de fabrica\u021bie este acoperit\u0103 de garan\u021bie<\/li>\n<li>Uzura normal\u0103 cauzat\u0103 de utilizare nu este acoperit\u0103 de garan\u021bie, cu excep\u021bia cazului \u00een care dep\u0103\u0219e\u0219te pragul stabilit<\/li>\n<li>Daunele cauzate de utilizarea incorect\u0103, cum ar fi supra\u00eenc\u0103rcarea sau expunerea la condi\u021bii extreme, nu sunt, de regul\u0103, acoperite de garan\u021bie<\/li>\n<li>Unii produc\u0103tori ofer\u0103 garan\u021bii mai cuprinz\u0103toare pentru utilizatorii din mediul de afaceri sau pentru clien\u021bii cu flote de vehicule<\/li>\n<\/ul>\n<h3>\u00cen ce fel difer\u0103 garan\u021bia pentru baterie de la o marc\u0103 la alta?<\/h3>\n<p>M\u0103rci precum Volkswagen, Mercedes-Benz, Ford \u0219i Renault aplic\u0103 fiecare propriile condi\u021bii de garan\u021bie pentru autoutilitarele electrice. De exemplu, Volkswagen ofer\u0103 pentru modelul ID. Buzz Cargo o garan\u021bie de opt ani sau 160.000 de kilometri pentru baterie, cu o capacitate minim\u0103 de 70%. Renault aplic\u0103 condi\u021bii similare pentru modelul Master E-Tech. Verifica\u021bi aceste condi\u021bii atunci c\u00e2nd alege\u021bi un <a href=\"https:\/\/www.vdhurk.nl\/ro\/vehicule-comerciale\/electric\/\">ma\u0219in\u0103 de serviciu electric\u0103<\/a> verifica\u021bi \u00eentotdeauna condi\u021biile specifice de garan\u021bie ale modelului respectiv, deoarece acestea pot varia considerabil.<\/p>\n<h2>Care sunt costurile \u00een cazul \u00een care bateria prezint\u0103 defecte la predare?<\/h2>\n<p>Dac\u0103, la returnarea unui autoturism electric \u00eenchiriat, ai provocat daune bateriei care dep\u0103\u0219esc uzura normal\u0103, costurile pot fi considerabile. \u00cenlocuirea bateriei la autoutilitarele electrice cost\u0103, \u00een func\u021bie de marc\u0103 \u0219i model, c\u00e2teva mii de euro. La predare, companiile de leasing efectueaz\u0103 o inspec\u021bie a daunelor, \u00een cadrul c\u0103reia se verific\u0103 capacitatea bateriei.<\/p>\n<p>Ce se consider\u0103 daun\u0103 la predare? Acest lucru variaz\u0103 \u00een func\u021bie de contract, dar iat\u0103 c\u00e2teva situa\u021bii frecvente:<\/p>\n<ul>\n<li>Deteriorarea mecanic\u0103 a carcasei bateriei, de exemplu \u00een urma unei coliziuni sau a unei lovituri venite din partea de jos<\/li>\n<li>Abuzuri dovedite, cum ar fi eludarea sistemului de siguran\u021b\u0103 al \u00eenc\u0103rc\u0103torului sau utilizarea unor \u00eenc\u0103rc\u0103toare neomologate<\/li>\n<li>O sc\u0103dere a capacit\u0103\u021bii care dep\u0103\u0219e\u0219te \u00een mod semnificativ standardul stabilit prin contract<\/li>\n<\/ul>\n<h3>Cum po\u021bi evita costurile neprev\u0103zute la predarea ma\u0219inii?<\/h3>\n<p>Cea mai bun\u0103 protec\u021bie este un contract clar, care s\u0103 con\u021bin\u0103 o defini\u021bie precis\u0103 a uzurii normale. La \u00eencheierea contractului de leasing, solicit\u0103 o confirmare scris\u0103 a st\u0103rii ini\u021biale a bateriei, inclusiv o m\u0103surare a capacit\u0103\u021bii. Astfel, la returnarea vehiculului, vei avea o valoare de referin\u021b\u0103. Unele companii de leasing ofer\u0103, de asemenea, o asigurare pentru baterie ca supliment la contract, ceea ce ofer\u0103 o siguran\u021b\u0103 suplimentar\u0103 \u00een cazul \u00een care totu\u0219i apare o problem\u0103.<\/p>\n<h2>Este o idee bun\u0103 s\u0103 \u00eenchiriezi o ma\u0219in\u0103 electric\u0103 de serviciu dac\u0103 conduci mult?<\/h2>\n<p>Leasingul de autovehicule electrice de serviciu este o solu\u021bie inteligent\u0103 dac\u0103 parcurgi mul\u021bi kilometri, cu condi\u021bia ca traseele tale s\u0103 fie previzibile \u0219i s\u0103 ai acces la infrastructura de \u00eenc\u0103rcare. \u00cen cazul unui kilometraj anual ridicat, beneficiezi la maximum de costurile reduse cu combustibilul \u0219i de \u00eentre\u021binerea mai redus\u0103 a unui sistem de propulsie electric. Totu\u0219i, este recomandabil s\u0103 gestionezi bine uzura bateriei \u0219i comportamentul de \u00eenc\u0103rcare \u00een cazul unei utiliz\u0103ri intensive.<\/p>\n<p>Pentru antreprenorii care parcurg zilnic mul\u021bi kilometri, cum ar fi curierii, tehnicienii de service sau \u0219oferii din sectorul medical, calculul este adesea avantajos. Avantajele sunt evidente:<\/p>\n<ul>\n<li>Costuri energetice mai mici pe kilometru \u00een compara\u021bie cu motorina sau benzina<\/li>\n<li>\u00centre\u021binere redus\u0103: f\u0103r\u0103 schimburi de ulei \u0219i uzur\u0103 redus\u0103 a fr\u00e2nelor datorit\u0103 fr\u00e2n\u0103rii regenerative<\/li>\n<li>Avantaje fiscale pentru utilizarea vehiculelor electrice pe pia\u021ba de afaceri<\/li>\n<li>Taxe de mediu mai mici \u0219i acces la zonele f\u0103r\u0103 emisii din ora\u0219e<\/li>\n<\/ul>\n<p>Pe de alt\u0103 parte, exist\u0103 \u0219i aspecte de care trebuie s\u0103 \u021bin\u0103 cont \u0219oferii care utilizeaz\u0103 vehiculul intens. Bateria se uzeaz\u0103 mai repede \u00een cazul unui num\u0103r mare de cicluri de \u00eenc\u0103rcare, iar dac\u0103 depinzi zilnic de \u00eenc\u0103rc\u0103toarele rapide, acest lucru va afecta pe termen lung starea bateriei. De asemenea, ia \u00een considerare dac\u0103 autonomia modelului ales se potrive\u0219te cu cel mai lung traseu zilnic al t\u0103u, nu cu traseul mediu. O dubi\u021b\u0103 electric\u0103 mic\u0103 este ideal\u0103 pentru distribu\u021bia urban\u0103, \u00een timp ce o <a href=\"https:\/\/www.vdhurk.nl\/ro\/vehicule-comerciale\/cabina-dubla\/\">furgonet\u0103 cu cabin\u0103 dubl\u0103<\/a> impune cerin\u021be diferite \u00een ceea ce prive\u0219te raza de ac\u021biune pentru o echip\u0103 de profesioni\u0219ti.<\/p>\n<h3>Ce tip de autovehicul electric de serviciu este potrivit pentru o utilizare intensiv\u0103?<\/h3>\n<p>Dac\u0103 conduci mult, ai nevoie de un model cu o capacitate mai mare a bateriei \u0219i o strategie eficient\u0103 de \u00eenc\u0103rcare. G\u00e2nde\u0219te-te la modele cu o baterie de 75 kWh sau mai mult, compatibile cu \u00eenc\u0103rcarea rapid\u0103 la puteri mai mari \u0219i cu o autonomie adaptat\u0103 zonei tale de activitate. Discuta\u021bi \u00eentotdeauna \u00een prealabil cu compania de leasing despre kilometrajul anual, astfel \u00eenc\u00e2t contractul s\u0103 fie adaptat utiliz\u0103rii dumneavoastr\u0103 \u0219i s\u0103 nu ave\u021bi surprize la predarea ma\u0219inii.<\/p>\n<h2>Cum te ajut\u0103m \u00een ceea ce prive\u0219te leasingul de autovehicule electrice de serviciu<\/h2>\n<p>Alegerea unui autovehicul electric de serviciu nu se rezum\u0103 doar la compararea autonomiei \u0219i a timpului de \u00eenc\u0103rcare. Bateria, condi\u021biile de garan\u021bie \u0219i responsabilit\u0103\u021bile prev\u0103zute \u00een contractul de leasing merit\u0103 la fel de mult\u0103 aten\u021bie. Te ajut\u0103m \u00een acest demers, de la prima discu\u021bie de consiliere p\u00e2n\u0103 la livrarea vehiculului care se potrive\u0219te cu adev\u0103rat companiei tale.<\/p>\n<p>La noi vei g\u0103si:<\/p>\n<ul>\n<li>O gam\u0103 larg\u0103 de vehicule utilitare electrice, de la autoutilitare compacte p\u00e2n\u0103 la modele mai mari cu cabin\u0103 dubl\u0103<\/li>\n<li>Consiliere personalizat\u0103 pentru a afla ce model se potrive\u0219te stilului t\u0103u de conducere, kilometrajului anual \u0219i posibilit\u0103\u021bilor de \u00eenc\u0103rcare<\/li>\n<li>Informa\u021bii transparente privind condi\u021biile de leasing, garan\u021biile \u0219i responsabilit\u0103\u021bile<\/li>\n<li>Op\u021biuni flexibile de leasing, adaptate nevoilor \u00eentreprinderilor mici \u0219i mijlocii, ale lucr\u0103torilor independen\u021bi \u0219i ale administratorilor de flote auto<\/li>\n<li>Peste 60 de ani de experien\u021b\u0103 \u00een domeniul autovehiculelor comerciale, acum orientat\u0103 \u00een totalitate c\u0103tre mobilitatea electric\u0103<\/li>\n<\/ul>\n<p>Vrei s\u0103 afli care autovehicul electric de serviciu se potrive\u0219te cel mai bine situa\u021biei tale? Contacteaz\u0103-ne sau consult\u0103 oferta noastr\u0103 <a href=\"https:\/\/www.vdhurk.nl\/ro\/vehicule-comerciale\/\">oferta curent\u0103 online<\/a>. Ne face pl\u0103cere s\u0103 te ajut\u0103m cu idei, f\u0103r\u0103 niciun angajament.<\/p>","protected":false},"excerpt":{"rendered":"<p>Bateria \u00een cazul leasingului de autovehicule electrice de serviciu: cine pl\u0103te\u0219te \u00een caz de uzur\u0103? Tot ce trebuie s\u0103 \u0219ti\u021bi despre garan\u021bii, responsabilit\u0103\u021bi \u0219i sfaturi utile pentru \u00eenc\u0103rcare.<\/p>","protected":false},"author":5,"featured_media":577379,"comment_status":"closed","ping_status":"closed","sticky":false,"template":"","format":"standard","meta":{"_acf_changed":false,"footnotes":""},"categories":[1],"tags":[],"class_list":["post-577167","post","type-post","status-publish","format-standard","has-post-thumbnail","hentry","category-seo"],"acf":[],"yoast_head":"<!-- This site is optimized with the Yoast SEO plugin v28.3 - https:\/\/yoast.com\/product\/yoast-seo-wordpress\/ -->\n<title>Wat gebeurt er met de accu bij elektrische bedrijfswagen lease? - Van den Hurk Bedrijfswagens<\/title>\n<meta name=\"description\" content=\"Elektrische bedrijfswagen leasen? Ontdek wie verantwoordelijk is voor de accu, wat garanties dekken en hoe je onverwachte kosten bij inlevering voorkomt.\" \/>\n<meta name=\"robots\" content=\"index, follow, max-snippet:-1, max-image-preview:large, max-video-preview:-1\" \/>\n<link rel=\"canonical\" href=\"https:\/\/www.vdhurk.nl\/ro\/ce-se-intampla-cu-bateria-in-cazul-leasingului-de-autovehicule-electrice-de-serviciu\/\" \/>\n<meta property=\"og:locale\" content=\"ro_RO\" \/>\n<meta property=\"og:type\" content=\"article\" \/>\n<meta property=\"og:title\" content=\"Wat gebeurt er met de accu bij elektrische bedrijfswagen lease? - Van den Hurk Bedrijfswagens\" \/>\n<meta property=\"og:description\" content=\"Elektrische bedrijfswagen leasen? Ontdek wie verantwoordelijk is voor de accu, wat garanties dekken en hoe je onverwachte kosten bij inlevering voorkomt.\" \/>\n<meta property=\"og:url\" content=\"https:\/\/www.vdhurk.nl\/ro\/ce-se-intampla-cu-bateria-in-cazul-leasingului-de-autovehicule-electrice-de-serviciu\/\" \/>\n<meta property=\"og:site_name\" content=\"Van den Hurk Bedrijfswagens\" \/>\n<meta property=\"article:published_time\" content=\"2026-08-31T06:00:00+00:00\" \/>\n<meta property=\"og:image\" content=\"https:\/\/www.vdhurk.nl\/wp-content\/uploads\/2026\/04\/elektrische-bestelwagen-opladen-laadkabel-dusk.webp\" \/>\n\t<meta property=\"og:image:width\" content=\"1024\" \/>\n\t<meta property=\"og:image:height\" content=\"768\" \/>\n\t<meta property=\"og:image:type\" content=\"image\/webp\" \/>\n<meta name=\"author\" content=\"wpseoai\" \/>\n<meta name=\"twitter:card\" content=\"summary_large_image\" \/>\n<meta name=\"twitter:label1\" content=\"Scris de\" \/>\n\t<meta name=\"twitter:data1\" content=\"wpseoai\" \/>\n\t<meta name=\"twitter:label2\" content=\"Timp estimat pentru citire\" \/>\n\t<meta name=\"twitter:data2\" content=\"7 minute\" \/>\n<script type=\"application\/ld+json\" class=\"yoast-schema-graph\">{\"@context\":\"https:\\\/\\\/schema.org\",\"@graph\":[{\"@type\":\"Article\",\"@id\":\"https:\\\/\\\/www.vdhurk.nl\\\/wat-gebeurt-er-met-de-accu-bij-elektrische-bedrijfswagen-lease\\\/#article\",\"isPartOf\":{\"@id\":\"https:\\\/\\\/www.vdhurk.nl\\\/wat-gebeurt-er-met-de-accu-bij-elektrische-bedrijfswagen-lease\\\/\"},\"author\":{\"name\":\"wpseoai\",\"@id\":\"https:\\\/\\\/www.vdhurk.nl\\\/#\\\/schema\\\/person\\\/04c44f7c3ccbd41cb14ad36749c8db5f\"},\"headline\":\"Wat gebeurt er met de accu bij elektrische bedrijfswagen lease?\",\"datePublished\":\"2026-08-31T06:00:00+00:00\",\"mainEntityOfPage\":{\"@id\":\"https:\\\/\\\/www.vdhurk.nl\\\/wat-gebeurt-er-met-de-accu-bij-elektrische-bedrijfswagen-lease\\\/\"},\"wordCount\":1509,\"image\":{\"@id\":\"https:\\\/\\\/www.vdhurk.nl\\\/wat-gebeurt-er-met-de-accu-bij-elektrische-bedrijfswagen-lease\\\/#primaryimage\"},\"thumbnailUrl\":\"https:\\\/\\\/www.vdhurk.nl\\\/wp-content\\\/uploads\\\/2026\\\/04\\\/elektrische-bestelwagen-opladen-laadkabel-dusk.webp\",\"articleSection\":[\"SEO\"],\"inLanguage\":\"ro-RO\"},{\"@type\":\"WebPage\",\"@id\":\"https:\\\/\\\/www.vdhurk.nl\\\/wat-gebeurt-er-met-de-accu-bij-elektrische-bedrijfswagen-lease\\\/\",\"url\":\"https:\\\/\\\/www.vdhurk.nl\\\/wat-gebeurt-er-met-de-accu-bij-elektrische-bedrijfswagen-lease\\\/\",\"name\":\"Wat gebeurt er met de accu bij elektrische bedrijfswagen lease? - Van den Hurk Bedrijfswagens\",\"isPartOf\":{\"@id\":\"https:\\\/\\\/www.vdhurk.nl\\\/#website\"},\"primaryImageOfPage\":{\"@id\":\"https:\\\/\\\/www.vdhurk.nl\\\/wat-gebeurt-er-met-de-accu-bij-elektrische-bedrijfswagen-lease\\\/#primaryimage\"},\"image\":{\"@id\":\"https:\\\/\\\/www.vdhurk.nl\\\/wat-gebeurt-er-met-de-accu-bij-elektrische-bedrijfswagen-lease\\\/#primaryimage\"},\"thumbnailUrl\":\"https:\\\/\\\/www.vdhurk.nl\\\/wp-content\\\/uploads\\\/2026\\\/04\\\/elektrische-bestelwagen-opladen-laadkabel-dusk.webp\",\"datePublished\":\"2026-08-31T06:00:00+00:00\",\"author\":{\"@id\":\"https:\\\/\\\/www.vdhurk.nl\\\/#\\\/schema\\\/person\\\/04c44f7c3ccbd41cb14ad36749c8db5f\"},\"description\":\"Elektrische bedrijfswagen leasen? Ontdek wie verantwoordelijk is voor de accu, wat garanties dekken en hoe je onverwachte kosten bij inlevering voorkomt.\",\"breadcrumb\":{\"@id\":\"https:\\\/\\\/www.vdhurk.nl\\\/wat-gebeurt-er-met-de-accu-bij-elektrische-bedrijfswagen-lease\\\/#breadcrumb\"},\"inLanguage\":\"ro-RO\",\"potentialAction\":[{\"@type\":\"ReadAction\",\"target\":[\"https:\\\/\\\/www.vdhurk.nl\\\/wat-gebeurt-er-met-de-accu-bij-elektrische-bedrijfswagen-lease\\\/\"]}]},{\"@type\":\"ImageObject\",\"inLanguage\":\"ro-RO\",\"@id\":\"https:\\\/\\\/www.vdhurk.nl\\\/wat-gebeurt-er-met-de-accu-bij-elektrische-bedrijfswagen-lease\\\/#primaryimage\",\"url\":\"https:\\\/\\\/www.vdhurk.nl\\\/wp-content\\\/uploads\\\/2026\\\/04\\\/elektrische-bestelwagen-opladen-laadkabel-dusk.webp\",\"contentUrl\":\"https:\\\/\\\/www.vdhurk.nl\\\/wp-content\\\/uploads\\\/2026\\\/04\\\/elektrische-bestelwagen-opladen-laadkabel-dusk.webp\",\"width\":1024,\"height\":768,\"caption\":\"Witte elektrische bestelwagen aangesloten op laadkabel bij schemering, met batterijindicator zichtbaar op dashboard.\"},{\"@type\":\"BreadcrumbList\",\"@id\":\"https:\\\/\\\/www.vdhurk.nl\\\/wat-gebeurt-er-met-de-accu-bij-elektrische-bedrijfswagen-lease\\\/#breadcrumb\",\"itemListElement\":[{\"@type\":\"ListItem\",\"position\":1,\"name\":\"Home\",\"item\":\"https:\\\/\\\/www.vdhurk.nl\\\/home\\\/\"},{\"@type\":\"ListItem\",\"position\":2,\"name\":\"Wat gebeurt er met de accu bij elektrische bedrijfswagen lease?\"}]},{\"@type\":\"WebSite\",\"@id\":\"https:\\\/\\\/www.vdhurk.nl\\\/#website\",\"url\":\"https:\\\/\\\/www.vdhurk.nl\\\/\",\"name\":\"Van den Hurk Bedrijfswagens\",\"description\":\"Van den Hurk bedrijfswagens Helmond\",\"potentialAction\":[{\"@type\":\"SearchAction\",\"target\":{\"@type\":\"EntryPoint\",\"urlTemplate\":\"https:\\\/\\\/www.vdhurk.nl\\\/?s={search_term_string}\"},\"query-input\":{\"@type\":\"PropertyValueSpecification\",\"valueRequired\":true,\"valueName\":\"search_term_string\"}}],\"inLanguage\":\"ro-RO\"},{\"@type\":\"Person\",\"@id\":\"https:\\\/\\\/www.vdhurk.nl\\\/#\\\/schema\\\/person\\\/04c44f7c3ccbd41cb14ad36749c8db5f\",\"name\":\"wpseoai\",\"image\":{\"@type\":\"ImageObject\",\"inLanguage\":\"ro-RO\",\"@id\":\"https:\\\/\\\/secure.gravatar.com\\\/avatar\\\/51ea6db2c0d04861332fc5a8dff3289a3d5bcfa4493f551d20452ff3f9c5bcbf?s=96&d=mm&r=g\",\"url\":\"https:\\\/\\\/secure.gravatar.com\\\/avatar\\\/51ea6db2c0d04861332fc5a8dff3289a3d5bcfa4493f551d20452ff3f9c5bcbf?s=96&d=mm&r=g\",\"contentUrl\":\"https:\\\/\\\/secure.gravatar.com\\\/avatar\\\/51ea6db2c0d04861332fc5a8dff3289a3d5bcfa4493f551d20452ff3f9c5bcbf?s=96&d=mm&r=g\",\"caption\":\"wpseoai\"},\"url\":\"https:\\\/\\\/www.vdhurk.nl\\\/ro\\\/author\\\/wpseoai\\\/\"}]}<\/script>\n<!-- \/ Yoast SEO plugin. -->","yoast_head_json":{"title":"Ce se \u00eent\u00e2mpl\u0103 cu bateria \u00een cazul leasingului de autovehicule electrice de serviciu? - Van den Hurk Autovehicule de serviciu","description":"Vrei s\u0103 \u00eenchiriezi o ma\u0219in\u0103 de serviciu electric\u0103? Afl\u0103 cine este responsabil pentru baterie, ce acoper\u0103 garan\u021biile \u0219i cum po\u021bi evita costurile neprev\u0103zute la predarea ma\u0219inii.","robots":{"index":"index","follow":"follow","max-snippet":"max-snippet:-1","max-image-preview":"max-image-preview:large","max-video-preview":"max-video-preview:-1"},"canonical":"https:\/\/www.vdhurk.nl\/ro\/ce-se-intampla-cu-bateria-in-cazul-leasingului-de-autovehicule-electrice-de-serviciu\/","og_locale":"ro_RO","og_type":"article","og_title":"Wat gebeurt er met de accu bij elektrische bedrijfswagen lease? - Van den Hurk Bedrijfswagens","og_description":"Elektrische bedrijfswagen leasen? Ontdek wie verantwoordelijk is voor de accu, wat garanties dekken en hoe je onverwachte kosten bij inlevering voorkomt.","og_url":"https:\/\/www.vdhurk.nl\/ro\/ce-se-intampla-cu-bateria-in-cazul-leasingului-de-autovehicule-electrice-de-serviciu\/","og_site_name":"Van den Hurk Bedrijfswagens","article_published_time":"2026-08-31T06:00:00+00:00","og_image":[{"width":1024,"height":768,"url":"https:\/\/www.vdhurk.nl\/wp-content\/uploads\/2026\/04\/elektrische-bestelwagen-opladen-laadkabel-dusk.webp","type":"image\/webp"}],"author":"wpseoai","twitter_card":"summary_large_image","twitter_misc":{"Scris de":"wpseoai","Timp estimat pentru citire":"7 minute"},"schema":{"@context":"https:\/\/schema.org","@graph":[{"@type":"Article","@id":"https:\/\/www.vdhurk.nl\/wat-gebeurt-er-met-de-accu-bij-elektrische-bedrijfswagen-lease\/#article","isPartOf":{"@id":"https:\/\/www.vdhurk.nl\/wat-gebeurt-er-met-de-accu-bij-elektrische-bedrijfswagen-lease\/"},"author":{"name":"wpseoai","@id":"https:\/\/www.vdhurk.nl\/#\/schema\/person\/04c44f7c3ccbd41cb14ad36749c8db5f"},"headline":"Wat gebeurt er met de accu bij elektrische bedrijfswagen lease?","datePublished":"2026-08-31T06:00:00+00:00","mainEntityOfPage":{"@id":"https:\/\/www.vdhurk.nl\/wat-gebeurt-er-met-de-accu-bij-elektrische-bedrijfswagen-lease\/"},"wordCount":1509,"image":{"@id":"https:\/\/www.vdhurk.nl\/wat-gebeurt-er-met-de-accu-bij-elektrische-bedrijfswagen-lease\/#primaryimage"},"thumbnailUrl":"https:\/\/www.vdhurk.nl\/wp-content\/uploads\/2026\/04\/elektrische-bestelwagen-opladen-laadkabel-dusk.webp","articleSection":["SEO"],"inLanguage":"ro-RO"},{"@type":"WebPage","@id":"https:\/\/www.vdhurk.nl\/wat-gebeurt-er-met-de-accu-bij-elektrische-bedrijfswagen-lease\/","url":"https:\/\/www.vdhurk.nl\/wat-gebeurt-er-met-de-accu-bij-elektrische-bedrijfswagen-lease\/","name":"Ce se \u00eent\u00e2mpl\u0103 cu bateria \u00een cazul leasingului de autovehicule electrice de serviciu? - Van den Hurk Autovehicule de serviciu","isPartOf":{"@id":"https:\/\/www.vdhurk.nl\/#website"},"primaryImageOfPage":{"@id":"https:\/\/www.vdhurk.nl\/wat-gebeurt-er-met-de-accu-bij-elektrische-bedrijfswagen-lease\/#primaryimage"},"image":{"@id":"https:\/\/www.vdhurk.nl\/wat-gebeurt-er-met-de-accu-bij-elektrische-bedrijfswagen-lease\/#primaryimage"},"thumbnailUrl":"https:\/\/www.vdhurk.nl\/wp-content\/uploads\/2026\/04\/elektrische-bestelwagen-opladen-laadkabel-dusk.webp","datePublished":"2026-08-31T06:00:00+00:00","author":{"@id":"https:\/\/www.vdhurk.nl\/#\/schema\/person\/04c44f7c3ccbd41cb14ad36749c8db5f"},"description":"Vrei s\u0103 \u00eenchiriezi o ma\u0219in\u0103 de serviciu electric\u0103? Afl\u0103 cine este responsabil pentru baterie, ce acoper\u0103 garan\u021biile \u0219i cum po\u021bi evita costurile neprev\u0103zute la predarea ma\u0219inii.","breadcrumb":{"@id":"https:\/\/www.vdhurk.nl\/wat-gebeurt-er-met-de-accu-bij-elektrische-bedrijfswagen-lease\/#breadcrumb"},"inLanguage":"ro-RO","potentialAction":[{"@type":"ReadAction","target":["https:\/\/www.vdhurk.nl\/wat-gebeurt-er-met-de-accu-bij-elektrische-bedrijfswagen-lease\/"]}]},{"@type":"ImageObject","inLanguage":"ro-RO","@id":"https:\/\/www.vdhurk.nl\/wat-gebeurt-er-met-de-accu-bij-elektrische-bedrijfswagen-lease\/#primaryimage","url":"https:\/\/www.vdhurk.nl\/wp-content\/uploads\/2026\/04\/elektrische-bestelwagen-opladen-laadkabel-dusk.webp","contentUrl":"https:\/\/www.vdhurk.nl\/wp-content\/uploads\/2026\/04\/elektrische-bestelwagen-opladen-laadkabel-dusk.webp","width":1024,"height":768,"caption":"Witte elektrische bestelwagen aangesloten op laadkabel bij schemering, met batterijindicator zichtbaar op dashboard."},{"@type":"BreadcrumbList","@id":"https:\/\/www.vdhurk.nl\/wat-gebeurt-er-met-de-accu-bij-elektrische-bedrijfswagen-lease\/#breadcrumb","itemListElement":[{"@type":"ListItem","position":1,"name":"Home","item":"https:\/\/www.vdhurk.nl\/home\/"},{"@type":"ListItem","position":2,"name":"Wat gebeurt er met de accu bij elektrische bedrijfswagen lease?"}]},{"@type":"WebSite","@id":"https:\/\/www.vdhurk.nl\/#website","url":"https:\/\/www.vdhurk.nl\/","name":"Vehicule comerciale Van den Hurk","description":"Vehicule comerciale Van den Hurk Helmond","potentialAction":[{"@type":"SearchAction","target":{"@type":"EntryPoint","urlTemplate":"https:\/\/www.vdhurk.nl\/?s={search_term_string}"},"query-input":{"@type":"PropertyValueSpecification","valueRequired":true,"valueName":"search_term_string"}}],"inLanguage":"ro-RO"},{"@type":"Person","@id":"https:\/\/www.vdhurk.nl\/#\/schema\/person\/04c44f7c3ccbd41cb14ad36749c8db5f","name":"wpseoai","image":{"@type":"ImageObject","inLanguage":"ro-RO","@id":"https:\/\/secure.gravatar.com\/avatar\/51ea6db2c0d04861332fc5a8dff3289a3d5bcfa4493f551d20452ff3f9c5bcbf?s=96&d=mm&r=g","url":"https:\/\/secure.gravatar.com\/avatar\/51ea6db2c0d04861332fc5a8dff3289a3d5bcfa4493f551d20452ff3f9c5bcbf?s=96&d=mm&r=g","contentUrl":"https:\/\/secure.gravatar.com\/avatar\/51ea6db2c0d04861332fc5a8dff3289a3d5bcfa4493f551d20452ff3f9c5bcbf?s=96&d=mm&r=g","caption":"wpseoai"},"url":"https:\/\/www.vdhurk.nl\/ro\/author\/wpseoai\/"}]}},"_links":{"self":[{"href":"https:\/\/www.vdhurk.nl\/ro\/wp-json\/wp\/v2\/posts\/577167","targetHints":{"allow":["GET"]}}],"collection":[{"href":"https:\/\/www.vdhurk.nl\/ro\/wp-json\/wp\/v2\/posts"}],"about":[{"href":"https:\/\/www.vdhurk.nl\/ro\/wp-json\/wp\/v2\/types\/post"}],"author":[{"embeddable":true,"href":"https:\/\/www.vdhurk.nl\/ro\/wp-json\/wp\/v2\/users\/5"}],"replies":[{"embeddable":true,"href":"https:\/\/www.vdhurk.nl\/ro\/wp-json\/wp\/v2\/comments?post=577167"}],"version-history":[{"count":2,"href":"https:\/\/www.vdhurk.nl\/ro\/wp-json\/wp\/v2\/posts\/577167\/revisions"}],"predecessor-version":[{"id":577463,"href":"https:\/\/www.vdhurk.nl\/ro\/wp-json\/wp\/v2\/posts\/577167\/revisions\/577463"}],"wp:featuredmedia":[{"embeddable":true,"href":"https:\/\/www.vdhurk.nl\/ro\/wp-json\/wp\/v2\/media\/577379"}],"wp:attachment":[{"href":"https:\/\/www.vdhurk.nl\/ro\/wp-json\/wp\/v2\/media?parent=577167"}],"wp:term":[{"taxonomy":"category","embeddable":true,"href":"https:\/\/www.vdhurk.nl\/ro\/wp-json\/wp\/v2\/categories?post=577167"},{"taxonomy":"post_tag","embeddable":true,"href":"https:\/\/www.vdhurk.nl\/ro\/wp-json\/wp\/v2\/tags?post=577167"}],"curies":[{"name":"wp","href":"https:\/\/api.w.org\/{rel}","templated":true}]}}