{"id":541244,"date":"2026-03-12T08:00:00","date_gmt":"2026-03-12T07:00:00","guid":{"rendered":"https:\/\/www.vdhurk.nl\/?p=541244"},"modified":"2025-12-24T15:50:16","modified_gmt":"2025-12-24T14:50:16","slug":"care-vehicule-comerciale-electrice-sunt-disponibile-cu-caroserii-frigorifice-si-frigorifice","status":"publish","type":"post","link":"https:\/\/www.vdhurk.nl\/ro\/welke-elektrische-bedrijfswagens-zijn-er-met-koel-en-vriesopbouw\/","title":{"rendered":"Ce vehicule comerciale electrice sunt disponibile cu caroserii frigorifice \u0219i frigorifice?"},"content":{"rendered":"<p>Vehiculele comerciale electrice cu caroserii frigorifice \u0219i frigorifice sunt disponibile la mai multe m\u0103rci, precum Mercedes-Benz, Iveco, Renault \u0219i Ford. Aceste vehicule combin\u0103 mobilitatea f\u0103r\u0103 emisii cu zonele de \u00eenc\u0103rcare frigorifice pentru transportul produselor proaspete, al medicamentelor \u0219i al altor bunuri sensibile la temperatur\u0103. Alegerea depinde de cerin\u021bele dumneavoastr\u0103 \u00een materie de temperatur\u0103, gam\u0103 \u0219i buget.<\/p>\n<h2>Ce m\u0103rci produc vehicule comerciale electrice frigorifice?<\/h2>\n<p>Mercedes-Benz, Iveco, Renault \u0219i Ford sunt principalii furnizori de vehicule comerciale electrice frigorifice. Aceste m\u0103rci ofer\u0103 mai multe modele special concepute pentru transportul cu temperatur\u0103 controlat\u0103.<\/p>\n<p><strong>Mercedes-Benz eVito<\/strong> \u0219i eSprinter sunt op\u021biuni populare pentru transporturile frigorifice medii \u0219i mari. Modelul eVito ofer\u0103 un spa\u021biu de \u00eenc\u0103rcare de p\u00e2n\u0103 la 6,6 metri cubi, \u00een timp ce modelul eSprinter este potrivit pentru volume mai mari, de p\u00e2n\u0103 la 11 metri cubi. Ambele modele pot fi echipate cu sisteme profesionale de refrigerare.<\/p>\n<p>Iveco Daily Electric este un concurent puternic cu \u0219asiul s\u0103u robust \u0219i op\u021biunile flexibile de caroserie. Cunoscut pentru fiabilitatea sa \u00een utilizarea comercial\u0103, acest model poate fi combinat cu diferite sisteme de r\u0103cire, \u00een func\u021bie de nevoile dumneavoastr\u0103 specifice.<\/p>\n<p>Renault Master E-Tech Electric \u0219i Ford E-Transit completeaz\u0103 gama cu propriile lor caracteristici unice. Renault Master ofer\u0103 o manevrabilitate excelent\u0103 \u00een mediul urban, \u00een timp ce Ford E-Transit se remarc\u0103 prin op\u021biunile sale avansate de conectivitate \u0219i spa\u021biul de \u00eenc\u0103rcare u\u0219or de utilizat.<\/p>\n<h2>Care este diferen\u021ba dintre un camion frigorific electric \u0219i un camion frigorific?<\/h2>\n<p>Principala diferen\u021b\u0103 const\u0103 \u00een intervalele de temperatur\u0103 \u0219i \u00een consumul de energie. C\u0103rucioarele frigorifice men\u021bin temperaturi \u00eentre 0\u00b0C \u0219i 8\u00b0C, \u00een timp ce c\u0103rucioarele frigorifice depoziteaz\u0103 produsele la temperaturi cuprinse \u00eentre -18\u00b0C \u0219i -25\u00b0C. C\u0103rucioarele frigorifice consum\u0103 mult mai mult\u0103 energie din cauza diferen\u021bei mai mari de temperatur\u0103.<\/p>\n<p>C\u0103rucioarele frigorifice sunt ideale pentru produsele proaspete, cum ar fi legumele, fructele, lactatele \u0219i medicamentele care trebuie p\u0103strate la rece. Acestea consum\u0103 relativ pu\u021bin\u0103 energie suplimentar\u0103 deoarece diferen\u021ba de temperatur\u0103 fa\u021b\u0103 de temperatura exterioar\u0103 este limitat\u0103. Acest lucru le face potrivite pentru c\u0103l\u0103torii mai lungi, f\u0103r\u0103 un impact major asupra autonomiei.<\/p>\n<p><strong>Camioane frigorifice<\/strong> pe de alt\u0103 parte, sunt necesare pentru alimente congelate, \u00eenghe\u021bat\u0103 \u0219i anumite medicamente. Consumul de energie este 40-60% mai mare dec\u00e2t pentru camioanele frigorifice, deoarece sistemul de refrigerare trebuie s\u0103 lucreze mai mult. Acest lucru afecteaz\u0103 \u00een mod semnificativ distan\u021ba de deplasare, \u00een special \u00een cazul temperaturilor exterioare ridicate.<\/p>\n<p>Izola\u021bia difer\u0103, de asemenea, \u00eentre cele dou\u0103 tipuri. Camioanele frigorifice au panouri izolatoare mai groase \u0219i o etan\u0219are mai bun\u0103 pentru a minimiza pierderea de c\u0103ldur\u0103. Acest lucru le face mai grele dec\u00e2t camioanele frigorifice, ceea ce afecteaz\u0103 capacitatea de \u00eenc\u0103rcare \u0219i consumul de energie \u00een timpul conducerii.<\/p>\n<h2>C\u00e2\u021bi kilometri pute\u021bi parcurge cu un camion frigorific electric?<\/h2>\n<p>Autonomia camioanelor frigorifice electrice este \u00eentre 150 \u0219i 300 de kilometri, \u00een func\u021bie de model, de capacitatea bateriei \u0219i de sistemul de refrigerare. Camioanele frigorifice ating de obicei 80-90% din autonomia standard, \u00een timp ce camioanele frigorifice ating 60-70% din cauza consumului mai mare de energie.<\/p>\n<p>Mai mul\u021bi factori influen\u021beaz\u0103 semnificativ gama. Caracteristicile <strong>temperatura exterioar\u0103<\/strong> joac\u0103 un rol important: \u00een zilele toride de var\u0103, sistemul de r\u0103cire trebuie s\u0103 lucreze mai mult, ceea ce reduce autonomia. Stilul de conducere \u0219i terenul sunt, de asemenea, importante: opririle dese \u0219i traficul urban consum\u0103 mai mult\u0103 energie dec\u00e2t vitezele constante de pe autostrad\u0103.<\/p>\n<p>Pute\u021bi optimiza autonomia prin planificare inteligent\u0103. R\u0103cirea prealabil\u0103 a zonei de \u00eenc\u0103rcare \u00een timpul \u00eenc\u0103rc\u0103rii economise\u0219te energie pe drum. Planificarea eficient\u0103 a traseului cu opriri minime ajut\u0103, de asemenea, la fel ca \u0219i evitarea deschiderii inutile a u\u0219ilor de \u00eenc\u0103rcare.<\/p>\n<p>Sistemele moderne ofer\u0103 adesea dou\u0103 baterii separate: una pentru propulsie \u0219i una pentru r\u0103cire. Acest lucru previne r\u0103m\u00e2nerea \u00een pan\u0103 din cauza unei baterii de r\u0103cire goale \u0219i ofer\u0103 mai mult control asupra distribu\u021biei energiei \u00een timpul c\u0103l\u0103toriei.<\/p>\n<h2>C\u00e2t cost\u0103 un vehicul comercial electric frigorific?<\/h2>\n<p>Noile vehicule comerciale electrice cu sisteme de r\u0103cire cost\u0103 \u00eentre 60.000 \u0219i 90.000 de euro, \u00een func\u021bie de dimensiune \u0219i specifica\u021bii. Acesta este cu 20-30% mai scump dec\u00e2t modelele diesel comparabile, dar subven\u021biile \u0219i scutirile fiscale reduc diferen\u021ba.<\/p>\n<p>Costul total de proprietate este adesea mai avantajos dec\u00e2t alternativele diesel. <strong>Costuri de \u00eentre\u021binere mai mici<\/strong>, lipsa costurilor cu combustibilul \u0219i avantajele fiscale compenseaz\u0103 pre\u021bul de achizi\u021bie mai mare. Ma\u0219inile electrice de companie sunt complet deductibile din TVA \u0219i nu au obliga\u021bii fiscale suplimentare pentru utilizarea \u00een interes de serviciu.<\/p>\n<p>Leasingul este o op\u021biune de finan\u021bare popular\u0103, cu sume lunare cuprinse \u00eentre 800 \u20ac \u0219i 1.200 \u20ac pentru o camionet\u0103 frigorific\u0103 electric\u0103 complet echipat\u0103. Aceast\u0103 sum\u0103 include adesea \u00eentre\u021binerea, asigurarea \u0219i garan\u021bia, oferind siguran\u021b\u0103 bugetului.<\/p>\n<p>Mai multe scheme de subven\u021bionare sprijin\u0103 achizi\u021bia. Subven\u021bia SEBA (Schema de subven\u021bionare pentru ma\u0219ini de companie f\u0103r\u0103 emisii) poate contribui cu p\u00e2n\u0103 la 5 000 EUR pentru ma\u0219ini de companie electrice. Sistemele regionale ofer\u0103 uneori sprijin suplimentar pentru mobilitatea durabil\u0103 a \u00eentreprinderilor.<\/p>\n<h2>Cum ajut\u0103 Van den Hurk cu vehiculele comerciale electrice<\/h2>\n<p>V\u0103 ajut\u0103m s\u0103 trece\u021bi la mobilitatea electric\u0103 a companiei cu consiliere personal\u0103 \u0219i o gam\u0103 larg\u0103 de produse. Combin\u0103m expertiza noastr\u0103 de peste 60 de ani \u00een domeniul vehiculelor comerciale cu cunoa\u0219terea celor mai recente dezvolt\u0103ri electrice \u0219i a tehnologiei de r\u0103cire.<\/p>\n<p>Serviciile noastre includ:<\/p>\n<ul>\n<li>Consiliere personal\u0103 cu privire la vehiculul comercial electric potrivit pentru nevoile dumneavoastr\u0103 de transport frigorific<\/li>\n<li>O prezentare general\u0103 a modelelor disponibile cu sisteme de r\u0103cire \u00een stocul nostru<\/li>\n<li>Op\u021biuni flexibile de leasing \u0219i finan\u021bare, adaptate la situa\u021bia afacerii dumneavoastr\u0103<\/li>\n<li>Sprijin pentru cererile de subven\u021bii \u0219i optimizarea fiscal\u0103<\/li>\n<li>\u00cengrijire ulterioar\u0103 \u0219i \u00eentre\u021binere pentru o mobilitate f\u0103r\u0103 griji a companiei<\/li>\n<\/ul>\n<p>\u00cen\u021belegem c\u0103 fiecare antreprenor are cerin\u021be diferite pentru transportul frigorific. De aceea, ne lu\u0103m timp s\u0103 discut\u0103m cerin\u021bele dvs. specifice \u0219i s\u0103 g\u0103sim cea mai bun\u0103 solu\u021bie. De la camioane frigorifice mici pentru livr\u0103ri locale la camioane frigorifice mari pentru distribu\u021bie regional\u0103, avem expertiza \u0219i stocul necesare pentru a v\u0103 ajuta.<\/p>\n<p>Descoperi\u021bi gama noastr\u0103 complet\u0103 <a href=\"https:\/\/www.vdhurk.nl\/ro\/vehicule-comerciale\/electric\/\">vehicule comerciale electrice<\/a> \u0219i experimenta\u021bi modul \u00een care v\u0103 asigur\u0103m viitorul afacerii cu solu\u021bii de mobilitate durabile. Contacta\u021bi-ne pentru o consultare f\u0103r\u0103 obliga\u021bii privind vehiculele frigorifice electrice.<\/p>","protected":false},"excerpt":{"rendered":"<p>Descoperi\u021bi dubele frigorifice electrice de la Mercedes, Iveco, Renault \u0219i Ford. Autonomie de p\u00e2n\u0103 la 300 km, costuri \u00eencep\u00e2nd de la 60.000 \u20ac.<\/p>","protected":false},"author":5,"featured_media":541411,"comment_status":"closed","ping_status":"closed","sticky":false,"template":"","format":"standard","meta":{"_acf_changed":false,"_improvement_type_select":"improve_an_existing","_thumb_yes_seoaic":false,"_frame_yes_seoaic":false,"seoaic_generate_description":"","seoaic_improve_instructions_prompt":"","seoaic_rollback_content_improvement":"","seoaic_idea_thumbnail_generator":"","thumbnail_generated":false,"thumbnail_generate_prompt":"","seoaic_article_description":"","seoaic_article_subtitles":[],"footnotes":""},"categories":[1],"tags":[],"class_list":["post-541244","post","type-post","status-publish","format-standard","has-post-thumbnail","hentry","category-seo"],"acf":[],"yoast_head":"<!-- This site is optimized with the Yoast SEO plugin v27.5 - https:\/\/yoast.com\/product\/yoast-seo-wordpress\/ -->\n<title>Welke elektrische bedrijfswagens zijn er met koel- en vriesopbouw? - Van den Hurk Bedrijfswagens<\/title>\n<meta name=\"description\" content=\"Elektrische bedrijfswagens met koel- en vriesopbouw van Mercedes, Iveco, Renault en Ford. Actieradius 150-300km, vanaf \u20ac60.000. Subsidies beschikbaar!\" \/>\n<meta name=\"robots\" content=\"index, follow, max-snippet:-1, max-image-preview:large, max-video-preview:-1\" \/>\n<link rel=\"canonical\" href=\"https:\/\/www.vdhurk.nl\/ro\/care-vehicule-comerciale-electrice-sunt-disponibile-cu-caroserii-frigorifice-si-frigorifice\/\" \/>\n<meta property=\"og:locale\" content=\"ro_RO\" \/>\n<meta property=\"og:type\" content=\"article\" \/>\n<meta property=\"og:title\" content=\"Welke elektrische bedrijfswagens zijn er met koel- en vriesopbouw? - Van den Hurk Bedrijfswagens\" \/>\n<meta property=\"og:description\" content=\"Elektrische bedrijfswagens met koel- en vriesopbouw van Mercedes, Iveco, Renault en Ford. Actieradius 150-300km, vanaf \u20ac60.000. Subsidies beschikbaar!\" \/>\n<meta property=\"og:url\" content=\"https:\/\/www.vdhurk.nl\/ro\/care-vehicule-comerciale-electrice-sunt-disponibile-cu-caroserii-frigorifice-si-frigorifice\/\" \/>\n<meta property=\"og:site_name\" content=\"Van den Hurk Bedrijfswagens\" \/>\n<meta property=\"article:published_time\" content=\"2026-03-12T07:00:00+00:00\" \/>\n<meta property=\"og:image\" content=\"https:\/\/www.vdhurk.nl\/wp-content\/uploads\/2025\/12\/elektrische-koelwagen-commercieel-laadruimte.webp\" \/>\n\t<meta property=\"og:image:width\" content=\"1024\" \/>\n\t<meta property=\"og:image:height\" content=\"768\" \/>\n\t<meta property=\"og:image:type\" content=\"image\/webp\" \/>\n<meta name=\"author\" content=\"wpseoai\" \/>\n<meta name=\"twitter:card\" content=\"summary_large_image\" \/>\n<meta name=\"twitter:label1\" content=\"Scris de\" \/>\n\t<meta name=\"twitter:data1\" content=\"wpseoai\" \/>\n\t<meta name=\"twitter:label2\" content=\"Timp estimat pentru citire\" \/>\n\t<meta name=\"twitter:data2\" content=\"4 minute\" \/>\n<script type=\"application\/ld+json\" class=\"yoast-schema-graph\">{\"@context\":\"https:\\\/\\\/schema.org\",\"@graph\":[{\"@type\":\"Article\",\"@id\":\"https:\\\/\\\/www.vdhurk.nl\\\/welke-elektrische-bedrijfswagens-zijn-er-met-koel-en-vriesopbouw\\\/#article\",\"isPartOf\":{\"@id\":\"https:\\\/\\\/www.vdhurk.nl\\\/welke-elektrische-bedrijfswagens-zijn-er-met-koel-en-vriesopbouw\\\/\"},\"author\":{\"name\":\"wpseoai\",\"@id\":\"https:\\\/\\\/www.vdhurk.nl\\\/#\\\/schema\\\/person\\\/04c44f7c3ccbd41cb14ad36749c8db5f\"},\"headline\":\"Welke elektrische bedrijfswagens zijn er met koel- en vriesopbouw?\",\"datePublished\":\"2026-03-12T07:00:00+00:00\",\"mainEntityOfPage\":{\"@id\":\"https:\\\/\\\/www.vdhurk.nl\\\/welke-elektrische-bedrijfswagens-zijn-er-met-koel-en-vriesopbouw\\\/\"},\"wordCount\":809,\"image\":{\"@id\":\"https:\\\/\\\/www.vdhurk.nl\\\/welke-elektrische-bedrijfswagens-zijn-er-met-koel-en-vriesopbouw\\\/#primaryimage\"},\"thumbnailUrl\":\"https:\\\/\\\/www.vdhurk.nl\\\/wp-content\\\/uploads\\\/2025\\\/12\\\/elektrische-koelwagen-commercieel-laadruimte.webp\",\"articleSection\":[\"SEO\"],\"inLanguage\":\"ro-RO\"},{\"@type\":\"WebPage\",\"@id\":\"https:\\\/\\\/www.vdhurk.nl\\\/welke-elektrische-bedrijfswagens-zijn-er-met-koel-en-vriesopbouw\\\/\",\"url\":\"https:\\\/\\\/www.vdhurk.nl\\\/welke-elektrische-bedrijfswagens-zijn-er-met-koel-en-vriesopbouw\\\/\",\"name\":\"Welke elektrische bedrijfswagens zijn er met koel- en vriesopbouw? - Van den Hurk Bedrijfswagens\",\"isPartOf\":{\"@id\":\"https:\\\/\\\/www.vdhurk.nl\\\/#website\"},\"primaryImageOfPage\":{\"@id\":\"https:\\\/\\\/www.vdhurk.nl\\\/welke-elektrische-bedrijfswagens-zijn-er-met-koel-en-vriesopbouw\\\/#primaryimage\"},\"image\":{\"@id\":\"https:\\\/\\\/www.vdhurk.nl\\\/welke-elektrische-bedrijfswagens-zijn-er-met-koel-en-vriesopbouw\\\/#primaryimage\"},\"thumbnailUrl\":\"https:\\\/\\\/www.vdhurk.nl\\\/wp-content\\\/uploads\\\/2025\\\/12\\\/elektrische-koelwagen-commercieel-laadruimte.webp\",\"datePublished\":\"2026-03-12T07:00:00+00:00\",\"author\":{\"@id\":\"https:\\\/\\\/www.vdhurk.nl\\\/#\\\/schema\\\/person\\\/04c44f7c3ccbd41cb14ad36749c8db5f\"},\"description\":\"Elektrische bedrijfswagens met koel- en vriesopbouw van Mercedes, Iveco, Renault en Ford. Actieradius 150-300km, vanaf \u20ac60.000. Subsidies beschikbaar!\",\"breadcrumb\":{\"@id\":\"https:\\\/\\\/www.vdhurk.nl\\\/welke-elektrische-bedrijfswagens-zijn-er-met-koel-en-vriesopbouw\\\/#breadcrumb\"},\"inLanguage\":\"ro-RO\",\"potentialAction\":[{\"@type\":\"ReadAction\",\"target\":[\"https:\\\/\\\/www.vdhurk.nl\\\/welke-elektrische-bedrijfswagens-zijn-er-met-koel-en-vriesopbouw\\\/\"]}]},{\"@type\":\"ImageObject\",\"inLanguage\":\"ro-RO\",\"@id\":\"https:\\\/\\\/www.vdhurk.nl\\\/welke-elektrische-bedrijfswagens-zijn-er-met-koel-en-vriesopbouw\\\/#primaryimage\",\"url\":\"https:\\\/\\\/www.vdhurk.nl\\\/wp-content\\\/uploads\\\/2025\\\/12\\\/elektrische-koelwagen-commercieel-laadruimte.webp\",\"contentUrl\":\"https:\\\/\\\/www.vdhurk.nl\\\/wp-content\\\/uploads\\\/2025\\\/12\\\/elektrische-koelwagen-commercieel-laadruimte.webp\",\"width\":1024,\"height\":768,\"caption\":\"Elektrische koelwagen met open deuren toont roestvrijstalen koelruimte met temperatuurmeters in magazijn laadperron\"},{\"@type\":\"BreadcrumbList\",\"@id\":\"https:\\\/\\\/www.vdhurk.nl\\\/welke-elektrische-bedrijfswagens-zijn-er-met-koel-en-vriesopbouw\\\/#breadcrumb\",\"itemListElement\":[{\"@type\":\"ListItem\",\"position\":1,\"name\":\"Home\",\"item\":\"https:\\\/\\\/www.vdhurk.nl\\\/home\\\/\"},{\"@type\":\"ListItem\",\"position\":2,\"name\":\"Welke elektrische bedrijfswagens zijn er met koel- en vriesopbouw?\"}]},{\"@type\":\"WebSite\",\"@id\":\"https:\\\/\\\/www.vdhurk.nl\\\/#website\",\"url\":\"https:\\\/\\\/www.vdhurk.nl\\\/\",\"name\":\"Van den Hurk Bedrijfswagens\",\"description\":\"Van den Hurk bedrijfswagens Helmond\",\"potentialAction\":[{\"@type\":\"SearchAction\",\"target\":{\"@type\":\"EntryPoint\",\"urlTemplate\":\"https:\\\/\\\/www.vdhurk.nl\\\/?s={search_term_string}\"},\"query-input\":{\"@type\":\"PropertyValueSpecification\",\"valueRequired\":true,\"valueName\":\"search_term_string\"}}],\"inLanguage\":\"ro-RO\"},{\"@type\":\"Person\",\"@id\":\"https:\\\/\\\/www.vdhurk.nl\\\/#\\\/schema\\\/person\\\/04c44f7c3ccbd41cb14ad36749c8db5f\",\"name\":\"wpseoai\",\"image\":{\"@type\":\"ImageObject\",\"inLanguage\":\"ro-RO\",\"@id\":\"https:\\\/\\\/secure.gravatar.com\\\/avatar\\\/51ea6db2c0d04861332fc5a8dff3289a3d5bcfa4493f551d20452ff3f9c5bcbf?s=96&d=mm&r=g\",\"url\":\"https:\\\/\\\/secure.gravatar.com\\\/avatar\\\/51ea6db2c0d04861332fc5a8dff3289a3d5bcfa4493f551d20452ff3f9c5bcbf?s=96&d=mm&r=g\",\"contentUrl\":\"https:\\\/\\\/secure.gravatar.com\\\/avatar\\\/51ea6db2c0d04861332fc5a8dff3289a3d5bcfa4493f551d20452ff3f9c5bcbf?s=96&d=mm&r=g\",\"caption\":\"wpseoai\"},\"url\":\"https:\\\/\\\/www.vdhurk.nl\\\/ro\\\/author\\\/wpseoai\\\/\"}]}<\/script>\n<!-- \/ Yoast SEO plugin. -->","yoast_head_json":{"title":"Ce vehicule comerciale electrice sunt disponibile cu caroserii frigorifice \u0219i congelatoare? - Vehicule comerciale Van den Hurk","description":"Vehicule comerciale electrice cu caroserii frigorifice \u0219i congelatoare de la Mercedes, Iveco, Renault \u0219i Ford. Autonomie 150-300 km, de la 60.000 EUR. Subven\u021bii disponibile!","robots":{"index":"index","follow":"follow","max-snippet":"max-snippet:-1","max-image-preview":"max-image-preview:large","max-video-preview":"max-video-preview:-1"},"canonical":"https:\/\/www.vdhurk.nl\/ro\/care-vehicule-comerciale-electrice-sunt-disponibile-cu-caroserii-frigorifice-si-frigorifice\/","og_locale":"ro_RO","og_type":"article","og_title":"Welke elektrische bedrijfswagens zijn er met koel- en vriesopbouw? - Van den Hurk Bedrijfswagens","og_description":"Elektrische bedrijfswagens met koel- en vriesopbouw van Mercedes, Iveco, Renault en Ford. Actieradius 150-300km, vanaf \u20ac60.000. Subsidies beschikbaar!","og_url":"https:\/\/www.vdhurk.nl\/ro\/care-vehicule-comerciale-electrice-sunt-disponibile-cu-caroserii-frigorifice-si-frigorifice\/","og_site_name":"Van den Hurk Bedrijfswagens","article_published_time":"2026-03-12T07:00:00+00:00","og_image":[{"width":1024,"height":768,"url":"https:\/\/www.vdhurk.nl\/wp-content\/uploads\/2025\/12\/elektrische-koelwagen-commercieel-laadruimte.webp","type":"image\/webp"}],"author":"wpseoai","twitter_card":"summary_large_image","twitter_misc":{"Scris de":"wpseoai","Timp estimat pentru citire":"4 minute"},"schema":{"@context":"https:\/\/schema.org","@graph":[{"@type":"Article","@id":"https:\/\/www.vdhurk.nl\/welke-elektrische-bedrijfswagens-zijn-er-met-koel-en-vriesopbouw\/#article","isPartOf":{"@id":"https:\/\/www.vdhurk.nl\/welke-elektrische-bedrijfswagens-zijn-er-met-koel-en-vriesopbouw\/"},"author":{"name":"wpseoai","@id":"https:\/\/www.vdhurk.nl\/#\/schema\/person\/04c44f7c3ccbd41cb14ad36749c8db5f"},"headline":"Welke elektrische bedrijfswagens zijn er met koel- en vriesopbouw?","datePublished":"2026-03-12T07:00:00+00:00","mainEntityOfPage":{"@id":"https:\/\/www.vdhurk.nl\/welke-elektrische-bedrijfswagens-zijn-er-met-koel-en-vriesopbouw\/"},"wordCount":809,"image":{"@id":"https:\/\/www.vdhurk.nl\/welke-elektrische-bedrijfswagens-zijn-er-met-koel-en-vriesopbouw\/#primaryimage"},"thumbnailUrl":"https:\/\/www.vdhurk.nl\/wp-content\/uploads\/2025\/12\/elektrische-koelwagen-commercieel-laadruimte.webp","articleSection":["SEO"],"inLanguage":"ro-RO"},{"@type":"WebPage","@id":"https:\/\/www.vdhurk.nl\/welke-elektrische-bedrijfswagens-zijn-er-met-koel-en-vriesopbouw\/","url":"https:\/\/www.vdhurk.nl\/welke-elektrische-bedrijfswagens-zijn-er-met-koel-en-vriesopbouw\/","name":"Ce vehicule comerciale electrice sunt disponibile cu caroserii frigorifice \u0219i congelatoare? - Vehicule comerciale Van den Hurk","isPartOf":{"@id":"https:\/\/www.vdhurk.nl\/#website"},"primaryImageOfPage":{"@id":"https:\/\/www.vdhurk.nl\/welke-elektrische-bedrijfswagens-zijn-er-met-koel-en-vriesopbouw\/#primaryimage"},"image":{"@id":"https:\/\/www.vdhurk.nl\/welke-elektrische-bedrijfswagens-zijn-er-met-koel-en-vriesopbouw\/#primaryimage"},"thumbnailUrl":"https:\/\/www.vdhurk.nl\/wp-content\/uploads\/2025\/12\/elektrische-koelwagen-commercieel-laadruimte.webp","datePublished":"2026-03-12T07:00:00+00:00","author":{"@id":"https:\/\/www.vdhurk.nl\/#\/schema\/person\/04c44f7c3ccbd41cb14ad36749c8db5f"},"description":"Vehicule comerciale electrice cu caroserii frigorifice \u0219i congelatoare de la Mercedes, Iveco, Renault \u0219i Ford. Autonomie 150-300 km, de la 60.000 EUR. Subven\u021bii disponibile!","breadcrumb":{"@id":"https:\/\/www.vdhurk.nl\/welke-elektrische-bedrijfswagens-zijn-er-met-koel-en-vriesopbouw\/#breadcrumb"},"inLanguage":"ro-RO","potentialAction":[{"@type":"ReadAction","target":["https:\/\/www.vdhurk.nl\/welke-elektrische-bedrijfswagens-zijn-er-met-koel-en-vriesopbouw\/"]}]},{"@type":"ImageObject","inLanguage":"ro-RO","@id":"https:\/\/www.vdhurk.nl\/welke-elektrische-bedrijfswagens-zijn-er-met-koel-en-vriesopbouw\/#primaryimage","url":"https:\/\/www.vdhurk.nl\/wp-content\/uploads\/2025\/12\/elektrische-koelwagen-commercieel-laadruimte.webp","contentUrl":"https:\/\/www.vdhurk.nl\/wp-content\/uploads\/2025\/12\/elektrische-koelwagen-commercieel-laadruimte.webp","width":1024,"height":768,"caption":"Elektrische koelwagen met open deuren toont roestvrijstalen koelruimte met temperatuurmeters in magazijn laadperron"},{"@type":"BreadcrumbList","@id":"https:\/\/www.vdhurk.nl\/welke-elektrische-bedrijfswagens-zijn-er-met-koel-en-vriesopbouw\/#breadcrumb","itemListElement":[{"@type":"ListItem","position":1,"name":"Home","item":"https:\/\/www.vdhurk.nl\/home\/"},{"@type":"ListItem","position":2,"name":"Welke elektrische bedrijfswagens zijn er met koel- en vriesopbouw?"}]},{"@type":"WebSite","@id":"https:\/\/www.vdhurk.nl\/#website","url":"https:\/\/www.vdhurk.nl\/","name":"Vehicule comerciale Van den Hurk","description":"Vehicule comerciale Van den Hurk Helmond","potentialAction":[{"@type":"SearchAction","target":{"@type":"EntryPoint","urlTemplate":"https:\/\/www.vdhurk.nl\/?s={search_term_string}"},"query-input":{"@type":"PropertyValueSpecification","valueRequired":true,"valueName":"search_term_string"}}],"inLanguage":"ro-RO"},{"@type":"Person","@id":"https:\/\/www.vdhurk.nl\/#\/schema\/person\/04c44f7c3ccbd41cb14ad36749c8db5f","name":"wpseoai","image":{"@type":"ImageObject","inLanguage":"ro-RO","@id":"https:\/\/secure.gravatar.com\/avatar\/51ea6db2c0d04861332fc5a8dff3289a3d5bcfa4493f551d20452ff3f9c5bcbf?s=96&d=mm&r=g","url":"https:\/\/secure.gravatar.com\/avatar\/51ea6db2c0d04861332fc5a8dff3289a3d5bcfa4493f551d20452ff3f9c5bcbf?s=96&d=mm&r=g","contentUrl":"https:\/\/secure.gravatar.com\/avatar\/51ea6db2c0d04861332fc5a8dff3289a3d5bcfa4493f551d20452ff3f9c5bcbf?s=96&d=mm&r=g","caption":"wpseoai"},"url":"https:\/\/www.vdhurk.nl\/ro\/author\/wpseoai\/"}]}},"_links":{"self":[{"href":"https:\/\/www.vdhurk.nl\/ro\/wp-json\/wp\/v2\/posts\/541244","targetHints":{"allow":["GET"]}}],"collection":[{"href":"https:\/\/www.vdhurk.nl\/ro\/wp-json\/wp\/v2\/posts"}],"about":[{"href":"https:\/\/www.vdhurk.nl\/ro\/wp-json\/wp\/v2\/types\/post"}],"author":[{"embeddable":true,"href":"https:\/\/www.vdhurk.nl\/ro\/wp-json\/wp\/v2\/users\/5"}],"replies":[{"embeddable":true,"href":"https:\/\/www.vdhurk.nl\/ro\/wp-json\/wp\/v2\/comments?post=541244"}],"version-history":[{"count":1,"href":"https:\/\/www.vdhurk.nl\/ro\/wp-json\/wp\/v2\/posts\/541244\/revisions"}],"predecessor-version":[{"id":541342,"href":"https:\/\/www.vdhurk.nl\/ro\/wp-json\/wp\/v2\/posts\/541244\/revisions\/541342"}],"wp:featuredmedia":[{"embeddable":true,"href":"https:\/\/www.vdhurk.nl\/ro\/wp-json\/wp\/v2\/media\/541411"}],"wp:attachment":[{"href":"https:\/\/www.vdhurk.nl\/ro\/wp-json\/wp\/v2\/media?parent=541244"}],"wp:term":[{"taxonomy":"category","embeddable":true,"href":"https:\/\/www.vdhurk.nl\/ro\/wp-json\/wp\/v2\/categories?post=541244"},{"taxonomy":"post_tag","embeddable":true,"href":"https:\/\/www.vdhurk.nl\/ro\/wp-json\/wp\/v2\/tags?post=541244"}],"curies":[{"name":"wp","href":"https:\/\/api.w.org\/{rel}","templated":true}]}}