{"id":541225,"date":"2026-03-11T08:00:00","date_gmt":"2026-03-11T07:00:00","guid":{"rendered":"https:\/\/www.vdhurk.nl\/?p=541225"},"modified":"2025-12-24T15:50:18","modified_gmt":"2025-12-24T14:50:18","slug":"cum-sa-evitati-problemele-cu-vehiculele-comerciale-electrice-in-timpul-iernii","status":"publish","type":"post","link":"https:\/\/www.vdhurk.nl\/ro\/hoe-voorkom-je-problemen-met-elektrische-bedrijfswagens-in-de-winter\/","title":{"rendered":"Cum s\u0103 evita\u021bi problemele cu vehiculele comerciale electrice \u00een timpul iernii?"},"content":{"rendered":"<p>Vehiculele comerciale electrice \u00ee\u0219i pierd p\u00e2n\u0103 la 30% din autonomie iarna din cauza temperaturilor sc\u0103zute care afecteaz\u0103 performan\u021ba bateriei. Evita\u021bi problemele de iarn\u0103 prin pre\u00eenc\u0103lzirea autovehiculului \u00een timp ce se afl\u0103 pe \u00eenc\u0103rc\u0103tor, parcarea acestuia \u00een interior ori de c\u00e2te ori este posibil \u0219i aplicarea unor strategii inteligente de \u00eenc\u0103rcare. \u00centre\u021binerea regulat\u0103 a anvelopelor, a sistemelor de \u00eenc\u0103lzire \u0219i a componentelor electrice v\u0103 va ajuta vehiculul comercial s\u0103 treac\u0103 cu bine peste lunile reci.<\/p>\n<h2>De ce vehiculele comerciale electrice \u00ee\u0219i pierd autonomia iarna?<\/h2>\n<p>Vehiculele comerciale electrice \u00ee\u0219i pierd autonomia pe timp de iarn\u0103 din cauza <strong>temperaturile sc\u0103zute \u00eencetinesc procesele chimice din bateriile litiu-ion<\/strong>. La temperaturi sub zero grade, autonomia poate sc\u0103dea cu 20-30% comparativ cu condi\u021biile de var\u0103. Celulele bateriei func\u021bioneaz\u0103 mai pu\u021bin eficient, astfel \u00eenc\u00e2t pot furniza mai pu\u021bin\u0103 energie motorului.<\/p>\n<p>Pe l\u00e2ng\u0103 performan\u021ba bateriei, consumul de energie pentru \u00eenc\u0103lzire joac\u0103 un rol important. Vehiculul dvs. comercial consum\u0103 energie suplimentar\u0103 pentru a men\u021bine cabina cald\u0103, parbrizul f\u0103r\u0103 ghea\u021b\u0103 \u0219i bateria \u00eens\u0103\u0219i cald\u0103. Toate acestea se fac \u00een detrimentul autonomiei.<\/p>\n<p>Rezisten\u021ba crescut\u0103 la rulare a anvelopelor reci \u0219i aerul mai dens la temperaturi sc\u0103zute determin\u0103, de asemenea, un consum suplimentar de energie. Dac\u0103 efectua\u021bi \u00een mod regulat c\u0103l\u0103torii scurte \u00een care bateria nu are ocazia s\u0103 se \u00eenc\u0103lzeasc\u0103, acest efect devine \u0219i mai pronun\u021bat.<\/p>\n<h2>Cum v\u0103 asigura\u021bi c\u0103 vehiculul dvs. electric porne\u0219te corect \u00een frig?<\/h2>\n<p><strong>Pre\u00eenc\u0103lzire \u00een timp ce vehiculul dvs. este pe \u00eenc\u0103rc\u0103tor<\/strong> este cel mai bun mod de a evita problemele legate de pornirea la rece. Utiliza\u021bi aplica\u021bia vehiculului dvs. comercial pentru a \u00eenc\u0103lzi cabina \u0219i bateria \u00eenainte de plecare. Acest lucru nu consum\u0103 energie de la bateria \u00een sine, deoarece energia provine direct de la punctul de \u00eenc\u0103rcare.<\/p>\n<p>Parca\u021bi vehiculul electric utilitar \u00een interior ori de c\u00e2te ori este posibil. Un garaj sau o zon\u0103 de parcare acoperit\u0103 protejeaz\u0103 \u00eempotriva temperaturilor extreme \u0219i men\u021bine bateria mai cald\u0103. Acest lucru poate \u00eembun\u0103t\u0103\u021bi autonomia cu 10-15% comparativ cu parcarea \u00een aer liber.<\/p>\n<p>Planifica\u021bi-v\u0103 inteligent timpul de \u00eenc\u0103rcare. \u00cenc\u0103rca\u021bi autovehiculul chiar \u00eenainte de plecare, astfel \u00eenc\u00e2t bateria s\u0103 fie \u00eenc\u0103 cald\u0103 \u00een urma procesului de \u00eenc\u0103rcare. O baterie cald\u0103 furnizeaz\u0103 mai mult\u0103 energie \u0219i asigur\u0103 performan\u021be mai bune \u00een timpul primilor kilometri de condus.<\/p>\n<h2>Ce sfaturi de \u00eentre\u021binere v\u0103 vor ajuta vehiculul electric utilitar s\u0103 treac\u0103 peste iarn\u0103?<\/h2>\n<p>Verifica\u021bi lunar presiunea \u00een anvelope, deoarece <strong>aer rece presiunea cu 1-2 psi pentru fiecare sc\u0103dere de temperatur\u0103 de 10 grade<\/strong> reduce. Anvelopele umflate corespunz\u0103tor reduc rezisten\u021ba la rulare \u0219i v\u0103 ajut\u0103 s\u0103 v\u0103 men\u021bine\u021bi autonomia. Lua\u021bi \u00een considerare anvelopele de iarn\u0103 pentru o mai bun\u0103 aderen\u021b\u0103 \u0219i siguran\u021b\u0103 pe drumurile alunecoase.<\/p>\n<p>Testa\u021bi periodic sistemul de \u00eenc\u0103lzire pentru a v\u0103 asigura c\u0103 acesta func\u021bioneaz\u0103 eficient. Un sistem de \u00eenc\u0103lzire defect nu numai c\u0103 provoac\u0103 nepl\u0103ceri, dar poate duce \u0219i la aburirea geamurilor \u0219i la reducerea siguran\u021bei. Schimba\u021bi filtrele de cabin\u0103 la timp pentru a men\u021bine un flux de aer optim.<\/p>\n<p>P\u0103stra\u021bi contactele electrice \u0219i porturile de \u00eenc\u0103rcare curate \u0219i uscate. Umiditatea \u0219i sarea de pe \u0219osele pot cauza coroziunea componentelor electrice importante. De asemenea, verifica\u021bi garniturile de cauciuc din jurul u\u0219ilor \u0219i ferestrelor pentru a preveni pierderile de c\u0103ldur\u0103.<\/p>\n<h2>Care sunt cele mai bune strategii de \u00eenc\u0103rcare pentru vehiculele comerciale electrice \u00een timpul iernii?<\/h2>\n<p>Men\u021bine\u021bi bateria \u00eenc\u0103rcat\u0103 \u00eentre 20% \u0219i 80% \u00een timpul lunilor de iarn\u0103. <strong>O baterie complet desc\u0103rcat\u0103 la temperaturi sc\u0103zute poate suferi daune permanente<\/strong>, \u00een timp ce o baterie supra\u00eenc\u0103rcat\u0103 limiteaz\u0103 func\u021bia de fr\u00e2nare regenerativ\u0103. Aceast\u0103 l\u0103\u021bime de band\u0103 v\u0103 ofer\u0103 flexibilitate \u0219i protejeaz\u0103 s\u0103n\u0103tatea bateriei.<\/p>\n<p>Utiliza\u021bi \u00eenc\u0103rc\u0103toare rapide \u00een mod strategic, dar nu exclusiv. \u00cenc\u0103rcarea rapid\u0103 genereaz\u0103 c\u0103ldur\u0103 care ajut\u0103 la aducerea bateriei la temperatur\u0103, dar nu o face\u021bi prea des, deoarece poate suprasolicita bateria. Combina\u021bi \u00eenc\u0103rcarea rapid\u0103 pentru c\u0103l\u0103toriile lungi cu \u00eenc\u0103rcarea lent\u0103 la domiciliu pentru utilizarea zilnic\u0103.<\/p>\n<p>Planifica\u021bi-v\u0103 sesiunile de \u00eenc\u0103rcare astfel \u00eenc\u00e2t acestea s\u0103 se \u00eencheie chiar \u00eenainte de plecare. O baterie proasp\u0103t \u00eenc\u0103rcat\u0103 este mai cald\u0103 \u0219i func\u021bioneaz\u0103 mai bine. Utiliza\u021bi func\u021biile de temporizare din ma\u0219in\u0103 sau din sta\u021bia de \u00eenc\u0103rcare pentru a controla automat acest lucru, astfel \u00eenc\u00e2t s\u0103 pleca\u021bi \u00eentotdeauna la drum cu o temperatur\u0103 optim\u0103 a bateriei.<\/p>\n<h2>Cum ajut\u0103 Van Den Hurk cu vehiculele comerciale electrice<\/h2>\n<p>V\u0103 facem trecerea la condusul electric f\u0103r\u0103 griji, chiar \u0219i \u00een timpul lunilor de iarn\u0103. Cu peste 60 de ani de experien\u021b\u0103 \u00een domeniul vehiculelor comerciale, \u00een\u021belegem exact care sunt provoc\u0103rile cu care v\u0103 confrunta\u021bi \u0219i cum s\u0103 le aborda\u021bi cel mai bine.<\/p>\n<p>Sprijinul nostru pentru <a href=\"https:\/\/www.vdhurk.nl\/ro\/vehicule-comerciale\/electric\/\">vehicule comerciale electrice<\/a> include:<\/p>\n<ul>\n<li>Consiliere personal\u0103 cu privire la modelul electric potrivit pentru nevoile dvs. de afaceri<\/li>\n<li>Sfaturi practice pentru iernare \u0219i \u00eentre\u021binere sezonier\u0103<\/li>\n<li>Orient\u0103ri privind solu\u021biile de \u00eenc\u0103rcare \u0219i planificarea autonomiei<\/li>\n<li>Op\u021biuni flexibile de leasing pentru a se potrivi bugetului dvs.<\/li>\n<li>Sprijinirea trecerii de la combustibil la electricitate<\/li>\n<\/ul>\n<p>Dori\u021bi s\u0103 \u0219ti\u021bi ce ma\u0219in\u0103 electric\u0103 de companie este cea mai bun\u0103 pentru afacerea dvs.? Contacta\u021bi-ne pentru o consulta\u021bie f\u0103r\u0103 obliga\u021bii. Vom fi bucuro\u0219i s\u0103 v\u0103 ajut\u0103m s\u0103 face\u021bi alegerea corect\u0103 \u0219i s\u0103 ne asigur\u0103m c\u0103 sunte\u021bi bine preg\u0103tit pentru toate anotimpurile.<\/p>","protected":false},"excerpt":{"rendered":"<p>Vehiculele comerciale electrice pierd p\u00e2n\u0103 la 30% autonomie \u00een timpul iernii. Preveni\u021bi problemele cu strategii inteligente de \u00eenc\u0103rcare \u0219i sfaturi de \u00eentre\u021binere.<\/p>","protected":false},"author":5,"featured_media":541405,"comment_status":"closed","ping_status":"closed","sticky":false,"template":"","format":"standard","meta":{"_acf_changed":false,"_improvement_type_select":"improve_an_existing","_thumb_yes_seoaic":false,"_frame_yes_seoaic":false,"seoaic_generate_description":"","seoaic_improve_instructions_prompt":"","seoaic_rollback_content_improvement":"","seoaic_idea_thumbnail_generator":"","thumbnail_generated":false,"thumbnail_generate_prompt":"","seoaic_article_description":"","seoaic_article_subtitles":[],"footnotes":""},"categories":[1],"tags":[],"class_list":["post-541225","post","type-post","status-publish","format-standard","has-post-thumbnail","hentry","category-seo"],"acf":[],"yoast_head":"<!-- This site is optimized with the Yoast SEO plugin v27.5 - https:\/\/yoast.com\/product\/yoast-seo-wordpress\/ -->\n<title>Hoe voorkom je problemen met elektrische bedrijfswagens in de winter? - Van den Hurk Bedrijfswagens<\/title>\n<meta name=\"description\" content=\"Voorkom winterproblemen met elektrische bedrijfswagens: bereik kan 30% dalen door kou. Ontdek voorverwarmingstips, oplaadstrategie\u00ebn en onderhoud.\" \/>\n<meta name=\"robots\" content=\"index, follow, max-snippet:-1, max-image-preview:large, max-video-preview:-1\" \/>\n<link rel=\"canonical\" href=\"https:\/\/www.vdhurk.nl\/ro\/cum-sa-evitati-problemele-cu-vehiculele-comerciale-electrice-in-timpul-iernii\/\" \/>\n<meta property=\"og:locale\" content=\"ro_RO\" \/>\n<meta property=\"og:type\" content=\"article\" \/>\n<meta property=\"og:title\" content=\"Hoe voorkom je problemen met elektrische bedrijfswagens in de winter? - Van den Hurk Bedrijfswagens\" \/>\n<meta property=\"og:description\" content=\"Voorkom winterproblemen met elektrische bedrijfswagens: bereik kan 30% dalen door kou. Ontdek voorverwarmingstips, oplaadstrategie\u00ebn en onderhoud.\" \/>\n<meta property=\"og:url\" content=\"https:\/\/www.vdhurk.nl\/ro\/cum-sa-evitati-problemele-cu-vehiculele-comerciale-electrice-in-timpul-iernii\/\" \/>\n<meta property=\"og:site_name\" content=\"Van den Hurk Bedrijfswagens\" \/>\n<meta property=\"article:published_time\" content=\"2026-03-11T07:00:00+00:00\" \/>\n<meta property=\"og:image\" content=\"https:\/\/www.vdhurk.nl\/wp-content\/uploads\/2025\/12\/elektrische-bestelwagen-winter-opladen-sneeuw.webp\" \/>\n\t<meta property=\"og:image:width\" content=\"1024\" \/>\n\t<meta property=\"og:image:height\" content=\"768\" \/>\n\t<meta property=\"og:image:type\" content=\"image\/webp\" \/>\n<meta name=\"author\" content=\"wpseoai\" \/>\n<meta name=\"twitter:card\" content=\"summary_large_image\" \/>\n<meta name=\"twitter:label1\" content=\"Scris de\" \/>\n\t<meta name=\"twitter:data1\" content=\"wpseoai\" \/>\n\t<meta name=\"twitter:label2\" content=\"Timp estimat pentru citire\" \/>\n\t<meta name=\"twitter:data2\" content=\"4 minute\" \/>\n<script type=\"application\/ld+json\" class=\"yoast-schema-graph\">{\"@context\":\"https:\\\/\\\/schema.org\",\"@graph\":[{\"@type\":\"Article\",\"@id\":\"https:\\\/\\\/www.vdhurk.nl\\\/hoe-voorkom-je-problemen-met-elektrische-bedrijfswagens-in-de-winter\\\/#article\",\"isPartOf\":{\"@id\":\"https:\\\/\\\/www.vdhurk.nl\\\/hoe-voorkom-je-problemen-met-elektrische-bedrijfswagens-in-de-winter\\\/\"},\"author\":{\"name\":\"wpseoai\",\"@id\":\"https:\\\/\\\/www.vdhurk.nl\\\/#\\\/schema\\\/person\\\/04c44f7c3ccbd41cb14ad36749c8db5f\"},\"headline\":\"Hoe voorkom je problemen met elektrische bedrijfswagens in de winter?\",\"datePublished\":\"2026-03-11T07:00:00+00:00\",\"mainEntityOfPage\":{\"@id\":\"https:\\\/\\\/www.vdhurk.nl\\\/hoe-voorkom-je-problemen-met-elektrische-bedrijfswagens-in-de-winter\\\/\"},\"wordCount\":734,\"image\":{\"@id\":\"https:\\\/\\\/www.vdhurk.nl\\\/hoe-voorkom-je-problemen-met-elektrische-bedrijfswagens-in-de-winter\\\/#primaryimage\"},\"thumbnailUrl\":\"https:\\\/\\\/www.vdhurk.nl\\\/wp-content\\\/uploads\\\/2025\\\/12\\\/elektrische-bestelwagen-winter-opladen-sneeuw.webp\",\"articleSection\":[\"SEO\"],\"inLanguage\":\"ro-RO\"},{\"@type\":\"WebPage\",\"@id\":\"https:\\\/\\\/www.vdhurk.nl\\\/hoe-voorkom-je-problemen-met-elektrische-bedrijfswagens-in-de-winter\\\/\",\"url\":\"https:\\\/\\\/www.vdhurk.nl\\\/hoe-voorkom-je-problemen-met-elektrische-bedrijfswagens-in-de-winter\\\/\",\"name\":\"Hoe voorkom je problemen met elektrische bedrijfswagens in de winter? - Van den Hurk Bedrijfswagens\",\"isPartOf\":{\"@id\":\"https:\\\/\\\/www.vdhurk.nl\\\/#website\"},\"primaryImageOfPage\":{\"@id\":\"https:\\\/\\\/www.vdhurk.nl\\\/hoe-voorkom-je-problemen-met-elektrische-bedrijfswagens-in-de-winter\\\/#primaryimage\"},\"image\":{\"@id\":\"https:\\\/\\\/www.vdhurk.nl\\\/hoe-voorkom-je-problemen-met-elektrische-bedrijfswagens-in-de-winter\\\/#primaryimage\"},\"thumbnailUrl\":\"https:\\\/\\\/www.vdhurk.nl\\\/wp-content\\\/uploads\\\/2025\\\/12\\\/elektrische-bestelwagen-winter-opladen-sneeuw.webp\",\"datePublished\":\"2026-03-11T07:00:00+00:00\",\"author\":{\"@id\":\"https:\\\/\\\/www.vdhurk.nl\\\/#\\\/schema\\\/person\\\/04c44f7c3ccbd41cb14ad36749c8db5f\"},\"description\":\"Voorkom winterproblemen met elektrische bedrijfswagens: bereik kan 30% dalen door kou. Ontdek voorverwarmingstips, oplaadstrategie\u00ebn en onderhoud.\",\"breadcrumb\":{\"@id\":\"https:\\\/\\\/www.vdhurk.nl\\\/hoe-voorkom-je-problemen-met-elektrische-bedrijfswagens-in-de-winter\\\/#breadcrumb\"},\"inLanguage\":\"ro-RO\",\"potentialAction\":[{\"@type\":\"ReadAction\",\"target\":[\"https:\\\/\\\/www.vdhurk.nl\\\/hoe-voorkom-je-problemen-met-elektrische-bedrijfswagens-in-de-winter\\\/\"]}]},{\"@type\":\"ImageObject\",\"inLanguage\":\"ro-RO\",\"@id\":\"https:\\\/\\\/www.vdhurk.nl\\\/hoe-voorkom-je-problemen-met-elektrische-bedrijfswagens-in-de-winter\\\/#primaryimage\",\"url\":\"https:\\\/\\\/www.vdhurk.nl\\\/wp-content\\\/uploads\\\/2025\\\/12\\\/elektrische-bestelwagen-winter-opladen-sneeuw.webp\",\"contentUrl\":\"https:\\\/\\\/www.vdhurk.nl\\\/wp-content\\\/uploads\\\/2025\\\/12\\\/elektrische-bestelwagen-winter-opladen-sneeuw.webp\",\"width\":1024,\"height\":768,\"caption\":\"Witte elektrische bedrijfswagen laadt op bij laadstation in sneeuwlandschap met vallende sneeuwvlokken\"},{\"@type\":\"BreadcrumbList\",\"@id\":\"https:\\\/\\\/www.vdhurk.nl\\\/hoe-voorkom-je-problemen-met-elektrische-bedrijfswagens-in-de-winter\\\/#breadcrumb\",\"itemListElement\":[{\"@type\":\"ListItem\",\"position\":1,\"name\":\"Home\",\"item\":\"https:\\\/\\\/www.vdhurk.nl\\\/home\\\/\"},{\"@type\":\"ListItem\",\"position\":2,\"name\":\"Hoe voorkom je problemen met elektrische bedrijfswagens in de winter?\"}]},{\"@type\":\"WebSite\",\"@id\":\"https:\\\/\\\/www.vdhurk.nl\\\/#website\",\"url\":\"https:\\\/\\\/www.vdhurk.nl\\\/\",\"name\":\"Van den Hurk Bedrijfswagens\",\"description\":\"Van den Hurk bedrijfswagens Helmond\",\"potentialAction\":[{\"@type\":\"SearchAction\",\"target\":{\"@type\":\"EntryPoint\",\"urlTemplate\":\"https:\\\/\\\/www.vdhurk.nl\\\/?s={search_term_string}\"},\"query-input\":{\"@type\":\"PropertyValueSpecification\",\"valueRequired\":true,\"valueName\":\"search_term_string\"}}],\"inLanguage\":\"ro-RO\"},{\"@type\":\"Person\",\"@id\":\"https:\\\/\\\/www.vdhurk.nl\\\/#\\\/schema\\\/person\\\/04c44f7c3ccbd41cb14ad36749c8db5f\",\"name\":\"wpseoai\",\"image\":{\"@type\":\"ImageObject\",\"inLanguage\":\"ro-RO\",\"@id\":\"https:\\\/\\\/secure.gravatar.com\\\/avatar\\\/51ea6db2c0d04861332fc5a8dff3289a3d5bcfa4493f551d20452ff3f9c5bcbf?s=96&d=mm&r=g\",\"url\":\"https:\\\/\\\/secure.gravatar.com\\\/avatar\\\/51ea6db2c0d04861332fc5a8dff3289a3d5bcfa4493f551d20452ff3f9c5bcbf?s=96&d=mm&r=g\",\"contentUrl\":\"https:\\\/\\\/secure.gravatar.com\\\/avatar\\\/51ea6db2c0d04861332fc5a8dff3289a3d5bcfa4493f551d20452ff3f9c5bcbf?s=96&d=mm&r=g\",\"caption\":\"wpseoai\"},\"url\":\"https:\\\/\\\/www.vdhurk.nl\\\/ro\\\/author\\\/wpseoai\\\/\"}]}<\/script>\n<!-- \/ Yoast SEO plugin. -->","yoast_head_json":{"title":"Cum s\u0103 evita\u021bi problemele cu vehiculele comerciale electrice \u00een timpul iernii? - Vehicule comerciale Van den Hurk","description":"Evita\u021bi problemele de iarn\u0103 cu vehiculele comerciale electrice: autonomia poate 30% sc\u0103dea din cauza frigului. Descoperi\u021bi sfaturi de pre\u00eenc\u0103lzire, strategii de \u00eenc\u0103rcare \u0219i \u00eentre\u021binere.","robots":{"index":"index","follow":"follow","max-snippet":"max-snippet:-1","max-image-preview":"max-image-preview:large","max-video-preview":"max-video-preview:-1"},"canonical":"https:\/\/www.vdhurk.nl\/ro\/cum-sa-evitati-problemele-cu-vehiculele-comerciale-electrice-in-timpul-iernii\/","og_locale":"ro_RO","og_type":"article","og_title":"Hoe voorkom je problemen met elektrische bedrijfswagens in de winter? - Van den Hurk Bedrijfswagens","og_description":"Voorkom winterproblemen met elektrische bedrijfswagens: bereik kan 30% dalen door kou. Ontdek voorverwarmingstips, oplaadstrategie\u00ebn en onderhoud.","og_url":"https:\/\/www.vdhurk.nl\/ro\/cum-sa-evitati-problemele-cu-vehiculele-comerciale-electrice-in-timpul-iernii\/","og_site_name":"Van den Hurk Bedrijfswagens","article_published_time":"2026-03-11T07:00:00+00:00","og_image":[{"width":1024,"height":768,"url":"https:\/\/www.vdhurk.nl\/wp-content\/uploads\/2025\/12\/elektrische-bestelwagen-winter-opladen-sneeuw.webp","type":"image\/webp"}],"author":"wpseoai","twitter_card":"summary_large_image","twitter_misc":{"Scris de":"wpseoai","Timp estimat pentru citire":"4 minute"},"schema":{"@context":"https:\/\/schema.org","@graph":[{"@type":"Article","@id":"https:\/\/www.vdhurk.nl\/hoe-voorkom-je-problemen-met-elektrische-bedrijfswagens-in-de-winter\/#article","isPartOf":{"@id":"https:\/\/www.vdhurk.nl\/hoe-voorkom-je-problemen-met-elektrische-bedrijfswagens-in-de-winter\/"},"author":{"name":"wpseoai","@id":"https:\/\/www.vdhurk.nl\/#\/schema\/person\/04c44f7c3ccbd41cb14ad36749c8db5f"},"headline":"Hoe voorkom je problemen met elektrische bedrijfswagens in de winter?","datePublished":"2026-03-11T07:00:00+00:00","mainEntityOfPage":{"@id":"https:\/\/www.vdhurk.nl\/hoe-voorkom-je-problemen-met-elektrische-bedrijfswagens-in-de-winter\/"},"wordCount":734,"image":{"@id":"https:\/\/www.vdhurk.nl\/hoe-voorkom-je-problemen-met-elektrische-bedrijfswagens-in-de-winter\/#primaryimage"},"thumbnailUrl":"https:\/\/www.vdhurk.nl\/wp-content\/uploads\/2025\/12\/elektrische-bestelwagen-winter-opladen-sneeuw.webp","articleSection":["SEO"],"inLanguage":"ro-RO"},{"@type":"WebPage","@id":"https:\/\/www.vdhurk.nl\/hoe-voorkom-je-problemen-met-elektrische-bedrijfswagens-in-de-winter\/","url":"https:\/\/www.vdhurk.nl\/hoe-voorkom-je-problemen-met-elektrische-bedrijfswagens-in-de-winter\/","name":"Cum s\u0103 evita\u021bi problemele cu vehiculele comerciale electrice \u00een timpul iernii? - Vehicule comerciale Van den Hurk","isPartOf":{"@id":"https:\/\/www.vdhurk.nl\/#website"},"primaryImageOfPage":{"@id":"https:\/\/www.vdhurk.nl\/hoe-voorkom-je-problemen-met-elektrische-bedrijfswagens-in-de-winter\/#primaryimage"},"image":{"@id":"https:\/\/www.vdhurk.nl\/hoe-voorkom-je-problemen-met-elektrische-bedrijfswagens-in-de-winter\/#primaryimage"},"thumbnailUrl":"https:\/\/www.vdhurk.nl\/wp-content\/uploads\/2025\/12\/elektrische-bestelwagen-winter-opladen-sneeuw.webp","datePublished":"2026-03-11T07:00:00+00:00","author":{"@id":"https:\/\/www.vdhurk.nl\/#\/schema\/person\/04c44f7c3ccbd41cb14ad36749c8db5f"},"description":"Evita\u021bi problemele de iarn\u0103 cu vehiculele comerciale electrice: autonomia poate 30% sc\u0103dea din cauza frigului. Descoperi\u021bi sfaturi de pre\u00eenc\u0103lzire, strategii de \u00eenc\u0103rcare \u0219i \u00eentre\u021binere.","breadcrumb":{"@id":"https:\/\/www.vdhurk.nl\/hoe-voorkom-je-problemen-met-elektrische-bedrijfswagens-in-de-winter\/#breadcrumb"},"inLanguage":"ro-RO","potentialAction":[{"@type":"ReadAction","target":["https:\/\/www.vdhurk.nl\/hoe-voorkom-je-problemen-met-elektrische-bedrijfswagens-in-de-winter\/"]}]},{"@type":"ImageObject","inLanguage":"ro-RO","@id":"https:\/\/www.vdhurk.nl\/hoe-voorkom-je-problemen-met-elektrische-bedrijfswagens-in-de-winter\/#primaryimage","url":"https:\/\/www.vdhurk.nl\/wp-content\/uploads\/2025\/12\/elektrische-bestelwagen-winter-opladen-sneeuw.webp","contentUrl":"https:\/\/www.vdhurk.nl\/wp-content\/uploads\/2025\/12\/elektrische-bestelwagen-winter-opladen-sneeuw.webp","width":1024,"height":768,"caption":"Witte elektrische bedrijfswagen laadt op bij laadstation in sneeuwlandschap met vallende sneeuwvlokken"},{"@type":"BreadcrumbList","@id":"https:\/\/www.vdhurk.nl\/hoe-voorkom-je-problemen-met-elektrische-bedrijfswagens-in-de-winter\/#breadcrumb","itemListElement":[{"@type":"ListItem","position":1,"name":"Home","item":"https:\/\/www.vdhurk.nl\/home\/"},{"@type":"ListItem","position":2,"name":"Hoe voorkom je problemen met elektrische bedrijfswagens in de winter?"}]},{"@type":"WebSite","@id":"https:\/\/www.vdhurk.nl\/#website","url":"https:\/\/www.vdhurk.nl\/","name":"Vehicule comerciale Van den Hurk","description":"Vehicule comerciale Van den Hurk Helmond","potentialAction":[{"@type":"SearchAction","target":{"@type":"EntryPoint","urlTemplate":"https:\/\/www.vdhurk.nl\/?s={search_term_string}"},"query-input":{"@type":"PropertyValueSpecification","valueRequired":true,"valueName":"search_term_string"}}],"inLanguage":"ro-RO"},{"@type":"Person","@id":"https:\/\/www.vdhurk.nl\/#\/schema\/person\/04c44f7c3ccbd41cb14ad36749c8db5f","name":"wpseoai","image":{"@type":"ImageObject","inLanguage":"ro-RO","@id":"https:\/\/secure.gravatar.com\/avatar\/51ea6db2c0d04861332fc5a8dff3289a3d5bcfa4493f551d20452ff3f9c5bcbf?s=96&d=mm&r=g","url":"https:\/\/secure.gravatar.com\/avatar\/51ea6db2c0d04861332fc5a8dff3289a3d5bcfa4493f551d20452ff3f9c5bcbf?s=96&d=mm&r=g","contentUrl":"https:\/\/secure.gravatar.com\/avatar\/51ea6db2c0d04861332fc5a8dff3289a3d5bcfa4493f551d20452ff3f9c5bcbf?s=96&d=mm&r=g","caption":"wpseoai"},"url":"https:\/\/www.vdhurk.nl\/ro\/author\/wpseoai\/"}]}},"_links":{"self":[{"href":"https:\/\/www.vdhurk.nl\/ro\/wp-json\/wp\/v2\/posts\/541225","targetHints":{"allow":["GET"]}}],"collection":[{"href":"https:\/\/www.vdhurk.nl\/ro\/wp-json\/wp\/v2\/posts"}],"about":[{"href":"https:\/\/www.vdhurk.nl\/ro\/wp-json\/wp\/v2\/types\/post"}],"author":[{"embeddable":true,"href":"https:\/\/www.vdhurk.nl\/ro\/wp-json\/wp\/v2\/users\/5"}],"replies":[{"embeddable":true,"href":"https:\/\/www.vdhurk.nl\/ro\/wp-json\/wp\/v2\/comments?post=541225"}],"version-history":[{"count":1,"href":"https:\/\/www.vdhurk.nl\/ro\/wp-json\/wp\/v2\/posts\/541225\/revisions"}],"predecessor-version":[{"id":541337,"href":"https:\/\/www.vdhurk.nl\/ro\/wp-json\/wp\/v2\/posts\/541225\/revisions\/541337"}],"wp:featuredmedia":[{"embeddable":true,"href":"https:\/\/www.vdhurk.nl\/ro\/wp-json\/wp\/v2\/media\/541405"}],"wp:attachment":[{"href":"https:\/\/www.vdhurk.nl\/ro\/wp-json\/wp\/v2\/media?parent=541225"}],"wp:term":[{"taxonomy":"category","embeddable":true,"href":"https:\/\/www.vdhurk.nl\/ro\/wp-json\/wp\/v2\/categories?post=541225"},{"taxonomy":"post_tag","embeddable":true,"href":"https:\/\/www.vdhurk.nl\/ro\/wp-json\/wp\/v2\/tags?post=541225"}],"curies":[{"name":"wp","href":"https:\/\/api.w.org\/{rel}","templated":true}]}}