{"id":541214,"date":"2026-03-17T08:00:00","date_gmt":"2026-03-17T07:00:00","guid":{"rendered":"https:\/\/www.vdhurk.nl\/?p=541214"},"modified":"2025-12-24T15:50:31","modified_gmt":"2025-12-24T14:50:31","slug":"care-vehicule-comerciale-electrice-au-cel-mai-mare-spatiu-de-incarcare","status":"publish","type":"post","link":"https:\/\/www.vdhurk.nl\/ro\/welke-elektrische-bedrijfswagens-hebben-de-grootste-laadruimte\/","title":{"rendered":"Care vehicule comerciale electrice au cel mai mare spa\u021biu de \u00eenc\u0103rcare?"},"content":{"rendered":"<p>The <strong>Ford E-Transit<\/strong> are \u00een prezent cel mai mare spa\u021biu de \u00eenc\u0103rcare dintre vehiculele comerciale electrice, cu p\u00e2n\u0103 la 15,1 metri cubi de volum de \u00eenc\u0103rcare. Alte modele de top includ Mercedes eSprinter (p\u00e2n\u0103 la 11 metri cubi) \u0219i Iveco Daily Electric (p\u00e2n\u0103 la 17 metri cubi, \u00een func\u021bie de versiune). Alegerea dvs. depinde de nevoile dvs. zilnice de \u00eenc\u0103rcare \u0219i de tipul de m\u0103rfuri pe care le transporta\u021bi.<\/p>\n<h2>Care vehicule comerciale electrice au cel mai mare volum de marf\u0103?<\/h2>\n<p>Ford E-Transit ofer\u0103 cel mai mare volum de \u00eenc\u0103rcare de pe pia\u021ba vehiculelor utilitare electrice, cu trei lungimi disponibile. Cea mai lung\u0103 versiune (L4) ofer\u0103 un spa\u021biu de \u00eenc\u0103rcare de p\u00e2n\u0103 la 15,1 metri cubi \u0219i o sarcin\u0103 util\u0103 maxim\u0103 de 1.758 kg. Zona de \u00eenc\u0103rcare este complet plat\u0103, deoarece bateriile sunt amplasate sub podea.<\/p>\n<p>Mercedes eSprinter vine pe locul doi cu un volum de \u00eenc\u0103rcare de p\u00e2n\u0103 la 11 metri cubi \u00een versiunea lung\u0103. Acest model ofer\u0103 o lungime de \u00eenc\u0103rcare de p\u00e2n\u0103 la 3.665 mm \u0219i o \u00een\u0103l\u021bime de \u00eenc\u0103rcare de 1.787 mm. Greutatea maxim\u0103 de \u00eenc\u0103rcare este de aproximativ 1.045 kg, \u00een func\u021bie de capacitatea bateriei alese.<\/p>\n<p>Iveco Daily Electric poate oferi p\u00e2n\u0103 la 17 metri cubi de volum de \u00eenc\u0103rcare \u00een anumite configura\u021bii. Acest lucru \u00eel face din punct de vedere tehnic cel mai mare, dar disponibilitatea acestei versiuni este limitat\u0103. Versiunile standard ofer\u0103 \u00eentre 10 \u0219i 14 metri cubi de spa\u021biu de \u00eenc\u0103rcare.<\/p>\n<p>Alte modele cu o capacitate de \u00eenc\u0103rcare mare includ Volkswagen e-Crafter (10,7 metri cubi), Renault Master E-Tech (8-13 metri cubi) \u0219i MAN eTGE (10,7 metri cubi). Toate aceste modele ofer\u0103 solu\u021bii practice pentru diferite nevoi de transport.<\/p>\n<h2>Cum difer\u0103 spa\u021biul de \u00eenc\u0103rcare \u00eentre diferitele camionete electrice?<\/h2>\n<p>Furgonetele electrice compacte precum Volkswagen e-Caddy \u0219i Ford E-Transit Custom ofer\u0103 \u00eentre 3 \u0219i 6 metri cubi de spa\u021biu de \u00eenc\u0103rcare. Modelele de dimensiuni medii, cum ar fi Mercedes eVito \u0219i Renault Kangoo E-Tech, ofer\u0103 \u00eentre 6 \u0219i 9 metri cubi. Vehiculele comerciale electrice mari \u00eencep de la 10 metri cubi de volum de \u00eenc\u0103rcare.<\/p>\n<p>Amplasarea bateriei afecteaz\u0103 semnificativ spa\u021biul de \u00eenc\u0103rcare. Vehiculele comerciale electrice moderne au bateriile integrate sub podea, men\u021bin\u00e2nd spa\u021biul de \u00eenc\u0103rcare plat. Proiectele mai vechi plasau uneori bateriile chiar \u00een spa\u021biul de \u00eenc\u0103rcare, ceea ce ocupa spa\u021biu util.<\/p>\n<p>Exist\u0103 diferen\u021be practice \u00eentre m\u0103rci \u00een ceea ce prive\u0219te aspectul. Ford se concentreaz\u0103 pe num\u0103rul maxim de metri cubi, \u00een timp ce Mercedes acord\u0103 mai mult\u0103 aten\u021bie deschiderilor practice de \u00eenc\u0103rcare \u0219i accesibilit\u0103\u021bii. Iveco ofer\u0103 cele mai multe op\u021biuni de configurare, de la acoperi\u0219 \u00eenalt la versiuni extra-lungi.<\/p>\n<p>Forma zonei de \u00eenc\u0103rcare variaz\u0103, de asemenea, \u00een func\u021bie de marc\u0103. Unele modele au o cutie de marf\u0103 mai \u00eenalt\u0103, dar mai \u00eengust\u0103 ca l\u0103\u021bime, \u00een timp ce altele opteaz\u0103 pentru o dispunere mai joas\u0103, dar mai larg\u0103. Acest lucru afecteaz\u0103 bunurile pe care le pute\u021bi transporta practic, indiferent de volumul total.<\/p>\n<h2>Ce trebuie s\u0103 \u0219ti\u021bi despre capacitatea de \u00eenc\u0103rcare a vehiculelor comerciale electrice?<\/h2>\n<p>The <strong>greutatea bateriei<\/strong> a vehiculelor comerciale electrice reduce greutatea maxim\u0103 admis\u0103 a \u00eenc\u0103rc\u0103turii cu 300 p\u00e2n\u0103 la 700 kg \u00een compara\u021bie cu versiunile diesel. De exemplu, un Ford E-Transit are o capacitate de \u00eenc\u0103rcare cu 500 kg mai mic\u0103 dec\u00e2t varianta diesel din cauza greut\u0103\u021bii pachetelor de baterii.<\/p>\n<p>Greutatea maxim\u0103 admis\u0103 r\u0103m\u00e2ne 3.500 kg pentru majoritatea vehiculelor comerciale, dar greutatea \u00een gol este mai mare din cauza bateriilor. Aceasta \u00eenseamn\u0103 c\u0103 pute\u021bi \u00eenc\u0103rca mai pu\u021bin\u0103 greutate, chiar dac\u0103 spa\u021biul fizic este acela\u0219i. Verifica\u021bi \u00eentotdeauna specifica\u021biile tehnice pentru greutatea de \u00eenc\u0103rcare exact\u0103.<\/p>\n<p>Distribu\u021bia greut\u0103\u021bii func\u021bioneaz\u0103 diferit \u00een cazul modelelor electrice. Bateriile amplasate sub podea ofer\u0103 un centru de greutate mai jos, ceea ce \u00eembun\u0103t\u0103\u021be\u0219te stabilitatea. Acest lucru compenseaz\u0103 par\u021bial dezavantajul unei greut\u0103\u021bi mai mici a sarcinii utile, \u00een special atunci c\u00e2nd conduce\u021bi cu o \u00eenc\u0103rc\u0103tur\u0103.<\/p>\n<p>Sfaturi practice pentru o utilizare optim\u0103: distribui\u021bi uniform obiectele grele pe spa\u021biul de \u00eenc\u0103rcare, plasa\u021bi cea mai mare greutate deasupra pun\u021bii spate \u0219i lua\u021bi \u00een considerare efectul greut\u0103\u021bii suplimentare asupra autonomiei de conducere. Fiecare 100 kg de sarcin\u0103 suplimentar\u0103 reduce autonomia cu aproximativ 5-10%.<\/p>\n<h2>Care vehicul comercial electric este cel mai potrivit pentru afacerea dumneavoastr\u0103?<\/h2>\n<p>Pentru transporturile zilnice de p\u00e2n\u0103 la 5 metri cubi, o dubi\u021b\u0103 electric\u0103 compact\u0103 precum Volkswagen e-Caddy sau Renault Kangoo E-Tech va fi suficient\u0103. Aceste modele sunt agile \u00een ora\u0219 \u0219i au suficient\u0103 autonomie pentru deplas\u0103ri locale de p\u00e2n\u0103 la 200 de kilometri pe zi.<\/p>\n<p>Companiile care transport\u0103 \u00een mod regulat articole mari beneficiaz\u0103 de modele cu deschideri de \u00eenc\u0103rcare mari \u0219i spa\u021bii de \u00eenc\u0103rcare \u00eenalte. Ford E-Transit \u0219i Mercedes eSprinter ofer\u0103 u\u0219i spate care se deschid complet \u0219i u\u0219i laterale pentru acces u\u0219or.<\/p>\n<p>Pentru distan\u021be lungi, alege\u021bi un model cu o capacitate mare a bateriei, chiar dac\u0103 aceasta \u00eenseamn\u0103 o greutate mai mic\u0103 a \u00eenc\u0103rc\u0103turii utile. Mercedes eSprinter \u0219i Ford E-Transit ofer\u0103 op\u021biuni de baterii de p\u00e2n\u0103 la 90 kWh pentru o autonomie de peste 300 de kilometri \u00een condi\u021bii favorabile.<\/p>\n<p>Sectoarele specifice au propriile lor cerin\u021be. Serviciile de curierat opteaz\u0103 adesea pentru modele de dimensiuni medii, cu multe op\u021biuni pentru amenajarea spa\u021biului de \u00eenc\u0103rcare. Companiile de construc\u021bii beneficiaz\u0103 de modele robuste cu o greutate de \u00eenc\u0103rcare ridicat\u0103. Companiile de catering prefer\u0103 modelele cu pun\u021bi de \u00eenc\u0103rcare plate pentru \u00eenc\u0103rcare \u0219i desc\u0103rcare u\u0219oar\u0103.<\/p>\n<h2>Cum ajut\u0103 Van den Hurk cu vehiculele comerciale electrice<\/h2>\n<p>V\u0103 ajut\u0103m s\u0103 trece\u021bi la <a href=\"https:\/\/www.vdhurk.nl\/ro\/vehicule-comerciale\/electric\/\">vehicule comerciale electrice<\/a> cu sfaturi personale privind spa\u021biul de \u00eenc\u0103rcare, autonomia \u0219i aplica\u021biile practice. Experien\u021ba noastr\u0103 cu diferite m\u0103rci \u0219i modele v\u0103 asigur\u0103 c\u0103 face\u021bi alegerea potrivit\u0103 pentru nevoile dumneavoastr\u0103 specifice de transport.<\/p>\n<p>Serviciile noastre includ:<\/p>\n<ul>\n<li>Compararea practic\u0103 a volumelor de \u00eenc\u0103rcare \u0219i a specifica\u021biilor \u00eentre diferite modele<\/li>\n<li>Sfaturi privind capacitatea optim\u0103 a bateriei pentru c\u0103l\u0103toriile dumneavoastr\u0103 zilnice<\/li>\n<li>Op\u021biuni flexibile de leasing pentru a se potrivi cre\u0219terii afacerii dvs.<\/li>\n<li>Sprijin \u00een calcularea costului total de proprietate<\/li>\n<li>Ajutor \u00een planificarea infrastructurii de tarifare pentru afacerea dumneavoastr\u0103<\/li>\n<\/ul>\n<p>Cu mai mult de 60 de ani de experien\u021b\u0103 \u00een domeniul vehiculelor comerciale, \u00een\u021belegem c\u0103 trecerea la condusul electric necesit\u0103 o planificare atent\u0103. Ne lu\u0103m timp s\u0103 analiz\u0103m modelele dvs. actuale de transport \u0219i s\u0103 g\u0103sim vehiculul comercial electric care se potrive\u0219te perfect cu practicile dvs. zilnice.<\/p>\n<p>Dori\u021bi s\u0103 afla\u021bi ce vehicul comercial electric ofer\u0103 cel mai bun spa\u021biu de \u00eenc\u0103rcare pentru situa\u021bia dumneavoastr\u0103? Contacta\u021bi-ne pentru o discu\u021bie f\u0103r\u0103 obliga\u021bii despre posibilit\u0103\u021bi. Vom fi bucuro\u0219i s\u0103 v\u0103 ajut\u0103m s\u0103 face\u021bi alegerea potrivit\u0103 pentru mobilitatea durabil\u0103 a companiei.<\/p>","protected":false},"excerpt":{"rendered":"<p>Ford E-Transit ofer\u0103 15,1m\u00b3 spa\u021biu de \u00eenc\u0103rcare, Mercedes eSprinter 11m\u00b3. Afla\u021bi care vehicul comercial electric se potrive\u0219te nevoilor dvs. de transport.<\/p>","protected":false},"author":5,"featured_media":541396,"comment_status":"closed","ping_status":"closed","sticky":false,"template":"","format":"standard","meta":{"_acf_changed":false,"_improvement_type_select":"improve_an_existing","_thumb_yes_seoaic":false,"_frame_yes_seoaic":false,"seoaic_generate_description":"","seoaic_improve_instructions_prompt":"","seoaic_rollback_content_improvement":"","seoaic_idea_thumbnail_generator":"","thumbnail_generated":false,"thumbnail_generate_prompt":"","seoaic_article_description":"","seoaic_article_subtitles":[],"footnotes":""},"categories":[1],"tags":[],"class_list":["post-541214","post","type-post","status-publish","format-standard","has-post-thumbnail","hentry","category-seo"],"acf":[],"yoast_head":"<!-- This site is optimized with the Yoast SEO plugin v27.5 - https:\/\/yoast.com\/product\/yoast-seo-wordpress\/ -->\n<title>Welke elektrische bedrijfswagens hebben de grootste laadruimte? - Van den Hurk Bedrijfswagens<\/title>\n<meta name=\"description\" content=\"Vergelijk laadruimte van elektrische bedrijfswagens: Ford E-Transit (15,1m\u00b3), Mercedes eSprinter (11m\u00b3) en Iveco Daily Electric (17m\u00b3). Vind de beste keuze.\" \/>\n<meta name=\"robots\" content=\"index, follow, max-snippet:-1, max-image-preview:large, max-video-preview:-1\" \/>\n<link rel=\"canonical\" href=\"https:\/\/www.vdhurk.nl\/ro\/care-vehicule-comerciale-electrice-au-cel-mai-mare-spatiu-de-incarcare\/\" \/>\n<meta property=\"og:locale\" content=\"ro_RO\" \/>\n<meta property=\"og:type\" content=\"article\" \/>\n<meta property=\"og:title\" content=\"Welke elektrische bedrijfswagens hebben de grootste laadruimte? - Van den Hurk Bedrijfswagens\" \/>\n<meta property=\"og:description\" content=\"Vergelijk laadruimte van elektrische bedrijfswagens: Ford E-Transit (15,1m\u00b3), Mercedes eSprinter (11m\u00b3) en Iveco Daily Electric (17m\u00b3). Vind de beste keuze.\" \/>\n<meta property=\"og:url\" content=\"https:\/\/www.vdhurk.nl\/ro\/care-vehicule-comerciale-electrice-au-cel-mai-mare-spatiu-de-incarcare\/\" \/>\n<meta property=\"og:site_name\" content=\"Van den Hurk Bedrijfswagens\" \/>\n<meta property=\"article:published_time\" content=\"2026-03-17T07:00:00+00:00\" \/>\n<meta property=\"og:image\" content=\"https:\/\/www.vdhurk.nl\/wp-content\/uploads\/2025\/12\/elektrische-bedrijfswagens-laadruimte-vergelijking.webp\" \/>\n\t<meta property=\"og:image:width\" content=\"1024\" \/>\n\t<meta property=\"og:image:height\" content=\"768\" \/>\n\t<meta property=\"og:image:type\" content=\"image\/webp\" \/>\n<meta name=\"author\" content=\"wpseoai\" \/>\n<meta name=\"twitter:card\" content=\"summary_large_image\" \/>\n<meta name=\"twitter:label1\" content=\"Scris de\" \/>\n\t<meta name=\"twitter:data1\" content=\"wpseoai\" \/>\n\t<meta name=\"twitter:label2\" content=\"Timp estimat pentru citire\" \/>\n\t<meta name=\"twitter:data2\" content=\"4 minute\" \/>\n<script type=\"application\/ld+json\" class=\"yoast-schema-graph\">{\"@context\":\"https:\\\/\\\/schema.org\",\"@graph\":[{\"@type\":\"Article\",\"@id\":\"https:\\\/\\\/www.vdhurk.nl\\\/welke-elektrische-bedrijfswagens-hebben-de-grootste-laadruimte\\\/#article\",\"isPartOf\":{\"@id\":\"https:\\\/\\\/www.vdhurk.nl\\\/welke-elektrische-bedrijfswagens-hebben-de-grootste-laadruimte\\\/\"},\"author\":{\"name\":\"wpseoai\",\"@id\":\"https:\\\/\\\/www.vdhurk.nl\\\/#\\\/schema\\\/person\\\/04c44f7c3ccbd41cb14ad36749c8db5f\"},\"headline\":\"Welke elektrische bedrijfswagens hebben de grootste laadruimte?\",\"datePublished\":\"2026-03-17T07:00:00+00:00\",\"mainEntityOfPage\":{\"@id\":\"https:\\\/\\\/www.vdhurk.nl\\\/welke-elektrische-bedrijfswagens-hebben-de-grootste-laadruimte\\\/\"},\"wordCount\":859,\"image\":{\"@id\":\"https:\\\/\\\/www.vdhurk.nl\\\/welke-elektrische-bedrijfswagens-hebben-de-grootste-laadruimte\\\/#primaryimage\"},\"thumbnailUrl\":\"https:\\\/\\\/www.vdhurk.nl\\\/wp-content\\\/uploads\\\/2025\\\/12\\\/elektrische-bedrijfswagens-laadruimte-vergelijking.webp\",\"articleSection\":[\"SEO\"],\"inLanguage\":\"ro-RO\"},{\"@type\":\"WebPage\",\"@id\":\"https:\\\/\\\/www.vdhurk.nl\\\/welke-elektrische-bedrijfswagens-hebben-de-grootste-laadruimte\\\/\",\"url\":\"https:\\\/\\\/www.vdhurk.nl\\\/welke-elektrische-bedrijfswagens-hebben-de-grootste-laadruimte\\\/\",\"name\":\"Welke elektrische bedrijfswagens hebben de grootste laadruimte? - Van den Hurk Bedrijfswagens\",\"isPartOf\":{\"@id\":\"https:\\\/\\\/www.vdhurk.nl\\\/#website\"},\"primaryImageOfPage\":{\"@id\":\"https:\\\/\\\/www.vdhurk.nl\\\/welke-elektrische-bedrijfswagens-hebben-de-grootste-laadruimte\\\/#primaryimage\"},\"image\":{\"@id\":\"https:\\\/\\\/www.vdhurk.nl\\\/welke-elektrische-bedrijfswagens-hebben-de-grootste-laadruimte\\\/#primaryimage\"},\"thumbnailUrl\":\"https:\\\/\\\/www.vdhurk.nl\\\/wp-content\\\/uploads\\\/2025\\\/12\\\/elektrische-bedrijfswagens-laadruimte-vergelijking.webp\",\"datePublished\":\"2026-03-17T07:00:00+00:00\",\"author\":{\"@id\":\"https:\\\/\\\/www.vdhurk.nl\\\/#\\\/schema\\\/person\\\/04c44f7c3ccbd41cb14ad36749c8db5f\"},\"description\":\"Vergelijk laadruimte van elektrische bedrijfswagens: Ford E-Transit (15,1m\u00b3), Mercedes eSprinter (11m\u00b3) en Iveco Daily Electric (17m\u00b3). Vind de beste keuze.\",\"breadcrumb\":{\"@id\":\"https:\\\/\\\/www.vdhurk.nl\\\/welke-elektrische-bedrijfswagens-hebben-de-grootste-laadruimte\\\/#breadcrumb\"},\"inLanguage\":\"ro-RO\",\"potentialAction\":[{\"@type\":\"ReadAction\",\"target\":[\"https:\\\/\\\/www.vdhurk.nl\\\/welke-elektrische-bedrijfswagens-hebben-de-grootste-laadruimte\\\/\"]}]},{\"@type\":\"ImageObject\",\"inLanguage\":\"ro-RO\",\"@id\":\"https:\\\/\\\/www.vdhurk.nl\\\/welke-elektrische-bedrijfswagens-hebben-de-grootste-laadruimte\\\/#primaryimage\",\"url\":\"https:\\\/\\\/www.vdhurk.nl\\\/wp-content\\\/uploads\\\/2025\\\/12\\\/elektrische-bedrijfswagens-laadruimte-vergelijking.webp\",\"contentUrl\":\"https:\\\/\\\/www.vdhurk.nl\\\/wp-content\\\/uploads\\\/2025\\\/12\\\/elektrische-bedrijfswagens-laadruimte-vergelijking.webp\",\"width\":1024,\"height\":768,\"caption\":\"Drie moderne elektrische bedrijfsbusjes met open achterdeuren tonen ruime laadruimtes op industri\u00eble betonvloer\"},{\"@type\":\"BreadcrumbList\",\"@id\":\"https:\\\/\\\/www.vdhurk.nl\\\/welke-elektrische-bedrijfswagens-hebben-de-grootste-laadruimte\\\/#breadcrumb\",\"itemListElement\":[{\"@type\":\"ListItem\",\"position\":1,\"name\":\"Home\",\"item\":\"https:\\\/\\\/www.vdhurk.nl\\\/home\\\/\"},{\"@type\":\"ListItem\",\"position\":2,\"name\":\"Welke elektrische bedrijfswagens hebben de grootste laadruimte?\"}]},{\"@type\":\"WebSite\",\"@id\":\"https:\\\/\\\/www.vdhurk.nl\\\/#website\",\"url\":\"https:\\\/\\\/www.vdhurk.nl\\\/\",\"name\":\"Van den Hurk Bedrijfswagens\",\"description\":\"Van den Hurk bedrijfswagens Helmond\",\"potentialAction\":[{\"@type\":\"SearchAction\",\"target\":{\"@type\":\"EntryPoint\",\"urlTemplate\":\"https:\\\/\\\/www.vdhurk.nl\\\/?s={search_term_string}\"},\"query-input\":{\"@type\":\"PropertyValueSpecification\",\"valueRequired\":true,\"valueName\":\"search_term_string\"}}],\"inLanguage\":\"ro-RO\"},{\"@type\":\"Person\",\"@id\":\"https:\\\/\\\/www.vdhurk.nl\\\/#\\\/schema\\\/person\\\/04c44f7c3ccbd41cb14ad36749c8db5f\",\"name\":\"wpseoai\",\"image\":{\"@type\":\"ImageObject\",\"inLanguage\":\"ro-RO\",\"@id\":\"https:\\\/\\\/secure.gravatar.com\\\/avatar\\\/51ea6db2c0d04861332fc5a8dff3289a3d5bcfa4493f551d20452ff3f9c5bcbf?s=96&d=mm&r=g\",\"url\":\"https:\\\/\\\/secure.gravatar.com\\\/avatar\\\/51ea6db2c0d04861332fc5a8dff3289a3d5bcfa4493f551d20452ff3f9c5bcbf?s=96&d=mm&r=g\",\"contentUrl\":\"https:\\\/\\\/secure.gravatar.com\\\/avatar\\\/51ea6db2c0d04861332fc5a8dff3289a3d5bcfa4493f551d20452ff3f9c5bcbf?s=96&d=mm&r=g\",\"caption\":\"wpseoai\"},\"url\":\"https:\\\/\\\/www.vdhurk.nl\\\/ro\\\/author\\\/wpseoai\\\/\"}]}<\/script>\n<!-- \/ Yoast SEO plugin. -->","yoast_head_json":{"title":"Care vehicule comerciale electrice au cel mai mare spa\u021biu de \u00eenc\u0103rcare? - Vehicule comerciale Van den Hurk","description":"Compara\u021bi spa\u021biul de \u00eenc\u0103rcare al vehiculelor comerciale electrice: Ford E-Transit (15,1m\u00b3), Mercedes eSprinter (11m\u00b3) \u0219i Iveco Daily Electric (17m\u00b3). G\u0103si\u021bi cea mai bun\u0103 alegere.","robots":{"index":"index","follow":"follow","max-snippet":"max-snippet:-1","max-image-preview":"max-image-preview:large","max-video-preview":"max-video-preview:-1"},"canonical":"https:\/\/www.vdhurk.nl\/ro\/care-vehicule-comerciale-electrice-au-cel-mai-mare-spatiu-de-incarcare\/","og_locale":"ro_RO","og_type":"article","og_title":"Welke elektrische bedrijfswagens hebben de grootste laadruimte? - Van den Hurk Bedrijfswagens","og_description":"Vergelijk laadruimte van elektrische bedrijfswagens: Ford E-Transit (15,1m\u00b3), Mercedes eSprinter (11m\u00b3) en Iveco Daily Electric (17m\u00b3). Vind de beste keuze.","og_url":"https:\/\/www.vdhurk.nl\/ro\/care-vehicule-comerciale-electrice-au-cel-mai-mare-spatiu-de-incarcare\/","og_site_name":"Van den Hurk Bedrijfswagens","article_published_time":"2026-03-17T07:00:00+00:00","og_image":[{"width":1024,"height":768,"url":"https:\/\/www.vdhurk.nl\/wp-content\/uploads\/2025\/12\/elektrische-bedrijfswagens-laadruimte-vergelijking.webp","type":"image\/webp"}],"author":"wpseoai","twitter_card":"summary_large_image","twitter_misc":{"Scris de":"wpseoai","Timp estimat pentru citire":"4 minute"},"schema":{"@context":"https:\/\/schema.org","@graph":[{"@type":"Article","@id":"https:\/\/www.vdhurk.nl\/welke-elektrische-bedrijfswagens-hebben-de-grootste-laadruimte\/#article","isPartOf":{"@id":"https:\/\/www.vdhurk.nl\/welke-elektrische-bedrijfswagens-hebben-de-grootste-laadruimte\/"},"author":{"name":"wpseoai","@id":"https:\/\/www.vdhurk.nl\/#\/schema\/person\/04c44f7c3ccbd41cb14ad36749c8db5f"},"headline":"Welke elektrische bedrijfswagens hebben de grootste laadruimte?","datePublished":"2026-03-17T07:00:00+00:00","mainEntityOfPage":{"@id":"https:\/\/www.vdhurk.nl\/welke-elektrische-bedrijfswagens-hebben-de-grootste-laadruimte\/"},"wordCount":859,"image":{"@id":"https:\/\/www.vdhurk.nl\/welke-elektrische-bedrijfswagens-hebben-de-grootste-laadruimte\/#primaryimage"},"thumbnailUrl":"https:\/\/www.vdhurk.nl\/wp-content\/uploads\/2025\/12\/elektrische-bedrijfswagens-laadruimte-vergelijking.webp","articleSection":["SEO"],"inLanguage":"ro-RO"},{"@type":"WebPage","@id":"https:\/\/www.vdhurk.nl\/welke-elektrische-bedrijfswagens-hebben-de-grootste-laadruimte\/","url":"https:\/\/www.vdhurk.nl\/welke-elektrische-bedrijfswagens-hebben-de-grootste-laadruimte\/","name":"Care vehicule comerciale electrice au cel mai mare spa\u021biu de \u00eenc\u0103rcare? - Vehicule comerciale Van den Hurk","isPartOf":{"@id":"https:\/\/www.vdhurk.nl\/#website"},"primaryImageOfPage":{"@id":"https:\/\/www.vdhurk.nl\/welke-elektrische-bedrijfswagens-hebben-de-grootste-laadruimte\/#primaryimage"},"image":{"@id":"https:\/\/www.vdhurk.nl\/welke-elektrische-bedrijfswagens-hebben-de-grootste-laadruimte\/#primaryimage"},"thumbnailUrl":"https:\/\/www.vdhurk.nl\/wp-content\/uploads\/2025\/12\/elektrische-bedrijfswagens-laadruimte-vergelijking.webp","datePublished":"2026-03-17T07:00:00+00:00","author":{"@id":"https:\/\/www.vdhurk.nl\/#\/schema\/person\/04c44f7c3ccbd41cb14ad36749c8db5f"},"description":"Compara\u021bi spa\u021biul de \u00eenc\u0103rcare al vehiculelor comerciale electrice: Ford E-Transit (15,1m\u00b3), Mercedes eSprinter (11m\u00b3) \u0219i Iveco Daily Electric (17m\u00b3). G\u0103si\u021bi cea mai bun\u0103 alegere.","breadcrumb":{"@id":"https:\/\/www.vdhurk.nl\/welke-elektrische-bedrijfswagens-hebben-de-grootste-laadruimte\/#breadcrumb"},"inLanguage":"ro-RO","potentialAction":[{"@type":"ReadAction","target":["https:\/\/www.vdhurk.nl\/welke-elektrische-bedrijfswagens-hebben-de-grootste-laadruimte\/"]}]},{"@type":"ImageObject","inLanguage":"ro-RO","@id":"https:\/\/www.vdhurk.nl\/welke-elektrische-bedrijfswagens-hebben-de-grootste-laadruimte\/#primaryimage","url":"https:\/\/www.vdhurk.nl\/wp-content\/uploads\/2025\/12\/elektrische-bedrijfswagens-laadruimte-vergelijking.webp","contentUrl":"https:\/\/www.vdhurk.nl\/wp-content\/uploads\/2025\/12\/elektrische-bedrijfswagens-laadruimte-vergelijking.webp","width":1024,"height":768,"caption":"Drie moderne elektrische bedrijfsbusjes met open achterdeuren tonen ruime laadruimtes op industri\u00eble betonvloer"},{"@type":"BreadcrumbList","@id":"https:\/\/www.vdhurk.nl\/welke-elektrische-bedrijfswagens-hebben-de-grootste-laadruimte\/#breadcrumb","itemListElement":[{"@type":"ListItem","position":1,"name":"Home","item":"https:\/\/www.vdhurk.nl\/home\/"},{"@type":"ListItem","position":2,"name":"Welke elektrische bedrijfswagens hebben de grootste laadruimte?"}]},{"@type":"WebSite","@id":"https:\/\/www.vdhurk.nl\/#website","url":"https:\/\/www.vdhurk.nl\/","name":"Vehicule comerciale Van den Hurk","description":"Vehicule comerciale Van den Hurk Helmond","potentialAction":[{"@type":"SearchAction","target":{"@type":"EntryPoint","urlTemplate":"https:\/\/www.vdhurk.nl\/?s={search_term_string}"},"query-input":{"@type":"PropertyValueSpecification","valueRequired":true,"valueName":"search_term_string"}}],"inLanguage":"ro-RO"},{"@type":"Person","@id":"https:\/\/www.vdhurk.nl\/#\/schema\/person\/04c44f7c3ccbd41cb14ad36749c8db5f","name":"wpseoai","image":{"@type":"ImageObject","inLanguage":"ro-RO","@id":"https:\/\/secure.gravatar.com\/avatar\/51ea6db2c0d04861332fc5a8dff3289a3d5bcfa4493f551d20452ff3f9c5bcbf?s=96&d=mm&r=g","url":"https:\/\/secure.gravatar.com\/avatar\/51ea6db2c0d04861332fc5a8dff3289a3d5bcfa4493f551d20452ff3f9c5bcbf?s=96&d=mm&r=g","contentUrl":"https:\/\/secure.gravatar.com\/avatar\/51ea6db2c0d04861332fc5a8dff3289a3d5bcfa4493f551d20452ff3f9c5bcbf?s=96&d=mm&r=g","caption":"wpseoai"},"url":"https:\/\/www.vdhurk.nl\/ro\/author\/wpseoai\/"}]}},"_links":{"self":[{"href":"https:\/\/www.vdhurk.nl\/ro\/wp-json\/wp\/v2\/posts\/541214","targetHints":{"allow":["GET"]}}],"collection":[{"href":"https:\/\/www.vdhurk.nl\/ro\/wp-json\/wp\/v2\/posts"}],"about":[{"href":"https:\/\/www.vdhurk.nl\/ro\/wp-json\/wp\/v2\/types\/post"}],"author":[{"embeddable":true,"href":"https:\/\/www.vdhurk.nl\/ro\/wp-json\/wp\/v2\/users\/5"}],"replies":[{"embeddable":true,"href":"https:\/\/www.vdhurk.nl\/ro\/wp-json\/wp\/v2\/comments?post=541214"}],"version-history":[{"count":1,"href":"https:\/\/www.vdhurk.nl\/ro\/wp-json\/wp\/v2\/posts\/541214\/revisions"}],"predecessor-version":[{"id":541328,"href":"https:\/\/www.vdhurk.nl\/ro\/wp-json\/wp\/v2\/posts\/541214\/revisions\/541328"}],"wp:featuredmedia":[{"embeddable":true,"href":"https:\/\/www.vdhurk.nl\/ro\/wp-json\/wp\/v2\/media\/541396"}],"wp:attachment":[{"href":"https:\/\/www.vdhurk.nl\/ro\/wp-json\/wp\/v2\/media?parent=541214"}],"wp:term":[{"taxonomy":"category","embeddable":true,"href":"https:\/\/www.vdhurk.nl\/ro\/wp-json\/wp\/v2\/categories?post=541214"},{"taxonomy":"post_tag","embeddable":true,"href":"https:\/\/www.vdhurk.nl\/ro\/wp-json\/wp\/v2\/tags?post=541214"}],"curies":[{"name":"wp","href":"https:\/\/api.w.org\/{rel}","templated":true}]}}