{"id":525769,"date":"2025-12-15T08:00:00","date_gmt":"2025-12-15T07:00:00","guid":{"rendered":"https:\/\/www.vdhurk.nl\/?p=525769"},"modified":"2025-11-13T15:54:30","modified_gmt":"2025-11-13T14:54:30","slug":"exista-garantie-pentru-autoutilitarele-cu-cabina-dubla-second-hand","status":"publish","type":"post","link":"https:\/\/www.vdhurk.nl\/ro\/is-er-garantie-op-gebruikte-dubbele-cabine-bestelwagens\/","title":{"rendered":"Exist\u0103 garan\u021bie pentru autoutilitarele cu cabin\u0103 dubl\u0103 second-hand?"},"content":{"rendered":"<p>Da, exist\u0103 garan\u021bie pentru autoutilitare cu cabin\u0103 dubl\u0103 second-hand. Majoritatea dealerilor ofer\u0103 diferite tipuri de garan\u021bii, de la garan\u021bia legal\u0103 (minimum 12 luni pentru v\u00e2nz\u0103rile comerciale) p\u00e2n\u0103 la garan\u021bii extinse oferite de dealer. Acoperirea exact\u0103 \u0219i durata depind de vechimea, kilometrajul \u0219i starea furgonetei. Este important s\u0103 verifica\u021bi \u00een prealabil ce acoper\u0103 exact garan\u021bia \u0219i care sunt condi\u021biile asociate acesteia.<\/p>\n<h2>Ce tipuri de garan\u021bie primi\u021bi pentru o cabin\u0103 dubl\u0103 second-hand?<\/h2>\n<p>\u00cen cazul unei autoutilitare cu cabin\u0103 dubl\u0103 second-hand, exist\u0103 trei tipuri principale de garan\u021bie. <strong>garan\u021bie legal\u0103<\/strong> se aplic\u0103 automat la achizi\u021bionarea de la un dealer autorizat \u0219i v\u0103 protejeaz\u0103 \u00eempotriva defectelor ascunse care existau deja la momentul achizi\u021biei. Aceast\u0103 garan\u021bie are o durat\u0103 minim\u0103 de 12 luni pentru cump\u0103r\u0103torii comerciali. \u00cen plus, mul\u021bi dealeri ofer\u0103 o <strong>garan\u021bie dealer<\/strong> care este adesea mai ampl\u0103 \u0219i acoper\u0103 componente sau sisteme specifice pe o anumit\u0103 perioad\u0103 de timp. \u00cen cele din urm\u0103, poate exista \u0219i o <strong>garan\u021bie de fabric\u0103<\/strong> r\u0103m\u00e2n valabile dac\u0103 furgoneta este relativ nou\u0103 \u0219i perioada de garan\u021bie ini\u021bial\u0103 nu a expirat \u00eenc\u0103.<\/p>\n<p>Diferen\u021ba major\u0103 const\u0103 \u00een ceea ce este acoperit \u0219i pentru c\u00e2t timp. Garan\u021bia legal\u0103 v\u0103 protejeaz\u0103 \u00een special \u00eempotriva defectelor care existau deja, dar nu erau vizibile la momentul achizi\u021biei. Trebuie s\u0103 pute\u021bi demonstra c\u0103 problema exista deja. O garan\u021bie oferit\u0103 de dealer este adesea mai practic\u0103, deoarece descrie clar ce piese sunt acoperite, cum ar fi motorul, transmisia \u0219i componentele electronice. Garan\u021bia de fabric\u0103 este de obicei cea mai cuprinz\u0103toare, dar se aplic\u0103 numai vehiculelor second-hand mai noi.<\/p>\n<p>C\u00e2nd cump\u0103ra\u021bi o dub\u0103 cu cabin\u0103 dubl\u0103 second-hand, \u00eentreba\u021bi \u00eentotdeauna ce tip de garan\u021bie se aplic\u0103. Unii dealeri combin\u0103 diferite tipuri de garan\u021bii, de exemplu o garan\u021bie legal\u0103 de baz\u0103 completat\u0103 cu o garan\u021bie extins\u0103 op\u021bional\u0103 oferit\u0103 de dealer. Re\u021bine\u021bi c\u0103 nu to\u021bi v\u00e2nz\u0103torii ofer\u0103 aceea\u0219i acoperire, a\u0219a c\u0103 compara\u021bi bine \u00eenainte de a cump\u0103ra.<\/p>\n<h2>Ce acoper\u0103 \u0219i ce nu acoper\u0103 garan\u021bia \u00een cazul unei autoutilitare second-hand?<\/h2>\n<p>Garan\u021bia pentru o cabin\u0103 dubl\u0103 second-hand acoper\u0103, de obicei <strong>probleme mecanice majore<\/strong> cum ar fi avarii ale motorului, probleme de transmisie \u0219i defec\u021biuni electrice grave. Aceste piese sunt importante pentru func\u021bionalitatea camionetei dvs. \u0219i, prin urmare, sunt adesea acoperite de asigurare. G\u00e2ndi\u021bi-v\u0103 la o cutie de viteze defect\u0103, un motor de pornire defect sau probleme cu turbocompresorul. De asemenea, sistemul de r\u0103cire \u0219i transmisia sunt de obicei acoperite, deoarece aceste piese fac parte din componentele principale ale vehiculului.<\/p>\n<p>De obicei, piesele uzate, cum ar fi pl\u0103cu\u021bele de fr\u00e2n\u0103, anvelopele, \u0219terg\u0103toarele de parbriz \u0219i sistemele de evacuare, nu sunt acoperite de garan\u021bie. Aceste piese se uzeaz\u0103 \u00een urma utiliz\u0103rii normale \u0219i sunt considerate \u00eentre\u021binere. De asemenea, daunele cauzate de utilizarea incorect\u0103, accidente sau neefectuarea \u00eentre\u021binerii obligatorii sunt aproape \u00eentotdeauna excluse. Defectele cosmetice, cum ar fi zg\u00e2rieturi mici, urme de lovituri sau decolorarea interiorului, nu sunt acoperite de garan\u021bie.<\/p>\n<p>Pentru a afla exact ce este acoperit, trebuie s\u0103 citi\u021bi cu aten\u021bie condi\u021biile de garan\u021bie. Cere\u021bi v\u00e2nz\u0103torului s\u0103 v\u0103 dea exemple concrete despre ce este \u0219i ce nu este acoperit. P\u0103stra\u021bi toate documentele \u0219i facturile pentru \u00eentre\u021binerea efectuat\u0103, deoarece ve\u021bi avea nevoie de ele dac\u0103 dori\u021bi s\u0103 depune\u021bi o cerere de desp\u0103gubire. Verifica\u021bi, de asemenea, dac\u0103 exist\u0103 o franciz\u0103 pentru repara\u021bii, deoarece aceasta poate fi destul de mare.<\/p>\n<h2>C\u00e2t timp este valabil\u0103 garan\u021bia pentru o furgonet\u0103 cu cabin\u0103 dubl\u0103 second-hand?<\/h2>\n<p>Durata garan\u021biei pentru o furgonet\u0103 cu cabin\u0103 dubl\u0103 second-hand variaz\u0103 considerabil. <strong>garan\u021bie legal\u0103 minim\u0103<\/strong> este de 12 luni pentru cump\u0103r\u0103torii comerciali la un dealer autorizat. V\u00e2nz\u0103torii priva\u021bi nu sunt obliga\u021bi s\u0103 ofere garan\u021bie, cu excep\u021bia cazului \u00een care ascund \u00een mod deliberat defectele. Cu toate acestea, mul\u021bi dealeri profesioni\u0219ti ofer\u0103 garan\u021bii mai extinse, de obicei \u00eentre 3 \u0219i 12 luni, \u00een func\u021bie de vechimea \u0219i starea vehiculului.<\/p>\n<p>Cu c\u00e2t furgoneta este mai veche \u0219i cu c\u00e2t kilometrajul este mai mare, cu at\u00e2t perioada de garan\u021bie este, de obicei, mai scurt\u0103. O cabin\u0103 dubl\u0103 second-hand de 2 ani cu 40.000 de kilometri beneficiaz\u0103 adesea de o garan\u021bie mai lung\u0103 dec\u00e2t una de 6 ani cu 180.000 de kilometri. Starea vehiculului joac\u0103 \u0219i ea un rol important: un vehicul bine \u00eentre\u021binut, cu un istoric complet de \u00eentre\u021binere, beneficiaz\u0103 de o garan\u021bie mai bun\u0103 dec\u00e2t o furgonet\u0103 f\u0103r\u0103 istoric.<\/p>\n<p>De multe ori, po\u021bi prelungi garan\u021bia contra cost. De obicei, asta cost\u0103 \u00eentre 300 \u0219i 800 de euro pe an, \u00een func\u021bie de acoperire \u0219i de tipul vehiculului. O astfel de garan\u021bie extins\u0103 poate fi interesant\u0103 dac\u0103 parcurgi mul\u021bi kilometri sau dac\u0103 vrei siguran\u021b\u0103 \u00een privin\u021ba costurilor neprev\u0103zute de repara\u021bii. \u00centotdeauna \u00eentreab\u0103 c\u00e2t cost\u0103 exact prelungirea \u0219i ce include \u00eenainte de a te decide.<\/p>\n<h2>Ce trebuie s\u0103 ai \u00een vedere \u00een ceea ce prive\u0219te condi\u021biile de garan\u021bie?<\/h2>\n<p>\u00cen ceea ce prive\u0219te condi\u021biile de garan\u021bie, exist\u0103 c\u00e2teva <strong>puncte importante<\/strong> la care trebuie s\u0103 fii atent. Verific\u0103 mai \u00eent\u00e2i obliga\u021biile de \u00eentre\u021binere: \u00een cazul multor garan\u021bii, \u00eentre\u021binerea trebuie efectuat\u0103 la un service autorizat, conform programului prescris. Dac\u0103 nu faci acest lucru, garan\u021bia se anuleaz\u0103. \u00centreab\u0103 \u0219i care este franciza pentru fiecare repara\u021bie, deoarece unele reglement\u0103ri prev\u0103d o contribu\u021bie proprie de 100 p\u00e2n\u0103 la 250 de euro pentru fiecare defec\u021biune.<\/p>\n<p>Respecta\u021bi termenele pentru raportarea problemelor. Majoritatea garan\u021biilor impun raportarea defectelor \u00eentr-un anumit termen, de obicei \u00een 24-48 de ore de la constatarea acestora. De asemenea, este important s\u0103 \u0219ti\u021bi unde poate fi efectuat\u0103 repara\u021bia. Unele garan\u021bii impun s\u0103 v\u0103 adresa\u021bi unui anumit service, ceea ce poate fi incomod dac\u0103 locui\u021bi departe. P\u0103stra\u021bi \u00eentotdeauna toate documentele: factura de achizi\u021bie, certificatul de garan\u021bie, facturile de \u00eentre\u021binere \u0219i coresponden\u021ba cu v\u00e2nz\u0103torul.<\/p>\n<p>Semne de alarm\u0103 la care trebuie s\u0103 fii atent: garan\u021bii cu multe excep\u021bii, formul\u0103ri neclare cu privire la ceea ce este \u0219i nu este acoperit sau garan\u021bii care se aplic\u0103 numai dac\u0103 achizi\u021bionezi op\u021biuni suplimentare costisitoare. Cere\u021bi v\u00e2nz\u0103torului s\u0103 v\u0103 prezinte situa\u021bii concrete: ce se \u00eent\u00e2mpl\u0103 dac\u0103 motorul se defecteaz\u0103? Cine decide dac\u0103 este acoperit de garan\u021bie? C\u00e2t dureaz\u0103 procesarea? Aceste \u00eentreb\u0103ri v\u0103 ofer\u0103 o imagine clar\u0103 asupra fiabilit\u0103\u021bii garan\u021biei.<\/p>\n<h2>Cum v\u0103 ajut\u0103m cu garan\u021bia pentru cabine duble second-hand<\/h2>\n<p>La noi beneficia\u021bi de condi\u021bii de garan\u021bie transparente pentru produsele second-hand. <a href=\"https:\/\/www.vdhurk.nl\/ro\/vehicule-comerciale\/cabina-dubla\/\">cabin\u0103 dubl\u0103<\/a> autoutilitare. \u00cen\u021belegem c\u0103 dori\u021bi siguran\u021b\u0103 \u00een ceea ce prive\u0219te investi\u021bia dvs., de aceea v\u0103 oferim condi\u021bii clare, f\u0103r\u0103 clauze ascunse. Garan\u021bia noastr\u0103 acoper\u0103 principalele componente mecanice \u0219i electrice, astfel \u00eenc\u00e2t s\u0103 pute\u021bi porni la drum f\u0103r\u0103 griji.<\/p>\n<p>Ce \u00eenseamn\u0103 pentru dumneavoastr\u0103 abordarea noastr\u0103 \u00een materie de garan\u021bie:<\/p>\n<ul>\n<li><strong>Condi\u021bii clare de garan\u021bie<\/strong> pe care le primi\u021bi \u00een prealabil \u0219i le discuta\u021bi \u00eempreun\u0103<\/li>\n<li><strong>Perioade de garan\u021bie flexibile<\/strong> adaptat la v\u00e2rsta \u0219i starea vehiculului comercial ales<\/li>\n<li><strong>Inspec\u021bie op\u021bional\u0103 la achizi\u021bie<\/strong> \u00een avans, astfel \u00eenc\u00e2t s\u0103 \u0219tii exact ce cumperi<\/li>\n<li><strong>Pachete de livrare<\/strong> cu 3 luni de siguran\u021b\u0103 suplimentar\u0103 pentru un \u00eenceput f\u0103r\u0103 griji<\/li>\n<li><strong>\u00cendrumare personal\u0103<\/strong> \u00een cazul cererilor de garan\u021bie \u0219i asisten\u021b\u0103 pe \u00eentreaga perioad\u0103 de proprietate<\/li>\n<\/ul>\n<p>\u00cen timpul procesului de achizi\u021bie, ne lu\u0103m timpul necesar pentru a discuta cu tine toate condi\u021biile de garan\u021bie. F\u0103r\u0103 clauze ascunse sau surprize ulterioare, doar o comunicare sincer\u0103 despre ceea ce po\u021bi \u0219i nu po\u021bi a\u0219tepta. Datorit\u0103 experien\u021bei noastre \u00eendelungate, \u0219tim exact cu ce se confrunt\u0103 clien\u021bii \u0219i ne asigur\u0103m c\u0103 e\u0219ti bine preg\u0103tit.<\/p>\n<p>Dori\u021bi s\u0103 afla\u021bi ce garan\u021bie se potrive\u0219te situa\u021biei dvs.? Consulta\u021bi oferta noastr\u0103 actual\u0103 de autoutilitare cu cabin\u0103 dubl\u0103 second-hand pe site-ul nostru web sau contacta\u021bi-ne. V\u0103 vom ajuta cu pl\u0103cere s\u0103 g\u0103si\u021bi o autoutilitar\u0103 fiabil\u0103, cu garan\u021bia potrivit\u0103 pentru compania dvs.<\/p>","protected":false},"excerpt":{"rendered":"<p>Garan\u021bie pentru autoutilitare cu cabin\u0103 dubl\u0103 second-hand: de la garan\u021bia legal\u0103 la garan\u021bia dealerului. Afla\u021bi ce este acoperit \u0219i la ce trebuie s\u0103 fi\u021bi aten\u021bi.<\/p>","protected":false},"author":5,"featured_media":526002,"comment_status":"closed","ping_status":"closed","sticky":false,"template":"","format":"standard","meta":{"_acf_changed":false,"_improvement_type_select":"improve_an_existing","_thumb_yes_seoaic":false,"_frame_yes_seoaic":false,"seoaic_generate_description":"","seoaic_improve_instructions_prompt":"","seoaic_rollback_content_improvement":"","seoaic_idea_thumbnail_generator":"","thumbnail_generated":false,"thumbnail_generate_prompt":"","seoaic_article_description":"","seoaic_article_subtitles":[],"footnotes":""},"categories":[1],"tags":[],"class_list":["post-525769","post","type-post","status-publish","format-standard","has-post-thumbnail","hentry","category-seo"],"acf":[],"yoast_head":"<!-- This site is optimized with the Yoast SEO plugin v27.5 - https:\/\/yoast.com\/product\/yoast-seo-wordpress\/ -->\n<title>Is er garantie op gebruikte dubbele cabine bestelwagens? - Van den Hurk Bedrijfswagens<\/title>\n<meta name=\"description\" content=\"Ja, gebruikte dubbele cabine bestelwagens hebben garantie. Ontdek welke garantievormen gelden, wat er gedekt wordt en waar je op moet letten bij de voorwaarden.\" \/>\n<meta name=\"robots\" content=\"index, follow, max-snippet:-1, max-image-preview:large, max-video-preview:-1\" \/>\n<link rel=\"canonical\" href=\"https:\/\/www.vdhurk.nl\/ro\/exista-garantie-pentru-autoutilitarele-cu-cabina-dubla-second-hand\/\" \/>\n<meta property=\"og:locale\" content=\"ro_RO\" \/>\n<meta property=\"og:type\" content=\"article\" \/>\n<meta property=\"og:title\" content=\"Is er garantie op gebruikte dubbele cabine bestelwagens? - Van den Hurk Bedrijfswagens\" \/>\n<meta property=\"og:description\" content=\"Ja, gebruikte dubbele cabine bestelwagens hebben garantie. Ontdek welke garantievormen gelden, wat er gedekt wordt en waar je op moet letten bij de voorwaarden.\" \/>\n<meta property=\"og:url\" content=\"https:\/\/www.vdhurk.nl\/ro\/exista-garantie-pentru-autoutilitarele-cu-cabina-dubla-second-hand\/\" \/>\n<meta property=\"og:site_name\" content=\"Van den Hurk Bedrijfswagens\" \/>\n<meta property=\"article:published_time\" content=\"2025-12-15T07:00:00+00:00\" \/>\n<meta property=\"og:image\" content=\"https:\/\/www.vdhurk.nl\/wp-content\/uploads\/2025\/11\/bedrijfswagen-dubbele-cabine-garantie-zilver.webp\" \/>\n\t<meta property=\"og:image:width\" content=\"1024\" \/>\n\t<meta property=\"og:image:height\" content=\"768\" \/>\n\t<meta property=\"og:image:type\" content=\"image\/webp\" \/>\n<meta name=\"author\" content=\"wpseoai\" \/>\n<meta name=\"twitter:card\" content=\"summary_large_image\" \/>\n<meta name=\"twitter:label1\" content=\"Scris de\" \/>\n\t<meta name=\"twitter:data1\" content=\"wpseoai\" \/>\n\t<meta name=\"twitter:label2\" content=\"Timp estimat pentru citire\" \/>\n\t<meta name=\"twitter:data2\" content=\"5 minute\" \/>\n<script type=\"application\/ld+json\" class=\"yoast-schema-graph\">{\"@context\":\"https:\\\/\\\/schema.org\",\"@graph\":[{\"@type\":\"Article\",\"@id\":\"https:\\\/\\\/www.vdhurk.nl\\\/is-er-garantie-op-gebruikte-dubbele-cabine-bestelwagens\\\/#article\",\"isPartOf\":{\"@id\":\"https:\\\/\\\/www.vdhurk.nl\\\/is-er-garantie-op-gebruikte-dubbele-cabine-bestelwagens\\\/\"},\"author\":{\"name\":\"wpseoai\",\"@id\":\"https:\\\/\\\/www.vdhurk.nl\\\/#\\\/schema\\\/person\\\/04c44f7c3ccbd41cb14ad36749c8db5f\"},\"headline\":\"Is er garantie op gebruikte dubbele cabine bestelwagens?\",\"datePublished\":\"2025-12-15T07:00:00+00:00\",\"mainEntityOfPage\":{\"@id\":\"https:\\\/\\\/www.vdhurk.nl\\\/is-er-garantie-op-gebruikte-dubbele-cabine-bestelwagens\\\/\"},\"wordCount\":1098,\"image\":{\"@id\":\"https:\\\/\\\/www.vdhurk.nl\\\/is-er-garantie-op-gebruikte-dubbele-cabine-bestelwagens\\\/#primaryimage\"},\"thumbnailUrl\":\"https:\\\/\\\/www.vdhurk.nl\\\/wp-content\\\/uploads\\\/2025\\\/11\\\/bedrijfswagen-dubbele-cabine-garantie-zilver.webp\",\"articleSection\":[\"SEO\"],\"inLanguage\":\"ro-RO\"},{\"@type\":\"WebPage\",\"@id\":\"https:\\\/\\\/www.vdhurk.nl\\\/is-er-garantie-op-gebruikte-dubbele-cabine-bestelwagens\\\/\",\"url\":\"https:\\\/\\\/www.vdhurk.nl\\\/is-er-garantie-op-gebruikte-dubbele-cabine-bestelwagens\\\/\",\"name\":\"Is er garantie op gebruikte dubbele cabine bestelwagens? - Van den Hurk Bedrijfswagens\",\"isPartOf\":{\"@id\":\"https:\\\/\\\/www.vdhurk.nl\\\/#website\"},\"primaryImageOfPage\":{\"@id\":\"https:\\\/\\\/www.vdhurk.nl\\\/is-er-garantie-op-gebruikte-dubbele-cabine-bestelwagens\\\/#primaryimage\"},\"image\":{\"@id\":\"https:\\\/\\\/www.vdhurk.nl\\\/is-er-garantie-op-gebruikte-dubbele-cabine-bestelwagens\\\/#primaryimage\"},\"thumbnailUrl\":\"https:\\\/\\\/www.vdhurk.nl\\\/wp-content\\\/uploads\\\/2025\\\/11\\\/bedrijfswagen-dubbele-cabine-garantie-zilver.webp\",\"datePublished\":\"2025-12-15T07:00:00+00:00\",\"author\":{\"@id\":\"https:\\\/\\\/www.vdhurk.nl\\\/#\\\/schema\\\/person\\\/04c44f7c3ccbd41cb14ad36749c8db5f\"},\"description\":\"Ja, gebruikte dubbele cabine bestelwagens hebben garantie. Ontdek welke garantievormen gelden, wat er gedekt wordt en waar je op moet letten bij de voorwaarden.\",\"breadcrumb\":{\"@id\":\"https:\\\/\\\/www.vdhurk.nl\\\/is-er-garantie-op-gebruikte-dubbele-cabine-bestelwagens\\\/#breadcrumb\"},\"inLanguage\":\"ro-RO\",\"potentialAction\":[{\"@type\":\"ReadAction\",\"target\":[\"https:\\\/\\\/www.vdhurk.nl\\\/is-er-garantie-op-gebruikte-dubbele-cabine-bestelwagens\\\/\"]}]},{\"@type\":\"ImageObject\",\"inLanguage\":\"ro-RO\",\"@id\":\"https:\\\/\\\/www.vdhurk.nl\\\/is-er-garantie-op-gebruikte-dubbele-cabine-bestelwagens\\\/#primaryimage\",\"url\":\"https:\\\/\\\/www.vdhurk.nl\\\/wp-content\\\/uploads\\\/2025\\\/11\\\/bedrijfswagen-dubbele-cabine-garantie-zilver.webp\",\"contentUrl\":\"https:\\\/\\\/www.vdhurk.nl\\\/wp-content\\\/uploads\\\/2025\\\/11\\\/bedrijfswagen-dubbele-cabine-garantie-zilver.webp\",\"width\":1024,\"height\":768,\"caption\":\"Zilverkleurige dubbele cabine bedrijfswagen met rode garantiezegel in professionele showroom bij zonsondergang\"},{\"@type\":\"BreadcrumbList\",\"@id\":\"https:\\\/\\\/www.vdhurk.nl\\\/is-er-garantie-op-gebruikte-dubbele-cabine-bestelwagens\\\/#breadcrumb\",\"itemListElement\":[{\"@type\":\"ListItem\",\"position\":1,\"name\":\"Home\",\"item\":\"https:\\\/\\\/www.vdhurk.nl\\\/home\\\/\"},{\"@type\":\"ListItem\",\"position\":2,\"name\":\"Is er garantie op gebruikte dubbele cabine bestelwagens?\"}]},{\"@type\":\"WebSite\",\"@id\":\"https:\\\/\\\/www.vdhurk.nl\\\/#website\",\"url\":\"https:\\\/\\\/www.vdhurk.nl\\\/\",\"name\":\"Van den Hurk Bedrijfswagens\",\"description\":\"Van den Hurk bedrijfswagens Helmond\",\"potentialAction\":[{\"@type\":\"SearchAction\",\"target\":{\"@type\":\"EntryPoint\",\"urlTemplate\":\"https:\\\/\\\/www.vdhurk.nl\\\/?s={search_term_string}\"},\"query-input\":{\"@type\":\"PropertyValueSpecification\",\"valueRequired\":true,\"valueName\":\"search_term_string\"}}],\"inLanguage\":\"ro-RO\"},{\"@type\":\"Person\",\"@id\":\"https:\\\/\\\/www.vdhurk.nl\\\/#\\\/schema\\\/person\\\/04c44f7c3ccbd41cb14ad36749c8db5f\",\"name\":\"wpseoai\",\"image\":{\"@type\":\"ImageObject\",\"inLanguage\":\"ro-RO\",\"@id\":\"https:\\\/\\\/secure.gravatar.com\\\/avatar\\\/51ea6db2c0d04861332fc5a8dff3289a3d5bcfa4493f551d20452ff3f9c5bcbf?s=96&d=mm&r=g\",\"url\":\"https:\\\/\\\/secure.gravatar.com\\\/avatar\\\/51ea6db2c0d04861332fc5a8dff3289a3d5bcfa4493f551d20452ff3f9c5bcbf?s=96&d=mm&r=g\",\"contentUrl\":\"https:\\\/\\\/secure.gravatar.com\\\/avatar\\\/51ea6db2c0d04861332fc5a8dff3289a3d5bcfa4493f551d20452ff3f9c5bcbf?s=96&d=mm&r=g\",\"caption\":\"wpseoai\"},\"url\":\"https:\\\/\\\/www.vdhurk.nl\\\/ro\\\/author\\\/wpseoai\\\/\"}]}<\/script>\n<!-- \/ Yoast SEO plugin. -->","yoast_head_json":{"title":"Exist\u0103 garan\u021bie pentru autoutilitarele cu cabin\u0103 dubl\u0103 second-hand? - Van den Hurk Bedrijfswagens","description":"Da, furgonetele cu cabin\u0103 dubl\u0103 second-hand beneficiaz\u0103 de garan\u021bie. Afla\u021bi ce tipuri de garan\u021bie se aplic\u0103, ce acoper\u0103 acestea \u0219i ce trebuie s\u0103 ave\u021bi \u00een vedere \u00een ceea ce prive\u0219te condi\u021biile.","robots":{"index":"index","follow":"follow","max-snippet":"max-snippet:-1","max-image-preview":"max-image-preview:large","max-video-preview":"max-video-preview:-1"},"canonical":"https:\/\/www.vdhurk.nl\/ro\/exista-garantie-pentru-autoutilitarele-cu-cabina-dubla-second-hand\/","og_locale":"ro_RO","og_type":"article","og_title":"Is er garantie op gebruikte dubbele cabine bestelwagens? - Van den Hurk Bedrijfswagens","og_description":"Ja, gebruikte dubbele cabine bestelwagens hebben garantie. Ontdek welke garantievormen gelden, wat er gedekt wordt en waar je op moet letten bij de voorwaarden.","og_url":"https:\/\/www.vdhurk.nl\/ro\/exista-garantie-pentru-autoutilitarele-cu-cabina-dubla-second-hand\/","og_site_name":"Van den Hurk Bedrijfswagens","article_published_time":"2025-12-15T07:00:00+00:00","og_image":[{"width":1024,"height":768,"url":"https:\/\/www.vdhurk.nl\/wp-content\/uploads\/2025\/11\/bedrijfswagen-dubbele-cabine-garantie-zilver.webp","type":"image\/webp"}],"author":"wpseoai","twitter_card":"summary_large_image","twitter_misc":{"Scris de":"wpseoai","Timp estimat pentru citire":"5 minute"},"schema":{"@context":"https:\/\/schema.org","@graph":[{"@type":"Article","@id":"https:\/\/www.vdhurk.nl\/is-er-garantie-op-gebruikte-dubbele-cabine-bestelwagens\/#article","isPartOf":{"@id":"https:\/\/www.vdhurk.nl\/is-er-garantie-op-gebruikte-dubbele-cabine-bestelwagens\/"},"author":{"name":"wpseoai","@id":"https:\/\/www.vdhurk.nl\/#\/schema\/person\/04c44f7c3ccbd41cb14ad36749c8db5f"},"headline":"Is er garantie op gebruikte dubbele cabine bestelwagens?","datePublished":"2025-12-15T07:00:00+00:00","mainEntityOfPage":{"@id":"https:\/\/www.vdhurk.nl\/is-er-garantie-op-gebruikte-dubbele-cabine-bestelwagens\/"},"wordCount":1098,"image":{"@id":"https:\/\/www.vdhurk.nl\/is-er-garantie-op-gebruikte-dubbele-cabine-bestelwagens\/#primaryimage"},"thumbnailUrl":"https:\/\/www.vdhurk.nl\/wp-content\/uploads\/2025\/11\/bedrijfswagen-dubbele-cabine-garantie-zilver.webp","articleSection":["SEO"],"inLanguage":"ro-RO"},{"@type":"WebPage","@id":"https:\/\/www.vdhurk.nl\/is-er-garantie-op-gebruikte-dubbele-cabine-bestelwagens\/","url":"https:\/\/www.vdhurk.nl\/is-er-garantie-op-gebruikte-dubbele-cabine-bestelwagens\/","name":"Exist\u0103 garan\u021bie pentru autoutilitarele cu cabin\u0103 dubl\u0103 second-hand? - Van den Hurk Bedrijfswagens","isPartOf":{"@id":"https:\/\/www.vdhurk.nl\/#website"},"primaryImageOfPage":{"@id":"https:\/\/www.vdhurk.nl\/is-er-garantie-op-gebruikte-dubbele-cabine-bestelwagens\/#primaryimage"},"image":{"@id":"https:\/\/www.vdhurk.nl\/is-er-garantie-op-gebruikte-dubbele-cabine-bestelwagens\/#primaryimage"},"thumbnailUrl":"https:\/\/www.vdhurk.nl\/wp-content\/uploads\/2025\/11\/bedrijfswagen-dubbele-cabine-garantie-zilver.webp","datePublished":"2025-12-15T07:00:00+00:00","author":{"@id":"https:\/\/www.vdhurk.nl\/#\/schema\/person\/04c44f7c3ccbd41cb14ad36749c8db5f"},"description":"Da, furgonetele cu cabin\u0103 dubl\u0103 second-hand beneficiaz\u0103 de garan\u021bie. Afla\u021bi ce tipuri de garan\u021bie se aplic\u0103, ce acoper\u0103 acestea \u0219i ce trebuie s\u0103 ave\u021bi \u00een vedere \u00een ceea ce prive\u0219te condi\u021biile.","breadcrumb":{"@id":"https:\/\/www.vdhurk.nl\/is-er-garantie-op-gebruikte-dubbele-cabine-bestelwagens\/#breadcrumb"},"inLanguage":"ro-RO","potentialAction":[{"@type":"ReadAction","target":["https:\/\/www.vdhurk.nl\/is-er-garantie-op-gebruikte-dubbele-cabine-bestelwagens\/"]}]},{"@type":"ImageObject","inLanguage":"ro-RO","@id":"https:\/\/www.vdhurk.nl\/is-er-garantie-op-gebruikte-dubbele-cabine-bestelwagens\/#primaryimage","url":"https:\/\/www.vdhurk.nl\/wp-content\/uploads\/2025\/11\/bedrijfswagen-dubbele-cabine-garantie-zilver.webp","contentUrl":"https:\/\/www.vdhurk.nl\/wp-content\/uploads\/2025\/11\/bedrijfswagen-dubbele-cabine-garantie-zilver.webp","width":1024,"height":768,"caption":"Zilverkleurige dubbele cabine bedrijfswagen met rode garantiezegel in professionele showroom bij zonsondergang"},{"@type":"BreadcrumbList","@id":"https:\/\/www.vdhurk.nl\/is-er-garantie-op-gebruikte-dubbele-cabine-bestelwagens\/#breadcrumb","itemListElement":[{"@type":"ListItem","position":1,"name":"Home","item":"https:\/\/www.vdhurk.nl\/home\/"},{"@type":"ListItem","position":2,"name":"Is er garantie op gebruikte dubbele cabine bestelwagens?"}]},{"@type":"WebSite","@id":"https:\/\/www.vdhurk.nl\/#website","url":"https:\/\/www.vdhurk.nl\/","name":"Vehicule comerciale Van den Hurk","description":"Vehicule comerciale Van den Hurk Helmond","potentialAction":[{"@type":"SearchAction","target":{"@type":"EntryPoint","urlTemplate":"https:\/\/www.vdhurk.nl\/?s={search_term_string}"},"query-input":{"@type":"PropertyValueSpecification","valueRequired":true,"valueName":"search_term_string"}}],"inLanguage":"ro-RO"},{"@type":"Person","@id":"https:\/\/www.vdhurk.nl\/#\/schema\/person\/04c44f7c3ccbd41cb14ad36749c8db5f","name":"wpseoai","image":{"@type":"ImageObject","inLanguage":"ro-RO","@id":"https:\/\/secure.gravatar.com\/avatar\/51ea6db2c0d04861332fc5a8dff3289a3d5bcfa4493f551d20452ff3f9c5bcbf?s=96&d=mm&r=g","url":"https:\/\/secure.gravatar.com\/avatar\/51ea6db2c0d04861332fc5a8dff3289a3d5bcfa4493f551d20452ff3f9c5bcbf?s=96&d=mm&r=g","contentUrl":"https:\/\/secure.gravatar.com\/avatar\/51ea6db2c0d04861332fc5a8dff3289a3d5bcfa4493f551d20452ff3f9c5bcbf?s=96&d=mm&r=g","caption":"wpseoai"},"url":"https:\/\/www.vdhurk.nl\/ro\/author\/wpseoai\/"}]}},"_links":{"self":[{"href":"https:\/\/www.vdhurk.nl\/ro\/wp-json\/wp\/v2\/posts\/525769","targetHints":{"allow":["GET"]}}],"collection":[{"href":"https:\/\/www.vdhurk.nl\/ro\/wp-json\/wp\/v2\/posts"}],"about":[{"href":"https:\/\/www.vdhurk.nl\/ro\/wp-json\/wp\/v2\/types\/post"}],"author":[{"embeddable":true,"href":"https:\/\/www.vdhurk.nl\/ro\/wp-json\/wp\/v2\/users\/5"}],"replies":[{"embeddable":true,"href":"https:\/\/www.vdhurk.nl\/ro\/wp-json\/wp\/v2\/comments?post=525769"}],"version-history":[{"count":2,"href":"https:\/\/www.vdhurk.nl\/ro\/wp-json\/wp\/v2\/posts\/525769\/revisions"}],"predecessor-version":[{"id":526112,"href":"https:\/\/www.vdhurk.nl\/ro\/wp-json\/wp\/v2\/posts\/525769\/revisions\/526112"}],"wp:featuredmedia":[{"embeddable":true,"href":"https:\/\/www.vdhurk.nl\/ro\/wp-json\/wp\/v2\/media\/526002"}],"wp:attachment":[{"href":"https:\/\/www.vdhurk.nl\/ro\/wp-json\/wp\/v2\/media?parent=525769"}],"wp:term":[{"taxonomy":"category","embeddable":true,"href":"https:\/\/www.vdhurk.nl\/ro\/wp-json\/wp\/v2\/categories?post=525769"},{"taxonomy":"post_tag","embeddable":true,"href":"https:\/\/www.vdhurk.nl\/ro\/wp-json\/wp\/v2\/tags?post=525769"}],"curies":[{"name":"wp","href":"https:\/\/api.w.org\/{rel}","templated":true}]}}