{"id":525703,"date":"2025-11-20T08:00:00","date_gmt":"2025-11-20T07:00:00","guid":{"rendered":"https:\/\/www.vdhurk.nl\/?p=525703"},"modified":"2025-11-13T15:53:12","modified_gmt":"2025-11-13T14:53:12","slug":"ce-este-o-dubita-cu-cabina-dubla","status":"publish","type":"post","link":"https:\/\/www.vdhurk.nl\/ro\/wat-is-een-bestelwagen-met-dubbele-cabine\/","title":{"rendered":"Ce este o dubi\u021b\u0103 cu cabin\u0103 dubl\u0103?"},"content":{"rendered":"<p>A <strong>furgonet\u0103 cu cabin\u0103 dubl\u0103<\/strong> este un vehicul comercial format din dou\u0103 r\u00e2nduri de scaune, care v\u0103 permite s\u0103 transporta\u021bi at\u00e2t personal, c\u00e2t \u0219i echipamente. \u00cen practic\u0103, aceasta \u00eenseamn\u0103 c\u0103 ave\u021bi un al doilea r\u00e2nd de scaune \u00een spatele \u0219oferului \u0219i al copilotului pentru pasageri suplimentari. Zona de \u00eenc\u0103rcare este situat\u0103 \u00een spatele acestei cabine duble, separat\u0103 de scaune. Acest tip de dub\u0103 combin\u0103 confortul transportului de pasageri cu capacitatea practic\u0103 de \u00eenc\u0103rcare de care ave\u021bi nevoie pentru unelte \u0219i materiale.<\/p>\n<h2>Care este diferen\u021ba dintre o dubi\u021b\u0103 cu cabin\u0103 simpl\u0103 \u0219i una cu cabin\u0103 dubl\u0103?<\/h2>\n<p>Principala diferen\u021b\u0103 const\u0103 \u00een num\u0103rul de locuri \u0219i raportul dintre spa\u021biul pentru pasageri \u0219i cel pentru marf\u0103. A <strong>furgonet\u0103 cu o singur\u0103 cabin\u0103<\/strong> are un r\u00e2nd de scaune cu spa\u021biu pentru p\u00e2n\u0103 la trei persoane (\u0219ofer plus doi pasageri). \u00centregul spa\u021biu din spatele acestui r\u00e2nd de scaune este disponibil pentru marf\u0103. \u00cen cazul unei dubi\u021be cu cabin\u0103 dubl\u0103, ave\u021bi dou\u0103 r\u00e2nduri de scaune, ceea ce \u00eenseamn\u0103 c\u0103 pute\u021bi transporta mai multe persoane, dar sacrifica\u021bi o parte din spa\u021biul de \u00eenc\u0103rcare.<\/p>\n<p>\u00cen practic\u0103, observa\u021bi aceast\u0103 diferen\u021b\u0103 \u00een principal \u00een utilizarea zilnic\u0103. Cu o cabin\u0103 simpl\u0103, maximiza\u021bi capacitatea de \u00eenc\u0103rcare, ceea ce este util dac\u0103 transporta\u021bi \u00een principal m\u0103rfuri \u0219i sunte\u021bi rareori pe drum cu o echip\u0103 \u00eentreag\u0103. Alege\u021bi cabina dubl\u0103 atunci c\u00e2nd v\u0103 deplasa\u021bi \u00een mod regulat la locul de desf\u0103\u0219urare al proiectului cu mai mul\u021bi colegi \u0219i dori\u021bi ca toat\u0103 lumea s\u0103 c\u0103l\u0103toreasc\u0103 confortabil.<\/p>\n<p>O alt\u0103 diferen\u021b\u0103 practic\u0103 este separarea dintre spa\u021biul de lucru \u0219i cel de \u0219edere. Cu o cabin\u0103 dubl\u0103, cabina r\u0103m\u00e2ne mai curat\u0103 deoarece uneltele, materialele \u0219i munca murdar\u0103 r\u0103m\u00e2n \u00een spa\u021biul de \u00eenc\u0103rcare separat. Cu o cabin\u0103 simpl\u0103, totul este mai aproape unul de cel\u0103lalt, ceea ce \u00eenseamn\u0103 c\u0103 cabina dvs. se poate murd\u0103ri mai repede dac\u0103 transporta\u021bi \u00een mod regulat materiale pr\u0103fuite sau murdare.<\/p>\n<h2>Pentru ce tip de munc\u0103 este cea mai potrivit\u0103 o dubi\u021b\u0103 cu cabin\u0103 dubl\u0103?<\/h2>\n<p>O dubi\u021b\u0103 cu cabin\u0103 dubl\u0103 este ideal\u0103 pentru \u00eentreprinderile \u00een care <strong>transportul echipei \u0219i transportul echipamentelor<\/strong> merg m\u00e2n\u0103 \u00een m\u00e2n\u0103. G\u00e2ndi\u021bi-v\u0103 la companiile de construc\u021bii care conduc o echip\u0103 de patru p\u00e2n\u0103 la \u0219ase persoane la un \u0219antier, cu tot cu unelte \u0219i materiale. \u00cen loc s\u0103 folosi\u021bi mai multe vehicule, rezolva\u021bi problema cu o singur\u0103 dub\u0103.<\/p>\n<p>De asemenea, companiile de instalare beneficiaz\u0103 foarte mult de acest tip de dubi\u021b\u0103. Un mecanic conduce rareori singur, iar cu o cabin\u0103 dubl\u0103 \u00ee\u021bi po\u021bi lua colegii cu tine \u00een timp ce transpor\u021bi cutii de scule, conducte \u0219i alte materiale \u00een spa\u021biul de \u00eenc\u0103rcare. Acela\u0219i lucru este valabil \u0219i pentru companiile de amenaj\u0103ri peisagistice care lucreaz\u0103 cu o echip\u0103 \u0219i trebuie s\u0103 transporte unelte de gr\u0103din\u0103, plante \u0219i materiale.<\/p>\n<p>Companiile de servicii \u00een domeniul ingineriei, cum ar fi electricienii sau instalatorii care lucreaz\u0103 cu mai mul\u021bi mecanici, opteaz\u0103 adesea pentru o cabin\u0103 dubl\u0103. V\u0103 deplasa\u021bi \u00eempreun\u0103 la loca\u021biile clien\u021bilor, economisi\u021bi combustibil prin faptul c\u0103 nu trebuie s\u0103 conduce\u021bi mai multe ma\u0219ini \u0219i ave\u021bi suficient spa\u021biu pentru echipamentul profesional. Pentru companiile de transport axate exclusiv pe transportul de m\u0103rfuri f\u0103r\u0103 personal, o cabin\u0103 simpl\u0103 este de obicei mai potrivit\u0103.<\/p>\n<h2>C\u00e2te persoane pute\u021bi transporta \u00eentr-o dubi\u021b\u0103 cu cabin\u0103 dubl\u0103?<\/h2>\n<p>\u00centr-o dubi\u021b\u0103 cu cabin\u0103 dubl\u0103, pute\u021bi <strong>de obicei \u0219ase p\u00e2n\u0103 la \u0219apte persoane<\/strong> transport, inclusiv \u0219oferul. Cea mai comun\u0103 configura\u021bie este de trei locuri \u00een fa\u021b\u0103 \u0219i trei sau patru locuri \u00een al doilea r\u00e2nd de scaune. Capacitatea exact\u0103 depinde de marca \u0219i modelul pe care le alege\u021bi.<\/p>\n<p>\u00cen ceea ce prive\u0219te siguran\u021ba, fiecare scaun trebuie s\u0103 aib\u0103 o centur\u0103 de siguran\u021b\u0103 omologat\u0103. Acest lucru este obligatoriu prin lege \u0219i este, de asemenea, verificat \u00een timpul inspec\u021biei MOT. To\u021bi ocupan\u021bii trebuie s\u0103 poat\u0103 sta \u00een siguran\u021b\u0103 cu o centur\u0103 de siguran\u021b\u0103 \u00een trei puncte, ceea ce \u00eenseamn\u0103 c\u0103 nu pute\u021bi l\u0103sa persoane suplimentare s\u0103 c\u0103l\u0103toreasc\u0103 pe podeaua portbagajului.<\/p>\n<p>Pentru utilizarea \u00een interes de serviciu, este bine de \u0219tiut c\u0103 ma\u0219ina dvs. de serviciu poate ajunge p\u00e2n\u0103 la 3500 kg dac\u0103 v\u0103 \u00eencadra\u021bi \u00een aceast\u0103 clas\u0103 de greutate. Acest lucru \u00eenseamn\u0103 c\u0103 pute\u021bi conduce cu un permis de conducere B normal. Acorda\u021bi aten\u021bie capacit\u0103\u021bii maxime de \u00eenc\u0103rcare: cu c\u00e2t lua\u021bi mai multe persoane cu dvs., cu at\u00e2t mai pu\u021bin\u0103 greutate pute\u021bi transporta \u00een termeni de materiale \u0219i unelte f\u0103r\u0103 a dep\u0103\u0219i masa total\u0103 permis\u0103.<\/p>\n<h2>Care sunt avantajele \u0219i dezavantajele unei dubi\u021be cu cabin\u0103 dubl\u0103?<\/h2>\n<p>Cele mai mari avantaje constau \u00een <strong>versatilitate \u0219i eficien\u021b\u0103 a costurilor<\/strong>. Rezolva\u021bi transportul echipei \u0219i transportul materialelor cu un singur vehicul, ceea ce \u00eenseamn\u0103 c\u0103 ave\u021bi nevoie de mai pu\u021bine vehicule \u00een flota dvs. Acest lucru economise\u0219te costurile de achizi\u021bie, asigurare, taxe de drum \u0219i \u00eentre\u021binere. \u00cen plus, v\u0103 deplasa\u021bi la loca\u021biile proiectelor cu un singur vehicul \u00een loc de mai multe, ceea ce economise\u0219te costurile de combustibil \u0219i faciliteaz\u0103 parcarea.<\/p>\n<p>Un alt avantaj este confortul pentru echipa dvs. Toat\u0103 lumea st\u0103 confortabil cu mult spa\u021biu pentru picioare, iar zona de \u00eenc\u0103rcare separat\u0103 asigur\u0103 faptul c\u0103 cabina r\u0103m\u00e2ne curat\u0103 \u0219i pl\u0103cut\u0103. Angaja\u021bii apreciaz\u0103 acest lucru, \u00een special \u00een timpul c\u0103l\u0103toriilor mai lungi la loca\u021biile clien\u021bilor sau la proiecte.<\/p>\n<p>Dezavantajele sunt \u00een principal practice. Pierde\u021bi spa\u021biu de \u00eenc\u0103rcare comparativ cu o cabin\u0103 simpl\u0103, ceea ce \u00eenseamn\u0103 c\u0103 pute\u021bi transporta mai pu\u021bine materiale sau unelte. Pentru companiile care trebuie s\u0103 transporte volume mari, aceasta poate fi o problem\u0103. Consumul de combustibil este, de asemenea, mai mare din cauza greut\u0103\u021bii suplimentare a cabinei duble \u0219i a pasagerilor. \u00cen cele din urm\u0103, pre\u021bul de achizi\u021bie este mai mare dec\u00e2t pentru o dubi\u021b\u0103 comparabil\u0103 cu o singur\u0103 cabin\u0103.<\/p>\n<p>Prin urmare, trebuie s\u0103 evalua\u021bi cu aten\u021bie ce este mai important pentru opera\u021biunile dumneavoastr\u0103: capacitatea maxim\u0103 de \u00eenc\u0103rcare sau posibilitatea de a lua \u00eentreaga echip\u0103 cu dumneavoastr\u0103. Pentru multe companii, confortul de a c\u0103l\u0103tori \u00eempreun\u0103 dep\u0103\u0219e\u0219te pierderea de spa\u021biu de \u00eenc\u0103rcare.<\/p>\n<h2>Cum v\u0103 ajut\u0103 Van Den Hurk s\u0103 g\u0103si\u021bi dubi\u021ba cu cabin\u0103 dubl\u0103 potrivit\u0103<\/h2>\n<p>\u00cen\u021belegem c\u0103 alegerea furgonetei cu dou\u0103 cabine potrivite depinde de situa\u021bia specific\u0103 a afacerii dumneavoastr\u0103. De aceea, ne lu\u0103m timp s\u0103 lucr\u0103m cu dvs. pentru a vedea exact de ce ave\u021bi nevoie. C\u00e2\u021bi angaja\u021bi ve\u021bi lua cu dvs. \u00een medie? Ce materiale trebuie s\u0103 transporta\u021bi? \u0218i care este bugetul dumneavoastr\u0103?<\/p>\n<p>Gama noastr\u0103 de <a href=\"https:\/\/www.vdhurk.nl\/ro\/vehicule-comerciale\/cabina-dubla\/\">cabine duble<\/a> include diverse m\u0103rci \u0219i modele, at\u00e2t noi, c\u00e2t \u0219i second-hand. Datorit\u0103 stocului nostru mare de aproximativ 400 de vehicule comerciale, ve\u021bi g\u0103si \u00eentotdeauna o solu\u021bie potrivit\u0103 la noi. Pute\u021bi veni la noi pentru:<\/p>\n<ul>\n<li><strong>Sfaturi personale<\/strong> de la consultan\u021bi care cunosc afacerea pe dinafar\u0103<\/li>\n<li><strong>Op\u021biuni flexibile de finan\u021bare<\/strong> cum ar fi achizi\u021bionarea sau leasingul financiar<\/li>\n<li><strong>Serviciu de alert\u0103 bursier\u0103<\/strong> care v\u0103 anun\u021b\u0103 automat c\u00e2nd sose\u0219te dubi\u021ba ideal\u0103<\/li>\n<li><strong>Pre\u021buri transparente<\/strong> f\u0103r\u0103 surprize<\/li>\n<li><strong>Ghid complet<\/strong> de la consiliere la livrare<\/li>\n<\/ul>\n<p>Nu ezita\u021bi s\u0103 trece\u021bi pe la showroom-ul nostru din Helmond pentru a vedea \u0219i a compara diverse furgonete cu cabin\u0103 dubl\u0103. Sau verifica\u021bi gama noastr\u0103 actual\u0103 online la www.vdhurk.nl. V\u0103 g\u00e2ndi\u021bi la un anumit model care nu este disponibil chiar acum? Atunci activa\u021bi alerta de stoc \u0219i ve\u021bi afla imediat c\u00e2nd primim o dubi\u021b\u0103 potrivit\u0103. Contacta\u021bi-ne \u0219i vom fi bucuro\u0219i s\u0103 v\u0103 ajut\u0103m s\u0103 g\u0103si\u021bi cabina dubl\u0103 perfect\u0103 pentru afacerea dumneavoastr\u0103.<\/p>","protected":false},"excerpt":{"rendered":"<p>Furgonet\u0103 cu cabin\u0103 dubl\u0103: dou\u0103 r\u00e2nduri de scaune pentru transportul echipei \u0219i al materialelor. Ideal\u0103 pentru companiile de construc\u021bii, instala\u021bii \u0219i servicii care lucreaz\u0103 eficient.<\/p>","protected":false},"author":5,"featured_media":525882,"comment_status":"closed","ping_status":"closed","sticky":false,"template":"","format":"standard","meta":{"_acf_changed":false,"_improvement_type_select":"improve_an_existing","_thumb_yes_seoaic":false,"_frame_yes_seoaic":false,"seoaic_generate_description":"","seoaic_improve_instructions_prompt":"","seoaic_rollback_content_improvement":"","seoaic_idea_thumbnail_generator":"","thumbnail_generated":false,"thumbnail_generate_prompt":"","seoaic_article_description":"","seoaic_article_subtitles":[],"footnotes":""},"categories":[1],"tags":[],"class_list":["post-525703","post","type-post","status-publish","format-standard","has-post-thumbnail","hentry","category-seo"],"acf":[],"yoast_head":"<!-- This site is optimized with the Yoast SEO plugin v27.5 - https:\/\/yoast.com\/product\/yoast-seo-wordpress\/ -->\n<title>Wat is een bestelwagen met dubbele cabine? - Van den Hurk Bedrijfswagens<\/title>\n<meta name=\"description\" content=\"Ontdek wat een bestelwagen met dubbele cabine is en wanneer deze ideaal is voor jouw bedrijf. Vergelijk voor- en nadelen, capaciteit en geschiktheid per sector.\" \/>\n<meta name=\"robots\" content=\"index, follow, max-snippet:-1, max-image-preview:large, max-video-preview:-1\" \/>\n<link rel=\"canonical\" href=\"https:\/\/www.vdhurk.nl\/ro\/ce-este-o-dubita-cu-cabina-dubla\/\" \/>\n<meta property=\"og:locale\" content=\"ro_RO\" \/>\n<meta property=\"og:type\" content=\"article\" \/>\n<meta property=\"og:title\" content=\"Wat is een bestelwagen met dubbele cabine? - Van den Hurk Bedrijfswagens\" \/>\n<meta property=\"og:description\" content=\"Ontdek wat een bestelwagen met dubbele cabine is en wanneer deze ideaal is voor jouw bedrijf. Vergelijk voor- en nadelen, capaciteit en geschiktheid per sector.\" \/>\n<meta property=\"og:url\" content=\"https:\/\/www.vdhurk.nl\/ro\/ce-este-o-dubita-cu-cabina-dubla\/\" \/>\n<meta property=\"og:site_name\" content=\"Van den Hurk Bedrijfswagens\" \/>\n<meta property=\"article:published_time\" content=\"2025-11-20T07:00:00+00:00\" \/>\n<meta property=\"og:image\" content=\"https:\/\/www.vdhurk.nl\/wp-content\/uploads\/2025\/11\/dubbele-cabine-bestelwagen-wit-industrieel-terrein.webp\" \/>\n\t<meta property=\"og:image:width\" content=\"1024\" \/>\n\t<meta property=\"og:image:height\" content=\"768\" \/>\n\t<meta property=\"og:image:type\" content=\"image\/webp\" \/>\n<meta name=\"author\" content=\"wpseoai\" \/>\n<meta name=\"twitter:card\" content=\"summary_large_image\" \/>\n<meta name=\"twitter:label1\" content=\"Scris de\" \/>\n\t<meta name=\"twitter:data1\" content=\"wpseoai\" \/>\n\t<meta name=\"twitter:label2\" content=\"Timp estimat pentru citire\" \/>\n\t<meta name=\"twitter:data2\" content=\"5 minute\" \/>\n<script type=\"application\/ld+json\" class=\"yoast-schema-graph\">{\"@context\":\"https:\\\/\\\/schema.org\",\"@graph\":[{\"@type\":\"Article\",\"@id\":\"https:\\\/\\\/www.vdhurk.nl\\\/wat-is-een-bestelwagen-met-dubbele-cabine\\\/#article\",\"isPartOf\":{\"@id\":\"https:\\\/\\\/www.vdhurk.nl\\\/wat-is-een-bestelwagen-met-dubbele-cabine\\\/\"},\"author\":{\"name\":\"wpseoai\",\"@id\":\"https:\\\/\\\/www.vdhurk.nl\\\/#\\\/schema\\\/person\\\/04c44f7c3ccbd41cb14ad36749c8db5f\"},\"headline\":\"Wat is een bestelwagen met dubbele cabine?\",\"datePublished\":\"2025-11-20T07:00:00+00:00\",\"mainEntityOfPage\":{\"@id\":\"https:\\\/\\\/www.vdhurk.nl\\\/wat-is-een-bestelwagen-met-dubbele-cabine\\\/\"},\"wordCount\":1044,\"image\":{\"@id\":\"https:\\\/\\\/www.vdhurk.nl\\\/wat-is-een-bestelwagen-met-dubbele-cabine\\\/#primaryimage\"},\"thumbnailUrl\":\"https:\\\/\\\/www.vdhurk.nl\\\/wp-content\\\/uploads\\\/2025\\\/11\\\/dubbele-cabine-bestelwagen-wit-industrieel-terrein.webp\",\"articleSection\":[\"SEO\"],\"inLanguage\":\"ro-RO\"},{\"@type\":\"WebPage\",\"@id\":\"https:\\\/\\\/www.vdhurk.nl\\\/wat-is-een-bestelwagen-met-dubbele-cabine\\\/\",\"url\":\"https:\\\/\\\/www.vdhurk.nl\\\/wat-is-een-bestelwagen-met-dubbele-cabine\\\/\",\"name\":\"Wat is een bestelwagen met dubbele cabine? - Van den Hurk Bedrijfswagens\",\"isPartOf\":{\"@id\":\"https:\\\/\\\/www.vdhurk.nl\\\/#website\"},\"primaryImageOfPage\":{\"@id\":\"https:\\\/\\\/www.vdhurk.nl\\\/wat-is-een-bestelwagen-met-dubbele-cabine\\\/#primaryimage\"},\"image\":{\"@id\":\"https:\\\/\\\/www.vdhurk.nl\\\/wat-is-een-bestelwagen-met-dubbele-cabine\\\/#primaryimage\"},\"thumbnailUrl\":\"https:\\\/\\\/www.vdhurk.nl\\\/wp-content\\\/uploads\\\/2025\\\/11\\\/dubbele-cabine-bestelwagen-wit-industrieel-terrein.webp\",\"datePublished\":\"2025-11-20T07:00:00+00:00\",\"author\":{\"@id\":\"https:\\\/\\\/www.vdhurk.nl\\\/#\\\/schema\\\/person\\\/04c44f7c3ccbd41cb14ad36749c8db5f\"},\"description\":\"Ontdek wat een bestelwagen met dubbele cabine is en wanneer deze ideaal is voor jouw bedrijf. Vergelijk voor- en nadelen, capaciteit en geschiktheid per sector.\",\"breadcrumb\":{\"@id\":\"https:\\\/\\\/www.vdhurk.nl\\\/wat-is-een-bestelwagen-met-dubbele-cabine\\\/#breadcrumb\"},\"inLanguage\":\"ro-RO\",\"potentialAction\":[{\"@type\":\"ReadAction\",\"target\":[\"https:\\\/\\\/www.vdhurk.nl\\\/wat-is-een-bestelwagen-met-dubbele-cabine\\\/\"]}]},{\"@type\":\"ImageObject\",\"inLanguage\":\"ro-RO\",\"@id\":\"https:\\\/\\\/www.vdhurk.nl\\\/wat-is-een-bestelwagen-met-dubbele-cabine\\\/#primaryimage\",\"url\":\"https:\\\/\\\/www.vdhurk.nl\\\/wp-content\\\/uploads\\\/2025\\\/11\\\/dubbele-cabine-bestelwagen-wit-industrieel-terrein.webp\",\"contentUrl\":\"https:\\\/\\\/www.vdhurk.nl\\\/wp-content\\\/uploads\\\/2025\\\/11\\\/dubbele-cabine-bestelwagen-wit-industrieel-terrein.webp\",\"width\":1024,\"height\":768,\"caption\":\"Witte dubbele cabine bedrijfswagen geparkeerd op nat asfalt bij gouden uur met industri\u00eble achtergrond\"},{\"@type\":\"BreadcrumbList\",\"@id\":\"https:\\\/\\\/www.vdhurk.nl\\\/wat-is-een-bestelwagen-met-dubbele-cabine\\\/#breadcrumb\",\"itemListElement\":[{\"@type\":\"ListItem\",\"position\":1,\"name\":\"Home\",\"item\":\"https:\\\/\\\/www.vdhurk.nl\\\/home\\\/\"},{\"@type\":\"ListItem\",\"position\":2,\"name\":\"Wat is een bestelwagen met dubbele cabine?\"}]},{\"@type\":\"WebSite\",\"@id\":\"https:\\\/\\\/www.vdhurk.nl\\\/#website\",\"url\":\"https:\\\/\\\/www.vdhurk.nl\\\/\",\"name\":\"Van den Hurk Bedrijfswagens\",\"description\":\"Van den Hurk bedrijfswagens Helmond\",\"potentialAction\":[{\"@type\":\"SearchAction\",\"target\":{\"@type\":\"EntryPoint\",\"urlTemplate\":\"https:\\\/\\\/www.vdhurk.nl\\\/?s={search_term_string}\"},\"query-input\":{\"@type\":\"PropertyValueSpecification\",\"valueRequired\":true,\"valueName\":\"search_term_string\"}}],\"inLanguage\":\"ro-RO\"},{\"@type\":\"Person\",\"@id\":\"https:\\\/\\\/www.vdhurk.nl\\\/#\\\/schema\\\/person\\\/04c44f7c3ccbd41cb14ad36749c8db5f\",\"name\":\"wpseoai\",\"image\":{\"@type\":\"ImageObject\",\"inLanguage\":\"ro-RO\",\"@id\":\"https:\\\/\\\/secure.gravatar.com\\\/avatar\\\/51ea6db2c0d04861332fc5a8dff3289a3d5bcfa4493f551d20452ff3f9c5bcbf?s=96&d=mm&r=g\",\"url\":\"https:\\\/\\\/secure.gravatar.com\\\/avatar\\\/51ea6db2c0d04861332fc5a8dff3289a3d5bcfa4493f551d20452ff3f9c5bcbf?s=96&d=mm&r=g\",\"contentUrl\":\"https:\\\/\\\/secure.gravatar.com\\\/avatar\\\/51ea6db2c0d04861332fc5a8dff3289a3d5bcfa4493f551d20452ff3f9c5bcbf?s=96&d=mm&r=g\",\"caption\":\"wpseoai\"},\"url\":\"https:\\\/\\\/www.vdhurk.nl\\\/ro\\\/author\\\/wpseoai\\\/\"}]}<\/script>\n<!-- \/ Yoast SEO plugin. -->","yoast_head_json":{"title":"Ce este o dubi\u021b\u0103 cu cabin\u0103 dubl\u0103? - Vehicule comerciale Van den Hurk","description":"Afla\u021bi ce este o dubi\u021b\u0103 cu cabin\u0103 dubl\u0103 \u0219i c\u00e2nd este ideal\u0103 pentru afacerea dumneavoastr\u0103. Compara\u021bi avantajele \u0219i dezavantajele, capacitatea \u0219i adaptabilitatea \u00een func\u021bie de sector.","robots":{"index":"index","follow":"follow","max-snippet":"max-snippet:-1","max-image-preview":"max-image-preview:large","max-video-preview":"max-video-preview:-1"},"canonical":"https:\/\/www.vdhurk.nl\/ro\/ce-este-o-dubita-cu-cabina-dubla\/","og_locale":"ro_RO","og_type":"article","og_title":"Wat is een bestelwagen met dubbele cabine? - Van den Hurk Bedrijfswagens","og_description":"Ontdek wat een bestelwagen met dubbele cabine is en wanneer deze ideaal is voor jouw bedrijf. Vergelijk voor- en nadelen, capaciteit en geschiktheid per sector.","og_url":"https:\/\/www.vdhurk.nl\/ro\/ce-este-o-dubita-cu-cabina-dubla\/","og_site_name":"Van den Hurk Bedrijfswagens","article_published_time":"2025-11-20T07:00:00+00:00","og_image":[{"width":1024,"height":768,"url":"https:\/\/www.vdhurk.nl\/wp-content\/uploads\/2025\/11\/dubbele-cabine-bestelwagen-wit-industrieel-terrein.webp","type":"image\/webp"}],"author":"wpseoai","twitter_card":"summary_large_image","twitter_misc":{"Scris de":"wpseoai","Timp estimat pentru citire":"5 minute"},"schema":{"@context":"https:\/\/schema.org","@graph":[{"@type":"Article","@id":"https:\/\/www.vdhurk.nl\/wat-is-een-bestelwagen-met-dubbele-cabine\/#article","isPartOf":{"@id":"https:\/\/www.vdhurk.nl\/wat-is-een-bestelwagen-met-dubbele-cabine\/"},"author":{"name":"wpseoai","@id":"https:\/\/www.vdhurk.nl\/#\/schema\/person\/04c44f7c3ccbd41cb14ad36749c8db5f"},"headline":"Wat is een bestelwagen met dubbele cabine?","datePublished":"2025-11-20T07:00:00+00:00","mainEntityOfPage":{"@id":"https:\/\/www.vdhurk.nl\/wat-is-een-bestelwagen-met-dubbele-cabine\/"},"wordCount":1044,"image":{"@id":"https:\/\/www.vdhurk.nl\/wat-is-een-bestelwagen-met-dubbele-cabine\/#primaryimage"},"thumbnailUrl":"https:\/\/www.vdhurk.nl\/wp-content\/uploads\/2025\/11\/dubbele-cabine-bestelwagen-wit-industrieel-terrein.webp","articleSection":["SEO"],"inLanguage":"ro-RO"},{"@type":"WebPage","@id":"https:\/\/www.vdhurk.nl\/wat-is-een-bestelwagen-met-dubbele-cabine\/","url":"https:\/\/www.vdhurk.nl\/wat-is-een-bestelwagen-met-dubbele-cabine\/","name":"Ce este o dubi\u021b\u0103 cu cabin\u0103 dubl\u0103? - Vehicule comerciale Van den Hurk","isPartOf":{"@id":"https:\/\/www.vdhurk.nl\/#website"},"primaryImageOfPage":{"@id":"https:\/\/www.vdhurk.nl\/wat-is-een-bestelwagen-met-dubbele-cabine\/#primaryimage"},"image":{"@id":"https:\/\/www.vdhurk.nl\/wat-is-een-bestelwagen-met-dubbele-cabine\/#primaryimage"},"thumbnailUrl":"https:\/\/www.vdhurk.nl\/wp-content\/uploads\/2025\/11\/dubbele-cabine-bestelwagen-wit-industrieel-terrein.webp","datePublished":"2025-11-20T07:00:00+00:00","author":{"@id":"https:\/\/www.vdhurk.nl\/#\/schema\/person\/04c44f7c3ccbd41cb14ad36749c8db5f"},"description":"Afla\u021bi ce este o dubi\u021b\u0103 cu cabin\u0103 dubl\u0103 \u0219i c\u00e2nd este ideal\u0103 pentru afacerea dumneavoastr\u0103. Compara\u021bi avantajele \u0219i dezavantajele, capacitatea \u0219i adaptabilitatea \u00een func\u021bie de sector.","breadcrumb":{"@id":"https:\/\/www.vdhurk.nl\/wat-is-een-bestelwagen-met-dubbele-cabine\/#breadcrumb"},"inLanguage":"ro-RO","potentialAction":[{"@type":"ReadAction","target":["https:\/\/www.vdhurk.nl\/wat-is-een-bestelwagen-met-dubbele-cabine\/"]}]},{"@type":"ImageObject","inLanguage":"ro-RO","@id":"https:\/\/www.vdhurk.nl\/wat-is-een-bestelwagen-met-dubbele-cabine\/#primaryimage","url":"https:\/\/www.vdhurk.nl\/wp-content\/uploads\/2025\/11\/dubbele-cabine-bestelwagen-wit-industrieel-terrein.webp","contentUrl":"https:\/\/www.vdhurk.nl\/wp-content\/uploads\/2025\/11\/dubbele-cabine-bestelwagen-wit-industrieel-terrein.webp","width":1024,"height":768,"caption":"Witte dubbele cabine bedrijfswagen geparkeerd op nat asfalt bij gouden uur met industri\u00eble achtergrond"},{"@type":"BreadcrumbList","@id":"https:\/\/www.vdhurk.nl\/wat-is-een-bestelwagen-met-dubbele-cabine\/#breadcrumb","itemListElement":[{"@type":"ListItem","position":1,"name":"Home","item":"https:\/\/www.vdhurk.nl\/home\/"},{"@type":"ListItem","position":2,"name":"Wat is een bestelwagen met dubbele cabine?"}]},{"@type":"WebSite","@id":"https:\/\/www.vdhurk.nl\/#website","url":"https:\/\/www.vdhurk.nl\/","name":"Vehicule comerciale Van den Hurk","description":"Vehicule comerciale Van den Hurk Helmond","potentialAction":[{"@type":"SearchAction","target":{"@type":"EntryPoint","urlTemplate":"https:\/\/www.vdhurk.nl\/?s={search_term_string}"},"query-input":{"@type":"PropertyValueSpecification","valueRequired":true,"valueName":"search_term_string"}}],"inLanguage":"ro-RO"},{"@type":"Person","@id":"https:\/\/www.vdhurk.nl\/#\/schema\/person\/04c44f7c3ccbd41cb14ad36749c8db5f","name":"wpseoai","image":{"@type":"ImageObject","inLanguage":"ro-RO","@id":"https:\/\/secure.gravatar.com\/avatar\/51ea6db2c0d04861332fc5a8dff3289a3d5bcfa4493f551d20452ff3f9c5bcbf?s=96&d=mm&r=g","url":"https:\/\/secure.gravatar.com\/avatar\/51ea6db2c0d04861332fc5a8dff3289a3d5bcfa4493f551d20452ff3f9c5bcbf?s=96&d=mm&r=g","contentUrl":"https:\/\/secure.gravatar.com\/avatar\/51ea6db2c0d04861332fc5a8dff3289a3d5bcfa4493f551d20452ff3f9c5bcbf?s=96&d=mm&r=g","caption":"wpseoai"},"url":"https:\/\/www.vdhurk.nl\/ro\/author\/wpseoai\/"}]}},"_links":{"self":[{"href":"https:\/\/www.vdhurk.nl\/ro\/wp-json\/wp\/v2\/posts\/525703","targetHints":{"allow":["GET"]}}],"collection":[{"href":"https:\/\/www.vdhurk.nl\/ro\/wp-json\/wp\/v2\/posts"}],"about":[{"href":"https:\/\/www.vdhurk.nl\/ro\/wp-json\/wp\/v2\/types\/post"}],"author":[{"embeddable":true,"href":"https:\/\/www.vdhurk.nl\/ro\/wp-json\/wp\/v2\/users\/5"}],"replies":[{"embeddable":true,"href":"https:\/\/www.vdhurk.nl\/ro\/wp-json\/wp\/v2\/comments?post=525703"}],"version-history":[{"count":2,"href":"https:\/\/www.vdhurk.nl\/ro\/wp-json\/wp\/v2\/posts\/525703\/revisions"}],"predecessor-version":[{"id":526204,"href":"https:\/\/www.vdhurk.nl\/ro\/wp-json\/wp\/v2\/posts\/525703\/revisions\/526204"}],"wp:featuredmedia":[{"embeddable":true,"href":"https:\/\/www.vdhurk.nl\/ro\/wp-json\/wp\/v2\/media\/525882"}],"wp:attachment":[{"href":"https:\/\/www.vdhurk.nl\/ro\/wp-json\/wp\/v2\/media?parent=525703"}],"wp:term":[{"taxonomy":"category","embeddable":true,"href":"https:\/\/www.vdhurk.nl\/ro\/wp-json\/wp\/v2\/categories?post=525703"},{"taxonomy":"post_tag","embeddable":true,"href":"https:\/\/www.vdhurk.nl\/ro\/wp-json\/wp\/v2\/tags?post=525703"}],"curies":[{"name":"wp","href":"https:\/\/api.w.org\/{rel}","templated":true}]}}