{"id":577201,"date":"2026-04-29T08:00:00","date_gmt":"2026-04-29T06:00:00","guid":{"rendered":"https:\/\/www.vdhurk.nl\/?p=577201"},"modified":"2026-04-14T13:46:58","modified_gmt":"2026-04-14T11:46:58","slug":"co-z-podatkiem-drogowym-dla-komercyjnego-vana-z-podwojna-kabina","status":"publish","type":"post","link":"https:\/\/www.vdhurk.nl\/pl\/hoe-zit-het-met-de-wegenbelasting-voor-een-bedrijfsbus-met-dubbele-cabine\/","title":{"rendered":"Co z podatkiem drogowym za samoch\u00f3d dostawczy z podw\u00f3jn\u0105 kabin\u0105?"},"content":{"rendered":"<p>Podatek drogowy za samoch\u00f3d dostawczy z podw\u00f3jn\u0105 kabin\u0105 to temat, kt\u00f3ry nurtuje wielu przedsi\u0119biorc\u00f3w. Czy p\u0142acisz nisk\u0105 stawk\u0119 dla samochod\u00f3w dostawczych, czy nadal podlegasz dro\u017cszej stawce? Odpowied\u017a zale\u017cy od tego, jak organy podatkowe sklasyfikuj\u0105 Tw\u00f3j pojazd, a klasyfikacja ta ma wi\u0119cej przeszk\u00f3d, ni\u017c mo\u017cna by si\u0119 spodziewa\u0107 na pierwszy rzut oka.<\/p>\n<p>W tym artykule odpowiadamy na najcz\u0119\u015bciej zadawane pytania dotycz\u0105ce podatku od pojazd\u00f3w silnikowych (MRB) dla samochod\u00f3w dostawczych z podw\u00f3jn\u0105 kabin\u0105. Niezale\u017cnie od tego, czy posiadasz <strong>chc\u0119 kupi\u0107 ma\u0142\u0105 furgonetk\u0119<\/strong>, rozwa\u017ca <strong>van z podw\u00f3jn\u0105 kabin\u0105<\/strong> zakup lub my\u015blenie o zakupie <strong>Leasing elektrycznego samochodu firmowego<\/strong>, Ten przegl\u0105d pomo\u017ce ci dokona\u0107 w\u0142a\u015bciwego wyboru i unikn\u0105\u0107 nieoczekiwanych rachunk\u00f3w podatkowych.<\/p>\n<h2>Czym jest autobus firmowy z podw\u00f3jn\u0105 taks\u00f3wk\u0105 dla cel\u00f3w podatkowych?<\/h2>\n<p>Do cel\u00f3w podatkowych firmowy samoch\u00f3d dostawczy z podw\u00f3jn\u0105 kabin\u0105 jest pojazdem klasyfikowanym przez organy podatkowe jako samoch\u00f3d osobowy lub dostawczy, w zale\u017cno\u015bci od jego specyficznych cech. Klasyfikacja ta bezpo\u015brednio okre\u015bla stawk\u0119 podatku MRB. A <a href=\"https:\/\/www.vdhurk.nl\/pl\/pojazdy-uzytkowe\/kabina-dwuosobowa\/\">kabina dwuosobowa<\/a> ma dwa rz\u0119dy siedze\u0144 i dlatego nie jest automatycznie uwa\u017cany za furgonetk\u0119.<\/p>\n<p>Urz\u0105d Skarbowy stosuje szereg kryteri\u00f3w technicznych w celu ustalenia, czy pojazd kwalifikuje si\u0119 jako van. W przypadku pojazdu z podw\u00f3jn\u0105 kabin\u0105, organy podatkowe bior\u0105 pod uwag\u0119 mi\u0119dzy innymi stosunek przestrzeni \u0142adunkowej do ca\u0142kowitej d\u0142ugo\u015bci pojazdu. W szczeg\u00f3lno\u015bci: przestrze\u0144 \u0142adunkowa musi by\u0107 co najmniej tak d\u0142uga jak kabina, a przestrze\u0144 \u0142adunkowa musi mie\u0107 p\u0142ask\u0105 pod\u0142og\u0119 \u0142adunkow\u0105 bez sta\u0142ych siedze\u0144.<\/p>\n<h3>Co uwzgl\u0119dnia Urz\u0105d Skarbowy w swojej ocenie?<\/h3>\n<p>Ocena podw\u00f3jnej kabiny opiera si\u0119 na nast\u0119puj\u0105cych mierzalnych cechach:<\/p>\n<ul>\n<li>D\u0142ugo\u015b\u0107 przestrzeni \u0142adunkowej w stosunku do d\u0142ugo\u015bci kabiny<\/li>\n<li>Obecno\u015b\u0107 p\u0142askiej, ci\u0105g\u0142ej pod\u0142ogi \u0142adunkowej<\/li>\n<li>Brak sta\u0142ych siedze\u0144 lub funkcji zapewniaj\u0105cych komfort w przestrzeni \u0142adunkowej<\/li>\n<li>Maksymalne obci\u0105\u017cenie u\u017cytkowe i maksymalna dopuszczalna masa<\/li>\n<\/ul>\n<p>Je\u015bli pojazd nie spe\u0142nia tych wymog\u00f3w, Urz\u0105d Skarbowy klasyfikuje go jako samoch\u00f3d osobowy. Ma to bezpo\u015brednie konsekwencje dla stawki MRB, dodatkowej korzy\u015bci podlegaj\u0105cej opodatkowaniu i wszelkich zwolnie\u0144. Dlatego przed zakupem warto sprawdzi\u0107, w jaki spos\u00f3b pojazd jest zarejestrowany w rejestrze pojazd\u00f3w.<\/p>\n<h2>Ile podatku drogowego p\u0142aci si\u0119 za podw\u00f3jn\u0105 kabin\u0119?<\/h2>\n<p>Stawka podatku drogowego dla podw\u00f3jnej kabiny zale\u017cy od klasyfikacji podatkowej pojazdu. Je\u015bli jest on sklasyfikowany jako van, w\u00f3wczas zap\u0142acisz ni\u017csz\u0105 stawk\u0119 MRB dla van\u00f3w. Je\u015bli jest on sklasyfikowany jako samoch\u00f3d osobowy, zastosowanie b\u0119d\u0105 mia\u0142y wy\u017csze stawki oparte na masie i rodzaju paliwa, kt\u00f3re maj\u0105 zastosowanie do samochod\u00f3w osobowych.<\/p>\n<p>R\u00f3\u017cnica w kosztach mo\u017ce by\u0107 znacz\u0105ca. Stawka MRB dla samochod\u00f3w osobowych jest zale\u017cna od masy i wzrasta im ci\u0119\u017cszy jest pojazd. Podw\u00f3jna kabina jest zwykle ci\u0119\u017cszym pojazdem, wi\u0119c stawka podatku drogowego jako samoch\u00f3d osobowy mo\u017ce znacznie wzrosn\u0105\u0107. W przypadku samochod\u00f3w dostawczych istnieje bardziej p\u0142aska, korzystniejsza stawka, kt\u00f3ra ro\u015bnie mniej gwa\u0142townie wraz z mas\u0105 pojazdu.<\/p>\n<h3>Jaka jest r\u00f3\u017cnica w kosztach w praktyce?<\/h3>\n<p>Chocia\u017c dok\u0142adne kwoty zale\u017c\u0105 od wagi, paliwa i prowincji, w kt\u00f3rej mieszkasz, r\u00f3\u017cnica mi\u0119dzy stawk\u0105 za samoch\u00f3d osobowy a stawk\u0105 za furgonetk\u0119 dla ci\u0119\u017cszego pojazdu wynosi kilkaset euro rocznie. W przypadku w\u0142a\u015bcicieli firm posiadaj\u0105cych wiele pojazd\u00f3w we flocie, r\u00f3\u017cnica ta wzrasta do zauwa\u017calnej kwoty kwartalnie. Zawsze sprawdzaj aktualne stawki za po\u015brednictwem strony internetowej administracji podatkowej, poniewa\u017c s\u0105 one aktualizowane co roku.<\/p>\n<h2>Czy niska stawka MRB dla van\u00f3w dotyczy r\u00f3wnie\u017c podw\u00f3jnej kabiny?<\/h2>\n<p>Niska stawka MRB dla furgonetek ma zastosowanie do podw\u00f3jnej kabiny tylko wtedy, gdy pojazd jest faktycznie sklasyfikowany jako furgonetka przez Urz\u0105d Skarbowy. Nie dzieje si\u0119 tak automatycznie. Wiele samochod\u00f3w z podw\u00f3jn\u0105 kabin\u0105 jest domy\u015blnie rejestrowanych jako samochody osobowe, chyba \u017ce spe\u0142niaj\u0105 one techniczne kryteria samochodu dostawczego.<\/p>\n<p>Praktyka pokazuje, \u017ce producenci czasami oferuj\u0105 warianty zaprojektowane specjalnie z my\u015bl\u0105 o spe\u0142nieniu wymaga\u0144 samochod\u00f3w dostawczych. Warto pomy\u015ble\u0107 o powi\u0119kszonej przestrzeni \u0142adunkowej lub zmodyfikowanej pod\u0142odze \u0142adunkowej. Je\u015bli chcesz kupi\u0107 podw\u00f3jn\u0105 kabin\u0119 z my\u015bl\u0105 o niskim wska\u017aniku MRB, zawsze sprawdzaj rejestr rejestracyjny pojazdu lub popro\u015b sprzedawc\u0119 o pisemne potwierdzenie klasyfikacji pojazdu.<\/p>\n<h3>Jak sprawdzi\u0107 klasyfikacj\u0119 pojazdu?<\/h3>\n<p>Klasyfikacj\u0119 pojazdu mo\u017cna sprawdzi\u0107 na dwa sposoby:<\/p>\n<ol>\n<li>Za po\u015brednictwem rejestru rejestracyjnego pojazd\u00f3w RDW: wyszukaj numer rejestracyjny i zobacz zarejestrowany typ pojazdu.<\/li>\n<li>Za po\u015brednictwem Urz\u0119du Skarbowego: popro\u015b o wst\u0119pn\u0105 konsultacj\u0119, je\u015bli nie masz pewno\u015bci co do klasyfikacji konkretnego pojazdu, kt\u00f3rego zakup rozwa\u017casz.<\/li>\n<\/ol>\n<p>Czy pojazd jest zarejestrowany jako samoch\u00f3d osobowy, ale uwa\u017casz, \u017ce spe\u0142nia kryteria samochodu dostawczego? W takim razie mo\u017cesz z\u0142o\u017cy\u0107 wniosek do RDW o zmian\u0119 klasyfikacji. Wymaga to przegl\u0105du technicznego, ale w d\u0142u\u017cszej perspektywie mo\u017ce przynie\u015b\u0107 znaczne oszcz\u0119dno\u015bci.<\/p>\n<h2>Jakie s\u0105 konsekwencje nieprawid\u0142owej klasyfikacji pojazdu?<\/h2>\n<p>Nieprawid\u0142owa klasyfikacja pojazdu mo\u017ce prowadzi\u0107 do dodatkowego naliczenia podatku, grzywny i korekty dodatkowego \u015bwiadczenia podlegaj\u0105cego opodatkowaniu. Je\u015bli Urz\u0105d Skarbowy stwierdzi, \u017ce potraktowa\u0142e\u015b pojazd jako furgonetk\u0119, podczas gdy dla cel\u00f3w podatkowych kwalifikuje si\u0119 on jako samoch\u00f3d osobowy, nadal mo\u017ce na\u0142o\u017cy\u0107 niedop\u0142at\u0119 ACT, w tym odsetki podatkowe.<\/p>\n<p>Opr\u00f3cz podatku drogowego, b\u0142\u0119dna klasyfikacja ma r\u00f3wnie\u017c wp\u0142yw na dodatek za u\u017cytek prywatny. Je\u015bli podw\u00f3jna kabina zostanie sklasyfikowana jako samoch\u00f3d osobowy, zastosowanie b\u0119d\u0105 mia\u0142y dodatkowe stawki dla samochod\u00f3w osobowych. Jest to bardziej kosztowne dla wi\u0119kszo\u015bci przedsi\u0119biorc\u00f3w ni\u017c dodatkowe opodatkowanie dla samochod\u00f3w dostawczych. Po\u0142\u0105czenie dodatkowej op\u0142aty MRB i korekty dodatkowej korzy\u015bci podlegaj\u0105cej opodatkowaniu mo\u017ce by\u0107 znacz\u0105ce finansowo.<\/p>\n<h3>Jak unikn\u0105\u0107 problem\u00f3w z organami podatkowymi?<\/h3>\n<p>Najlepszym sposobem zapobiegania problemom jest dzia\u0142anie proaktywne:<\/p>\n<ul>\n<li>Sprawd\u017a rejestracj\u0119 RDW przed zakupem lub leasingiem pojazdu.<\/li>\n<li>W razie w\u0105tpliwo\u015bci nale\u017cy poprosi\u0107 sprzedawc\u0119 lub firm\u0119 leasingow\u0105 o pisemne potwierdzenie klasyfikacji.<\/li>\n<li>Skonsultuj si\u0119 z doradc\u0105 podatkowym, je\u015bli chcesz korzysta\u0107 z podw\u00f3jnej taks\u00f3wki w celach biznesowych i nie masz pewno\u015bci co do konsekwencji.<\/li>\n<li>Zachowaj ca\u0142\u0105 dokumentacj\u0119 pojazdu, w tym specyfikacje techniczne i dane rejestracyjne pojazdu.<\/li>\n<\/ul>\n<h2>Jak ubiega\u0107 si\u0119 o zwolnienie z podatku drogowego lub zni\u017ck\u0119?<\/h2>\n<p>Istnieje zwolnienie lub obni\u017cona stawka MRB dla samochod\u00f3w dostawczych wykorzystywanych do cel\u00f3w biznesowych pod pewnymi warunkami. Wniosek sk\u0142ada si\u0119 za po\u015brednictwem Urz\u0119du Skarbowego, zazwyczaj za pomoc\u0105 formularza, kt\u00f3ry mo\u017cna przes\u0142a\u0107 cyfrowo lub pisemnie. Zwolnienie ma zastosowanie tylko wtedy, gdy pojazd spe\u0142nia wymogi klasyfikacji i jest wykorzystywany wy\u0142\u0105cznie do cel\u00f3w biznesowych.<\/p>\n<p>Dla <a href=\"https:\/\/www.vdhurk.nl\/pl\/pojazdy-uzytkowe\/elektryczny\/\">elektryczne samochody dostawcze i elektryczne samochody s\u0142u\u017cbowe<\/a> obowi\u0105zuj\u0105 dodatkowe korzy\u015bci. Do okre\u015blonej daty istnieje zwolnienie z MRB dla pojazd\u00f3w w pe\u0142ni elektrycznych. To sprawia, \u017ce <strong>Leasing elektrycznego samochodu firmowego<\/strong> lub zakup dodatkowo atrakcyjny dla przedsi\u0119biorc\u00f3w chc\u0105cych uczyni\u0107 swoje floty bardziej zr\u00f3wnowa\u017conymi. Nale\u017cy pami\u0119ta\u0107, \u017ce zwolnienie dla pojazd\u00f3w elektrycznych b\u0119dzie stopniowo wycofywane w ci\u0105gu najbli\u017cszych kilku lat, wi\u0119c op\u0142aca si\u0119 dzia\u0142a\u0107 szybko.<\/p>\n<h3>Kt\u00f3re zwolnienia s\u0105 istotne dla przedsi\u0119biorc\u00f3w?<\/h3>\n<p>Najistotniejsze zwolnienia i zni\u017cki dla kierowc\u00f3w biznesowych to:<\/p>\n<ul>\n<li><strong>Zwolnienie z op\u0142at za elektryczn\u0105 furgonetk\u0119:<\/strong> Pojazdy w pe\u0142ni elektryczne s\u0105 (tymczasowo) zwolnione z MRB.<\/li>\n<li><strong>Obni\u017cona stawka dla samochod\u00f3w dostawczych:<\/strong> ni\u017csza ni\u017c stawka dla samochod\u00f3w osobowych, pod warunkiem, \u017ce pojazd jest prawid\u0142owo sklasyfikowany.<\/li>\n<li><strong>Zwolnienie dla pojazd\u00f3w rolniczych i specjalnych:<\/strong> nie ma zastosowania do standardowych podw\u00f3jnych kabin, ale ma znaczenie dla okre\u015blonych zastosowa\u0144.<\/li>\n<\/ul>\n<p>Nale\u017cy z\u0142o\u017cy\u0107 wniosek o zwolnienie w odpowiednim czasie, poniewa\u017c Urz\u0105d Skarbowy nie przyznaje go automatycznie. W przypadku nieprawid\u0142owego wniosku lub pojazdu niezgodnego z wymogami, zwolnienie zostanie cofni\u0119te i zostanie naliczona dodatkowa op\u0142ata.<\/p>\n<h2>Kiedy podw\u00f3jna kabina jest najm\u0105drzejszym wyborem dla Twojej firmy?<\/h2>\n<p>Podw\u00f3jna kabina to najm\u0105drzejszy wyb\u00f3r, je\u015bli chcesz przewozi\u0107 kilku pracownik\u00f3w i potrzebujesz du\u017cej przestrzeni \u0142adunkowej. Pomy\u015bl o firmach budowlanych i instalacyjnych, architektach krajobrazu lub technikach serwisowych, kt\u00f3rzy codziennie wyje\u017cd\u017caj\u0105 z zespo\u0142em, a tak\u017ce przewo\u017c\u0105 materia\u0142y lub narz\u0119dzia. Po\u0142\u0105czenie przestrzeni pasa\u017cerskiej i \u0142adowno\u015bci sprawia, \u017ce ten typ pojazdu jest funkcjonalnie wszechstronny.<\/p>\n<p>Z podatkowego punktu widzenia rozs\u0105dnie jest wcze\u015bniej dokona\u0107 oblicze\u0144. Je\u015bli podw\u00f3jna kabina jest sklasyfikowana jako van, skorzystasz z ni\u017cszej stawki MRB i korzystniejszych zasad dodawania. Je\u015bli zostanie sklasyfikowana jako samoch\u00f3d osobowy, koszty wzrosn\u0105. Dla przedsi\u0119biorc\u00f3w, kt\u00f3rzy posiadaj\u0105 <strong>Chc\u0119 kupi\u0107 ma\u0142\u0105 furgonetk\u0119<\/strong> ale nadal potrzebujesz dodatkowych miejsc, podw\u00f3jna kabina mo\u017ce by\u0107 w\u0142a\u015bciwym rozwi\u0105zaniem, pod warunkiem, \u017ce klasyfikacja jest prawid\u0142owa.<\/p>\n<h3>Jakie s\u0105 alternatywy, je\u015bli podw\u00f3jna kabina jest niekorzystna podatkowo?<\/h3>\n<p>Je\u015bli w Twojej sytuacji podw\u00f3jna kabina jest klasyfikowana jako samoch\u00f3d osobowy i jest to niekorzystne podatkowo, istniej\u0105 alternatywy:<\/p>\n<ul>\n<li>Standardowa furgonetka z pojedyncz\u0105 kabin\u0105, po\u0142\u0105czona z oddzielnym samochodem osobowym dla zespo\u0142u.<\/li>\n<li>Elektryczny samoch\u00f3d dostawczy spe\u0142niaj\u0105cy kryteria samochodu dostawczego i korzystaj\u0105cy ze zwolnienia z MRB.<\/li>\n<li>Umowa leasingu, w kt\u00f3rej ryzyko podatkowe jest dzielone z firm\u0105 leasingow\u0105.<\/li>\n<\/ul>\n<p>Wyb\u00f3r zale\u017cy od codziennych operacji, liczby przewo\u017conych pracownik\u00f3w i sytuacji fiskalnej firmy. Odpowiednie rozwa\u017cenie tej kwestii wcze\u015bniej pozwoli zaoszcz\u0119dzi\u0107 wielu k\u0142opot\u00f3w p\u00f3\u017aniej.<\/p>\n<h2>Jak pomagamy wybra\u0107 odpowiedni samoch\u00f3d s\u0142u\u017cbowy<\/h2>\n<p>W Van den Hurk Bedrijfswagens rozumiemy, \u017ce wyb\u00f3r samochodu dostawczego z podw\u00f3jn\u0105 kabin\u0105 to nie tylko kwestia samego pojazdu. Klasyfikacja podatkowa, stawka MRB i konstrukcja leasingu odgrywaj\u0105 wa\u017cn\u0105 rol\u0119. Pomagamy dokona\u0107 w\u0142a\u015bciwego wyboru, bez konieczno\u015bci samodzielnego zapoznawania si\u0119 ze wszystkimi zasadami.<\/p>\n<p>Co mo\u017cemy dla Ciebie zrobi\u0107:<\/p>\n<ul>\n<li>Zapewniamy wgl\u0105d w klasyfikacj\u0119 ka\u017cdego pojazdu w naszym magazynie, dzi\u0119ki czemu wiesz, na czym stoisz.<\/li>\n<li>Doradztwo w zakresie skutk\u00f3w podatkowych zakupu lub leasingu, dostosowane do sytuacji biznesowej klienta.<\/li>\n<li>Szeroki <a href=\"https:\/\/www.vdhurk.nl\/pl\/pojazdy-uzytkowe\/\">Prezentacja gamy van\u00f3w, pojazd\u00f3w z podw\u00f3jn\u0105 kabin\u0105 i elektrycznych pojazd\u00f3w u\u017cytkowych<\/a>, w tym opcje leasingu.<\/li>\n<li>Uzyskaj spersonalizowan\u0105 porad\u0119 od naszych specjalist\u00f3w w Helmond, bez ukrytych koszt\u00f3w i niejasnych warunk\u00f3w.<\/li>\n<\/ul>\n<p>Chcesz wiedzie\u0107, kt\u00f3ry samoch\u00f3d firmowy najlepiej pasuje do Twojej dzia\u0142alno\u015bci i sytuacji fiskalnej? Skontaktuj si\u0119 z nami lub odwied\u017a nas w Helmond. Ch\u0119tnie pomo\u017cemy od pierwszego zapytania do dostawy.<\/p>","protected":false},"excerpt":{"rendered":"<p>Podw\u00f3jne kabiny i podatek drogowy: dowiedz si\u0119, jak\u0105 stawk\u0119 MRB otrzymuje Tw\u00f3j samoch\u00f3d dostawczy i unikaj kosztownych dodatkowych op\u0142at.<\/p>","protected":false},"author":5,"featured_media":577630,"comment_status":"closed","ping_status":"closed","sticky":false,"template":"","format":"standard","meta":{"_acf_changed":false,"_improvement_type_select":"improve_an_existing","_thumb_yes_seoaic":false,"_frame_yes_seoaic":false,"seoaic_generate_description":"","seoaic_improve_instructions_prompt":"","seoaic_rollback_content_improvement":"","seoaic_idea_thumbnail_generator":"","thumbnail_generated":false,"thumbnail_generate_prompt":"","seoaic_article_description":"","seoaic_article_subtitles":[],"footnotes":""},"categories":[1],"tags":[],"class_list":["post-577201","post","type-post","status-publish","format-standard","has-post-thumbnail","hentry","category-seo"],"acf":[],"yoast_head":"<!-- This site is optimized with the Yoast SEO plugin v27.5 - https:\/\/yoast.com\/product\/yoast-seo-wordpress\/ -->\n<title>Hoe zit het met de wegenbelasting voor een bedrijfsbus met dubbele cabine? - Van den Hurk Bedrijfswagens<\/title>\n<meta name=\"description\" content=\"Betaal je personenauto- of bestelauto-tarief voor een dubbele cabine? Ontdek hoe de Belastingdienst classificeert en bespaar honderden euro&#039;s MRB per jaar.\" \/>\n<meta name=\"robots\" content=\"index, follow, max-snippet:-1, max-image-preview:large, max-video-preview:-1\" \/>\n<link rel=\"canonical\" href=\"https:\/\/www.vdhurk.nl\/pl\/co-z-podatkiem-drogowym-dla-komercyjnego-vana-z-podwojna-kabina\/\" \/>\n<meta property=\"og:locale\" content=\"pl_PL\" \/>\n<meta property=\"og:type\" content=\"article\" \/>\n<meta property=\"og:title\" content=\"Hoe zit het met de wegenbelasting voor een bedrijfsbus met dubbele cabine? - Van den Hurk Bedrijfswagens\" \/>\n<meta property=\"og:description\" content=\"Betaal je personenauto- of bestelauto-tarief voor een dubbele cabine? Ontdek hoe de Belastingdienst classificeert en bespaar honderden euro&#039;s MRB per jaar.\" \/>\n<meta property=\"og:url\" content=\"https:\/\/www.vdhurk.nl\/pl\/co-z-podatkiem-drogowym-dla-komercyjnego-vana-z-podwojna-kabina\/\" \/>\n<meta property=\"og:site_name\" content=\"Van den Hurk Bedrijfswagens\" \/>\n<meta property=\"article:published_time\" content=\"2026-04-29T06:00:00+00:00\" \/>\n<meta property=\"og:image\" content=\"https:\/\/www.vdhurk.nl\/wp-content\/uploads\/2026\/04\/pickup-truck-zakelijk-documenten-calculator.webp\" \/>\n\t<meta property=\"og:image:width\" content=\"1024\" \/>\n\t<meta property=\"og:image:height\" content=\"768\" \/>\n\t<meta property=\"og:image:type\" content=\"image\/webp\" \/>\n<meta name=\"author\" content=\"wpseoai\" \/>\n<meta name=\"twitter:card\" content=\"summary_large_image\" \/>\n<meta name=\"twitter:label1\" content=\"Napisane przez\" \/>\n\t<meta name=\"twitter:data1\" content=\"wpseoai\" \/>\n\t<meta name=\"twitter:label2\" content=\"Szacowany czas czytania\" \/>\n\t<meta name=\"twitter:data2\" content=\"8 minut\" \/>\n<script type=\"application\/ld+json\" class=\"yoast-schema-graph\">{\"@context\":\"https:\\\/\\\/schema.org\",\"@graph\":[{\"@type\":\"Article\",\"@id\":\"https:\\\/\\\/www.vdhurk.nl\\\/hoe-zit-het-met-de-wegenbelasting-voor-een-bedrijfsbus-met-dubbele-cabine\\\/#article\",\"isPartOf\":{\"@id\":\"https:\\\/\\\/www.vdhurk.nl\\\/hoe-zit-het-met-de-wegenbelasting-voor-een-bedrijfsbus-met-dubbele-cabine\\\/\"},\"author\":{\"name\":\"wpseoai\",\"@id\":\"https:\\\/\\\/www.vdhurk.nl\\\/#\\\/schema\\\/person\\\/04c44f7c3ccbd41cb14ad36749c8db5f\"},\"headline\":\"Hoe zit het met de wegenbelasting voor een bedrijfsbus met dubbele cabine?\",\"datePublished\":\"2026-04-29T06:00:00+00:00\",\"mainEntityOfPage\":{\"@id\":\"https:\\\/\\\/www.vdhurk.nl\\\/hoe-zit-het-met-de-wegenbelasting-voor-een-bedrijfsbus-met-dubbele-cabine\\\/\"},\"wordCount\":1551,\"image\":{\"@id\":\"https:\\\/\\\/www.vdhurk.nl\\\/hoe-zit-het-met-de-wegenbelasting-voor-een-bedrijfsbus-met-dubbele-cabine\\\/#primaryimage\"},\"thumbnailUrl\":\"https:\\\/\\\/www.vdhurk.nl\\\/wp-content\\\/uploads\\\/2026\\\/04\\\/pickup-truck-zakelijk-documenten-calculator.webp\",\"articleSection\":[\"SEO\"],\"inLanguage\":\"pl-PL\"},{\"@type\":\"WebPage\",\"@id\":\"https:\\\/\\\/www.vdhurk.nl\\\/hoe-zit-het-met-de-wegenbelasting-voor-een-bedrijfsbus-met-dubbele-cabine\\\/\",\"url\":\"https:\\\/\\\/www.vdhurk.nl\\\/hoe-zit-het-met-de-wegenbelasting-voor-een-bedrijfsbus-met-dubbele-cabine\\\/\",\"name\":\"Hoe zit het met de wegenbelasting voor een bedrijfsbus met dubbele cabine? - Van den Hurk Bedrijfswagens\",\"isPartOf\":{\"@id\":\"https:\\\/\\\/www.vdhurk.nl\\\/#website\"},\"primaryImageOfPage\":{\"@id\":\"https:\\\/\\\/www.vdhurk.nl\\\/hoe-zit-het-met-de-wegenbelasting-voor-een-bedrijfsbus-met-dubbele-cabine\\\/#primaryimage\"},\"image\":{\"@id\":\"https:\\\/\\\/www.vdhurk.nl\\\/hoe-zit-het-met-de-wegenbelasting-voor-een-bedrijfsbus-met-dubbele-cabine\\\/#primaryimage\"},\"thumbnailUrl\":\"https:\\\/\\\/www.vdhurk.nl\\\/wp-content\\\/uploads\\\/2026\\\/04\\\/pickup-truck-zakelijk-documenten-calculator.webp\",\"datePublished\":\"2026-04-29T06:00:00+00:00\",\"author\":{\"@id\":\"https:\\\/\\\/www.vdhurk.nl\\\/#\\\/schema\\\/person\\\/04c44f7c3ccbd41cb14ad36749c8db5f\"},\"description\":\"Betaal je personenauto- of bestelauto-tarief voor een dubbele cabine? Ontdek hoe de Belastingdienst classificeert en bespaar honderden euro's MRB per jaar.\",\"breadcrumb\":{\"@id\":\"https:\\\/\\\/www.vdhurk.nl\\\/hoe-zit-het-met-de-wegenbelasting-voor-een-bedrijfsbus-met-dubbele-cabine\\\/#breadcrumb\"},\"inLanguage\":\"pl-PL\",\"potentialAction\":[{\"@type\":\"ReadAction\",\"target\":[\"https:\\\/\\\/www.vdhurk.nl\\\/hoe-zit-het-met-de-wegenbelasting-voor-een-bedrijfsbus-met-dubbele-cabine\\\/\"]}]},{\"@type\":\"ImageObject\",\"inLanguage\":\"pl-PL\",\"@id\":\"https:\\\/\\\/www.vdhurk.nl\\\/hoe-zit-het-met-de-wegenbelasting-voor-een-bedrijfsbus-met-dubbele-cabine\\\/#primaryimage\",\"url\":\"https:\\\/\\\/www.vdhurk.nl\\\/wp-content\\\/uploads\\\/2026\\\/04\\\/pickup-truck-zakelijk-documenten-calculator.webp\",\"contentUrl\":\"https:\\\/\\\/www.vdhurk.nl\\\/wp-content\\\/uploads\\\/2026\\\/04\\\/pickup-truck-zakelijk-documenten-calculator.webp\",\"width\":1024,\"height\":768,\"caption\":\"Witte dubbele cabine pickup truck op Nederlands bedrijventerrein met overheidsdocumenten en rekenmachine op de motorkap.\"},{\"@type\":\"BreadcrumbList\",\"@id\":\"https:\\\/\\\/www.vdhurk.nl\\\/hoe-zit-het-met-de-wegenbelasting-voor-een-bedrijfsbus-met-dubbele-cabine\\\/#breadcrumb\",\"itemListElement\":[{\"@type\":\"ListItem\",\"position\":1,\"name\":\"Home\",\"item\":\"https:\\\/\\\/www.vdhurk.nl\\\/home\\\/\"},{\"@type\":\"ListItem\",\"position\":2,\"name\":\"Hoe zit het met de wegenbelasting voor een bedrijfsbus met dubbele cabine?\"}]},{\"@type\":\"WebSite\",\"@id\":\"https:\\\/\\\/www.vdhurk.nl\\\/#website\",\"url\":\"https:\\\/\\\/www.vdhurk.nl\\\/\",\"name\":\"Van den Hurk Bedrijfswagens\",\"description\":\"Van den Hurk bedrijfswagens Helmond\",\"potentialAction\":[{\"@type\":\"SearchAction\",\"target\":{\"@type\":\"EntryPoint\",\"urlTemplate\":\"https:\\\/\\\/www.vdhurk.nl\\\/?s={search_term_string}\"},\"query-input\":{\"@type\":\"PropertyValueSpecification\",\"valueRequired\":true,\"valueName\":\"search_term_string\"}}],\"inLanguage\":\"pl-PL\"},{\"@type\":\"Person\",\"@id\":\"https:\\\/\\\/www.vdhurk.nl\\\/#\\\/schema\\\/person\\\/04c44f7c3ccbd41cb14ad36749c8db5f\",\"name\":\"wpseoai\",\"image\":{\"@type\":\"ImageObject\",\"inLanguage\":\"pl-PL\",\"@id\":\"https:\\\/\\\/secure.gravatar.com\\\/avatar\\\/51ea6db2c0d04861332fc5a8dff3289a3d5bcfa4493f551d20452ff3f9c5bcbf?s=96&d=mm&r=g\",\"url\":\"https:\\\/\\\/secure.gravatar.com\\\/avatar\\\/51ea6db2c0d04861332fc5a8dff3289a3d5bcfa4493f551d20452ff3f9c5bcbf?s=96&d=mm&r=g\",\"contentUrl\":\"https:\\\/\\\/secure.gravatar.com\\\/avatar\\\/51ea6db2c0d04861332fc5a8dff3289a3d5bcfa4493f551d20452ff3f9c5bcbf?s=96&d=mm&r=g\",\"caption\":\"wpseoai\"},\"url\":\"https:\\\/\\\/www.vdhurk.nl\\\/pl\\\/author\\\/wpseoai\\\/\"}]}<\/script>\n<!-- \/ Yoast SEO plugin. -->","yoast_head_json":{"title":"Co z podatkiem drogowym za samoch\u00f3d dostawczy z podw\u00f3jn\u0105 kabin\u0105? - Pojazdy u\u017cytkowe Van den Hurk","description":"P\u0142acisz podatek od samochodu osobowego lub dostawczego za podw\u00f3jn\u0105 kabin\u0119? Dowiedz si\u0119, jak urz\u0105d skarbowy klasyfikuje pojazdy i zaoszcz\u0119d\u017a setki euro na podatku MRB rocznie.","robots":{"index":"index","follow":"follow","max-snippet":"max-snippet:-1","max-image-preview":"max-image-preview:large","max-video-preview":"max-video-preview:-1"},"canonical":"https:\/\/www.vdhurk.nl\/pl\/co-z-podatkiem-drogowym-dla-komercyjnego-vana-z-podwojna-kabina\/","og_locale":"pl_PL","og_type":"article","og_title":"Hoe zit het met de wegenbelasting voor een bedrijfsbus met dubbele cabine? - Van den Hurk Bedrijfswagens","og_description":"Betaal je personenauto- of bestelauto-tarief voor een dubbele cabine? Ontdek hoe de Belastingdienst classificeert en bespaar honderden euro's MRB per jaar.","og_url":"https:\/\/www.vdhurk.nl\/pl\/co-z-podatkiem-drogowym-dla-komercyjnego-vana-z-podwojna-kabina\/","og_site_name":"Van den Hurk Bedrijfswagens","article_published_time":"2026-04-29T06:00:00+00:00","og_image":[{"width":1024,"height":768,"url":"https:\/\/www.vdhurk.nl\/wp-content\/uploads\/2026\/04\/pickup-truck-zakelijk-documenten-calculator.webp","type":"image\/webp"}],"author":"wpseoai","twitter_card":"summary_large_image","twitter_misc":{"Napisane przez":"wpseoai","Szacowany czas czytania":"8 minut"},"schema":{"@context":"https:\/\/schema.org","@graph":[{"@type":"Article","@id":"https:\/\/www.vdhurk.nl\/hoe-zit-het-met-de-wegenbelasting-voor-een-bedrijfsbus-met-dubbele-cabine\/#article","isPartOf":{"@id":"https:\/\/www.vdhurk.nl\/hoe-zit-het-met-de-wegenbelasting-voor-een-bedrijfsbus-met-dubbele-cabine\/"},"author":{"name":"wpseoai","@id":"https:\/\/www.vdhurk.nl\/#\/schema\/person\/04c44f7c3ccbd41cb14ad36749c8db5f"},"headline":"Hoe zit het met de wegenbelasting voor een bedrijfsbus met dubbele cabine?","datePublished":"2026-04-29T06:00:00+00:00","mainEntityOfPage":{"@id":"https:\/\/www.vdhurk.nl\/hoe-zit-het-met-de-wegenbelasting-voor-een-bedrijfsbus-met-dubbele-cabine\/"},"wordCount":1551,"image":{"@id":"https:\/\/www.vdhurk.nl\/hoe-zit-het-met-de-wegenbelasting-voor-een-bedrijfsbus-met-dubbele-cabine\/#primaryimage"},"thumbnailUrl":"https:\/\/www.vdhurk.nl\/wp-content\/uploads\/2026\/04\/pickup-truck-zakelijk-documenten-calculator.webp","articleSection":["SEO"],"inLanguage":"pl-PL"},{"@type":"WebPage","@id":"https:\/\/www.vdhurk.nl\/hoe-zit-het-met-de-wegenbelasting-voor-een-bedrijfsbus-met-dubbele-cabine\/","url":"https:\/\/www.vdhurk.nl\/hoe-zit-het-met-de-wegenbelasting-voor-een-bedrijfsbus-met-dubbele-cabine\/","name":"Co z podatkiem drogowym za samoch\u00f3d dostawczy z podw\u00f3jn\u0105 kabin\u0105? - Pojazdy u\u017cytkowe Van den Hurk","isPartOf":{"@id":"https:\/\/www.vdhurk.nl\/#website"},"primaryImageOfPage":{"@id":"https:\/\/www.vdhurk.nl\/hoe-zit-het-met-de-wegenbelasting-voor-een-bedrijfsbus-met-dubbele-cabine\/#primaryimage"},"image":{"@id":"https:\/\/www.vdhurk.nl\/hoe-zit-het-met-de-wegenbelasting-voor-een-bedrijfsbus-met-dubbele-cabine\/#primaryimage"},"thumbnailUrl":"https:\/\/www.vdhurk.nl\/wp-content\/uploads\/2026\/04\/pickup-truck-zakelijk-documenten-calculator.webp","datePublished":"2026-04-29T06:00:00+00:00","author":{"@id":"https:\/\/www.vdhurk.nl\/#\/schema\/person\/04c44f7c3ccbd41cb14ad36749c8db5f"},"description":"P\u0142acisz podatek od samochodu osobowego lub dostawczego za podw\u00f3jn\u0105 kabin\u0119? Dowiedz si\u0119, jak urz\u0105d skarbowy klasyfikuje pojazdy i zaoszcz\u0119d\u017a setki euro na podatku MRB rocznie.","breadcrumb":{"@id":"https:\/\/www.vdhurk.nl\/hoe-zit-het-met-de-wegenbelasting-voor-een-bedrijfsbus-met-dubbele-cabine\/#breadcrumb"},"inLanguage":"pl-PL","potentialAction":[{"@type":"ReadAction","target":["https:\/\/www.vdhurk.nl\/hoe-zit-het-met-de-wegenbelasting-voor-een-bedrijfsbus-met-dubbele-cabine\/"]}]},{"@type":"ImageObject","inLanguage":"pl-PL","@id":"https:\/\/www.vdhurk.nl\/hoe-zit-het-met-de-wegenbelasting-voor-een-bedrijfsbus-met-dubbele-cabine\/#primaryimage","url":"https:\/\/www.vdhurk.nl\/wp-content\/uploads\/2026\/04\/pickup-truck-zakelijk-documenten-calculator.webp","contentUrl":"https:\/\/www.vdhurk.nl\/wp-content\/uploads\/2026\/04\/pickup-truck-zakelijk-documenten-calculator.webp","width":1024,"height":768,"caption":"Witte dubbele cabine pickup truck op Nederlands bedrijventerrein met overheidsdocumenten en rekenmachine op de motorkap."},{"@type":"BreadcrumbList","@id":"https:\/\/www.vdhurk.nl\/hoe-zit-het-met-de-wegenbelasting-voor-een-bedrijfsbus-met-dubbele-cabine\/#breadcrumb","itemListElement":[{"@type":"ListItem","position":1,"name":"Home","item":"https:\/\/www.vdhurk.nl\/home\/"},{"@type":"ListItem","position":2,"name":"Hoe zit het met de wegenbelasting voor een bedrijfsbus met dubbele cabine?"}]},{"@type":"WebSite","@id":"https:\/\/www.vdhurk.nl\/#website","url":"https:\/\/www.vdhurk.nl\/","name":"Van den Hurk - pojazdy u\u017cytkowe","description":"Van den Hurk pojazdy u\u017cytkowe Helmond","potentialAction":[{"@type":"SearchAction","target":{"@type":"EntryPoint","urlTemplate":"https:\/\/www.vdhurk.nl\/?s={search_term_string}"},"query-input":{"@type":"PropertyValueSpecification","valueRequired":true,"valueName":"search_term_string"}}],"inLanguage":"pl-PL"},{"@type":"Person","@id":"https:\/\/www.vdhurk.nl\/#\/schema\/person\/04c44f7c3ccbd41cb14ad36749c8db5f","name":"wpseoai","image":{"@type":"ImageObject","inLanguage":"pl-PL","@id":"https:\/\/secure.gravatar.com\/avatar\/51ea6db2c0d04861332fc5a8dff3289a3d5bcfa4493f551d20452ff3f9c5bcbf?s=96&d=mm&r=g","url":"https:\/\/secure.gravatar.com\/avatar\/51ea6db2c0d04861332fc5a8dff3289a3d5bcfa4493f551d20452ff3f9c5bcbf?s=96&d=mm&r=g","contentUrl":"https:\/\/secure.gravatar.com\/avatar\/51ea6db2c0d04861332fc5a8dff3289a3d5bcfa4493f551d20452ff3f9c5bcbf?s=96&d=mm&r=g","caption":"wpseoai"},"url":"https:\/\/www.vdhurk.nl\/pl\/author\/wpseoai\/"}]}},"_links":{"self":[{"href":"https:\/\/www.vdhurk.nl\/pl\/wp-json\/wp\/v2\/posts\/577201","targetHints":{"allow":["GET"]}}],"collection":[{"href":"https:\/\/www.vdhurk.nl\/pl\/wp-json\/wp\/v2\/posts"}],"about":[{"href":"https:\/\/www.vdhurk.nl\/pl\/wp-json\/wp\/v2\/types\/post"}],"author":[{"embeddable":true,"href":"https:\/\/www.vdhurk.nl\/pl\/wp-json\/wp\/v2\/users\/5"}],"replies":[{"embeddable":true,"href":"https:\/\/www.vdhurk.nl\/pl\/wp-json\/wp\/v2\/comments?post=577201"}],"version-history":[{"count":2,"href":"https:\/\/www.vdhurk.nl\/pl\/wp-json\/wp\/v2\/posts\/577201\/revisions"}],"predecessor-version":[{"id":577481,"href":"https:\/\/www.vdhurk.nl\/pl\/wp-json\/wp\/v2\/posts\/577201\/revisions\/577481"}],"wp:featuredmedia":[{"embeddable":true,"href":"https:\/\/www.vdhurk.nl\/pl\/wp-json\/wp\/v2\/media\/577630"}],"wp:attachment":[{"href":"https:\/\/www.vdhurk.nl\/pl\/wp-json\/wp\/v2\/media?parent=577201"}],"wp:term":[{"taxonomy":"category","embeddable":true,"href":"https:\/\/www.vdhurk.nl\/pl\/wp-json\/wp\/v2\/categories?post=577201"},{"taxonomy":"post_tag","embeddable":true,"href":"https:\/\/www.vdhurk.nl\/pl\/wp-json\/wp\/v2\/tags?post=577201"}],"curies":[{"name":"wp","href":"https:\/\/api.w.org\/{rel}","templated":true}]}}