{"id":577190,"date":"2026-07-16T08:00:00","date_gmt":"2026-07-16T06:00:00","guid":{"rendered":"https:\/\/www.vdhurk.nl\/?p=577190"},"modified":"2026-04-14T13:51:22","modified_gmt":"2026-04-14T11:51:22","slug":"combien-coute-un-fourgon-dentreprise-a-double-cabine","status":"publish","type":"post","link":"https:\/\/www.vdhurk.nl\/fr\/wat-kost-een-bedrijfsbus-met-dubbele-cabine\/","title":{"rendered":"Combien co\u00fbte un fourgon d'entreprise \u00e0 double cabine ?"},"content":{"rendered":"<p class=\"wp-block-paragraph\">Un fourgon utilitaire \u00e0 double cabine est un choix tr\u00e8s pris\u00e9 des entrepreneurs qui souhaitent transporter \u00e0 la fois des personnes et du mat\u00e9riel. Que vous travailliez dans le b\u00e2timent, que vous dirigiez une entreprise d'am\u00e9nagement paysager ou que vous soyez actif dans le secteur de la logistique, ce type de v\u00e9hicule offre une combinaison judicieuse d'espace de chargement et de places assises. Mais combien co\u00fbte r\u00e9ellement un tel utilitaire \u00e0 double cabine, et \u00e0 quoi faut-il faire attention ?<\/p>\n\n\n\n<p class=\"wp-block-paragraph\">Dans cet article, nous r\u00e9pondons aux questions les plus fr\u00e9quentes concernant l'achat, la location longue dur\u00e9e et les co\u00fbts d'un fourgon professionnel \u00e0 double cabine. Des mod\u00e8les d'occasion aux mod\u00e8les neufs, en passant par le financement et les options \u00e9lectriques : apr\u00e8s avoir lu cet article, vous saurez exactement \u00e0 quoi vous en tenir.<\/p>\n\n\n\n<h2 class=\"wp-block-heading\">Qu'est-ce qu'un autobus d'entreprise \u00e0 double cabine ?<\/h2>\n\n\n\n<p class=\"wp-block-paragraph\">Un fourgon d'entreprise \u00e0 double cabine est un fourgon ou un camion l\u00e9ger dot\u00e9 de deux rang\u00e9es de si\u00e8ges et d'un espace de chargement ouvert ou ferm\u00e9 situ\u00e9 derri\u00e8re la cabine. Ce type de v\u00e9hicule peut accueillir cinq ou six personnes et offre une capacit\u00e9 de chargement suffisante pour transporter des outils, du mat\u00e9riel ou des marchandises.<\/p>\n\n\n\n<p class=\"wp-block-paragraph\">La diff\u00e9rence par rapport \u00e0 un fourgon d'entreprise standard r\u00e9side dans la rang\u00e9e de si\u00e8ges suppl\u00e9mentaire. Alors qu'un fourgon classique dispose g\u00e9n\u00e9ralement de trois places assises au maximum, la double cabine offre suffisamment d'espace pour accueillir toute une \u00e9quipe. Cela rend ce v\u00e9hicule particuli\u00e8rement adapt\u00e9 aux \u00e9quipes qui se rendent ensemble sur un chantier, sans avoir besoin d'une voiture particuli\u00e8re.<\/p>\n\n\n\n<h3 class=\"wp-block-heading\">Quels sont les mod\u00e8les disponibles ?<\/h3>\n\n\n\n<p class=\"wp-block-paragraph\">Les fourgons d'entreprise \u00e0 double cabine sont disponibles en plusieurs versions. Les variantes les plus courantes sont les suivantes :<\/p>\n\n\n\n<ul class=\"wp-block-list\">\n <li><strong>Pick-up \u00e0 double cabine :<\/strong> benne ouverte, tr\u00e8s r\u00e9pandue dans les secteurs du b\u00e2timent et de l'agriculture<\/li>\n <li><strong>Fourgon ferm\u00e9 avec double cabine :<\/strong> espace de chargement enti\u00e8rement ferm\u00e9, adapt\u00e9 au transport de marchandises de valeur<\/li>\n <li><strong>Camion-benne \u00e0 double cabine :<\/strong> benne basculante, id\u00e9ale pour les travaux de terrassement et de d\u00e9molition<\/li>\n <li><strong>Camion frigorifique \u00e0 double cabine :<\/strong> espace de chargement r\u00e9frig\u00e9r\u00e9 pour les marchandises sensibles \u00e0 la temp\u00e9rature<\/li>\n<\/ul>\n\n\n\n<p class=\"wp-block-paragraph\">Le choix d'un mod\u00e8le sp\u00e9cifique d\u00e9pend fortement de votre secteur d'activit\u00e9 et de votre utilisation quotidienne. R\u00e9fl\u00e9chissez bien \u00e0 ce que vous transportez le plus souvent et au nombre de coll\u00e8gues qui devront l'utiliser, car cela d\u00e9terminera le type de v\u00e9hicule qui vous convient le mieux.<\/p>\n\n\n\n<h2 class=\"wp-block-heading\">Quels sont les facteurs qui d\u00e9terminent le prix d'un fourgon d'entreprise \u00e0 double cabine ?<\/h2>\n\n\n\n<p class=\"wp-block-paragraph\">Le prix d'un utilitaire \u00e0 double cabine d\u00e9pend d'une combinaison de facteurs : la marque et le mod\u00e8le, l'\u00e2ge et le kilom\u00e9trage, la version, le moteur et le type de carburant, ainsi que les \u00e9ventuelles options ou \u00e9quipements suppl\u00e9mentaires. Tous ces \u00e9l\u00e9ments pris ensemble d\u00e9terminent le prix d'achat final.<\/p>\n\n\n\n<p class=\"wp-block-paragraph\">Nous pr\u00e9sentons ci-dessous les principaux facteurs qui d\u00e9terminent les prix :<\/p>\n\n\n\n<ul class=\"wp-block-list\">\n <li><strong>Marque et mod\u00e8le :<\/strong> Des marques telles que Mercedes-Benz, Volkswagen, Ford et Toyota ont une valeur r\u00e9siduelle plus \u00e9lev\u00e9e et souvent aussi un prix d'achat plus \u00e9lev\u00e9 que les marques moins connues.<\/li>\n <li><strong>\u00c2ge et kilom\u00e9trage :<\/strong> Un v\u00e9hicule de cinq ans ayant un kilom\u00e9trage \u00e9lev\u00e9 est bien s\u00fbr moins cher qu'un mod\u00e8le r\u00e9cent ayant peu roul\u00e9.<\/li>\n <li><strong>Entra\u00eenement :<\/strong> Le diesel reste la motorisation la plus r\u00e9pandue, mais les v\u00e9hicules utilitaires \u00e9lectriques gagnent en popularit\u00e9. Une version \u00e9lectrique a un prix d'achat plus \u00e9lev\u00e9, mais des co\u00fbts d'exploitation moins \u00e9lev\u00e9s.<\/li>\n <li><strong>Capacit\u00e9 de charge et cat\u00e9gorie de poids :<\/strong> Les v\u00e9hicules plus lourds, dot\u00e9s d'une capacit\u00e9 de charge sup\u00e9rieure, co\u00fbtent plus cher que leurs versions plus l\u00e9g\u00e8res.<\/li>\n <li><strong>Options suppl\u00e9mentaires et am\u00e9nagement :<\/strong> Pensez au rev\u00eatement de la benne, \u00e0 un crochet d'attelage, \u00e0 des ridelles lat\u00e9rales, \u00e0 un syst\u00e8me de navigation ou \u00e0 un am\u00e9nagement sp\u00e9cifique pour votre activit\u00e9. Cela peut augmenter consid\u00e9rablement le prix.<\/li>\n<\/ul>\n\n\n\n<p class=\"wp-block-paragraph\">Outre le prix d'achat, les co\u00fbts d'exploitation jouent \u00e9galement un r\u00f4le. Citons notamment le carburant ou l'\u00e9nergie, l'entretien, l'assurance et la taxe routi\u00e8re. Pour les conducteurs professionnels en particulier, il est judicieux de calculer le co\u00fbt total de possession sur plusieurs ann\u00e9es et de ne pas se limiter au seul prix d'achat.<\/p>\n\n\n\n<h2 class=\"wp-block-heading\">Combien co\u00fbte un minibus d'occasion \u00e0 double cabine ?<\/h2>\n\n\n\n<p class=\"wp-block-paragraph\">Un fourgon d'entreprise d'occasion \u00e0 double cabine co\u00fbte en moyenne entre 10 000 et 35 000 euros, en fonction de son \u00e2ge, de son kilom\u00e9trage, de sa marque et de son \u00e9tat d'entretien. Les mod\u00e8les plus r\u00e9cents avec peu de kilom\u00e8tres se situent dans la partie haute de cette fourchette ; les v\u00e9hicules plus anciens ou ceux pr\u00e9sentant un kilom\u00e9trage \u00e9lev\u00e9 sont nettement moins chers.<\/p>\n\n\n\n<p class=\"wp-block-paragraph\">Pour les entrepreneurs qui choisissent d\u00e9lib\u00e9r\u00e9ment d'acheter un v\u00e9hicule d'occasion <a href=\"https:\/\/www.vdhurk.nl\/fr\/vehicules-commerciaux\/cabine-double\/\">fourgonnette commerciale \u00e0 double cabine<\/a>, c'est une option int\u00e9ressante. Vous r\u00e9alisez des \u00e9conomies \u00e0 l'achat et \u00e9vitez la forte d\u00e9pr\u00e9ciation que subissent les v\u00e9hicules neufs au cours des premi\u00e8res ann\u00e9es.<\/p>\n\n\n\n<h3 class=\"wp-block-heading\">Quelles sont les fourchettes de prix r\u00e9alistes par segment ?<\/h3>\n\n\n\n<p class=\"wp-block-paragraph\">Pour vous donner une meilleure id\u00e9e, voici un aper\u00e7u g\u00e9n\u00e9ral de ce \u00e0 quoi vous pouvez vous attendre sur le march\u00e9 de l'occasion :<\/p>\n\n\n\n<ul class=\"wp-block-list\">\n <li><strong>Budget (jusqu'\u00e0 15 000 euros) :<\/strong> V\u00e9hicules de plus de huit ans pr\u00e9sentant un kilom\u00e9trage \u00e9lev\u00e9. Conviennent comme solution temporaire ou pour un usage mod\u00e9r\u00e9.<\/li>\n <li><strong>Cat\u00e9gorie moyenne (de 15 000 \u00e0 25 000 euros) :<\/strong> V\u00e9hicules \u00e2g\u00e9s de trois \u00e0 sept ans, avec un kilom\u00e9trage raisonnable. Bon rapport qualit\u00e9-prix.<\/li>\n <li><strong>D'occasion haut de gamme (entre 25 000 et 35 000 euros) :<\/strong> V\u00e9hicules d'occasion r\u00e9cents, \u00e2g\u00e9s d'un ou deux ans, avec peu de kilom\u00e8tres au compteur. Une qualit\u00e9 quasi neuve \u00e0 un prix inf\u00e9rieur \u00e0 celui d'un v\u00e9hicule neuf.<\/li>\n<\/ul>\n\n\n\n<p class=\"wp-block-paragraph\">Lorsque vous achetez un minibus d'occasion, veillez toujours \u00e0 demander l'historique d'entretien et \u00e0 faire inspecter le v\u00e9hicule par un sp\u00e9cialiste. Un prix d'achat bas peut rapidement \u00eatre annul\u00e9 par des frais de r\u00e9paration \u00e9lev\u00e9s si le v\u00e9hicule a \u00e9t\u00e9 mal entretenu.<\/p>\n\n\n\n<h2 class=\"wp-block-heading\">Combien co\u00fbte un nouveau fourgon professionnel \u00e0 double cabine ?<\/h2>\n\n\n\n<p class=\"wp-block-paragraph\">Un fourgon d'entreprise neuf \u00e0 double cabine co\u00fbte g\u00e9n\u00e9ralement entre 30 000 et 70 000 euros, hors TVA. Le prix varie consid\u00e9rablement selon la marque, la motorisation et la version. Les mod\u00e8les \u00e9lectriques se situent dans le haut de cette fourchette, mais peuvent b\u00e9n\u00e9ficier de subventions et d'avantages fiscaux.<\/p>\n\n\n\n<p class=\"wp-block-paragraph\">\u00c0 l'achat d'un v\u00e9hicule neuf, vous b\u00e9n\u00e9ficiez d'une garantie constructeur, des derni\u00e8res technologies en mati\u00e8re de s\u00e9curit\u00e9 et d'un faible risque de frais de r\u00e9paration impr\u00e9vus au cours des premi\u00e8res ann\u00e9es. Cela rend un fourgon professionnel neuf \u00e0 double cabine particuli\u00e8rement int\u00e9ressant pour les entreprises qui accordent une grande importance \u00e0 la s\u00e9curit\u00e9 et \u00e0 la fiabilit\u00e9.<\/p>\n\n\n\n<h3 class=\"wp-block-heading\">Minibus d'entreprise \u00e9lectrique \u00e0 double cabine : combien \u00e7a co\u00fbte ?<\/h3>\n\n\n\n<p class=\"wp-block-paragraph\"><a href=\"https:\/\/www.vdhurk.nl\/fr\/vehicules-commerciaux\/electrique\/\">Variantes \u00e9lectriques<\/a> Le prix d'achat d'un utilitaire \u00e0 double cabine neuf se situe g\u00e9n\u00e9ralement entre 50 000 et 80 000 euros. Il s'agit d'un investissement important, mais le co\u00fbt total de possession sur l'ensemble de la dur\u00e9e de vie du v\u00e9hicule est souvent inf\u00e9rieur gr\u00e2ce \u00e0 des frais d'\u00e9nergie et d'entretien r\u00e9duits.<\/p>\n\n\n\n<p class=\"wp-block-paragraph\">De plus, les conducteurs professionnels b\u00e9n\u00e9ficient d\u2019avantages fiscaux li\u00e9s \u00e0 la location longue dur\u00e9e ou \u00e0 l\u2019achat d\u2019un v\u00e9hicule utilitaire \u00e9lectrique. Citons notamment une imposition forfaitaire r\u00e9duite, l\u2019exon\u00e9ration de la taxe sur les v\u00e9hicules \u00e0 moteur et d\u2019\u00e9ventuelles subventions dans le cadre de dispositifs tels que le MIA et le Vamil. Il est judicieux de prendre ces avantages en compte dans votre calcul avant de faire votre choix.<\/p>\n\n\n\n<h2 class=\"wp-block-heading\">Quel est le co\u00fbt de la location longue dur\u00e9e d'un fourgon professionnel \u00e0 double cabine ?<\/h2>\n\n\n\n<p class=\"wp-block-paragraph\">Les frais mensuels de location d'un fourgon professionnel \u00e0 double cabine se situent en moyenne entre 500 et 1 200 euros par mois dans le cadre d'un contrat de location-financement, et entre 700 et 1 500 euros par mois dans le cadre d'un contrat de location simple. Le montant exact d\u00e9pend de la dur\u00e9e du contrat, du kilom\u00e9trage annuel, du v\u00e9hicule et des services choisis.<\/p>\n\n\n\n<p class=\"wp-block-paragraph\">Pour de nombreux entrepreneurs, le cr\u00e9dit-bail constitue une alternative int\u00e9ressante \u00e0 l'achat direct. Il vous permet de pr\u00e9server votre fonds de roulement, de b\u00e9n\u00e9ficier de mensualit\u00e9s pr\u00e9visibles et, dans le cadre d'un cr\u00e9dit-bail op\u00e9rationnel, d'inclure l'entretien et l'assurance dans le montant mensuel.<\/p>\n\n\n\n<h3 class=\"wp-block-heading\">Cr\u00e9dit-bail financier ou cr\u00e9dit-bail op\u00e9rationnel : quelle est la diff\u00e9rence ?<\/h3>\n\n\n\n<p class=\"wp-block-paragraph\">Au <strong>location financi\u00e8re<\/strong> Vous financez l'achat du v\u00e9hicule par des mensualit\u00e9s. \u00c0 la fin de la dur\u00e9e du contrat, vous en devenez propri\u00e9taire. Ce mode de financement s'apparente \u00e0 un pr\u00eat et vous conf\u00e8re la pleine ma\u00eetrise du v\u00e9hicule.<\/p>\n\n\n\n<p class=\"wp-block-paragraph\">Au <strong>contrat de location simple<\/strong> Vous louez le v\u00e9hicule pour une dur\u00e9e d\u00e9termin\u00e9e et vous le restituez \u00e0 la fin du contrat. L'entretien, l'assurance et parfois m\u00eame les pneus sont souvent inclus dans le montant mensuel. Cela vous offre une tranquillit\u00e9 d'esprit totale et une grande clart\u00e9 quant aux co\u00fbts mensuels.<\/p>\n\n\n\n<p class=\"wp-block-paragraph\">Pour les travailleurs ind\u00e9pendants et les PME qui recherchent de la flexibilit\u00e9 et des co\u00fbts clairs, le leasing op\u00e9rationnel est souvent le choix le plus pratique. Vous souhaitez devenir propri\u00e9taire du v\u00e9hicule \u00e0 terme et vous disposez d'une tr\u00e9sorerie stable ? Dans ce cas, le leasing financier ou l'achat direct peuvent s'av\u00e9rer plus avantageux \u00e0 long terme.<\/p>\n\n\n\n<h3 class=\"wp-block-heading\">Leasing de v\u00e9hicules utilitaires \u00e9lectriques : des avantages suppl\u00e9mentaires<\/h3>\n\n\n\n<p class=\"wp-block-paragraph\">La location longue dur\u00e9e d'un v\u00e9hicule utilitaire \u00e9lectrique offre des avantages fiscaux suppl\u00e9mentaires. L'imposition forfaitaire applicable aux v\u00e9hicules \u00e9lectriques est inf\u00e9rieure \u00e0 celle des v\u00e9hicules fonctionnant aux carburants fossiles, ce qui est particuli\u00e8rement int\u00e9ressant lorsque le v\u00e9hicule est \u00e9galement utilis\u00e9 \u00e0 des fins priv\u00e9es. Cela rend la location longue dur\u00e9e d'un v\u00e9hicule utilitaire \u00e9lectrique financi\u00e8rement int\u00e9ressante pour de nombreux conducteurs professionnels.<\/p>\n\n\n\n<h2 class=\"wp-block-heading\">Quelles sont les caract\u00e9ristiques \u00e0 prendre en compte lors de l'achat d'un fourgon commercial \u00e0 double cabine ?<\/h2>\n\n\n\n<p class=\"wp-block-paragraph\">Lors de l'achat d'un utilitaire \u00e0 double cabine, il convient de pr\u00eater attention \u00e0 l'\u00e9tat de la carrosserie et \u00e0 son entretien, \u00e0 la capacit\u00e9 de charge par rapport \u00e0 vos besoins, au confort de conduite et au confort des passagers, ainsi qu'\u00e0 la disponibilit\u00e9 des pi\u00e8ces d\u00e9tach\u00e9es et du service apr\u00e8s-vente. Une bonne pr\u00e9paration permet d'\u00e9viter les mauvaises surprises co\u00fbteuses par la suite.<\/p>\n\n\n\n<p class=\"wp-block-paragraph\">Vous trouverez ci-dessous une liste des principaux points \u00e0 prendre en compte :<\/p>\n\n\n\n<ul class=\"wp-block-list\">\n <li><strong>Historique d'entretien :<\/strong> Demandez toujours le carnet d'entretien et v\u00e9rifiez que le v\u00e9hicule a \u00e9t\u00e9 entretenu r\u00e9guli\u00e8rement par un garage agr\u00e9\u00e9.<\/li>\n <li><strong>Carrosserie et formation de rouille :<\/strong> Les v\u00e9hicules utilitaires sont soumis \u00e0 de fortes sollicitations. V\u00e9rifiez qu'il n'y a pas de rouille ou d'usure au niveau du dessous de caisse, des passages de roues et du plancher de chargement.<\/li>\n <li><strong>Capacit\u00e9 de charge et poids remorquable :<\/strong> Assurez-vous que le v\u00e9hicule soit capable de supporter le poids que vous transportez quotidiennement. La surcharge est non seulement dangereuse, mais aussi co\u00fbteuse en cas de contr\u00f4le.<\/li>\n <li><strong>Type de carburant et normes d'\u00e9missions :<\/strong> De plus en plus de villes mettent en place des zones environnementales. V\u00e9rifiez que le v\u00e9hicule est conforme aux normes en vigueur dans votre zone d'activit\u00e9.<\/li>\n <li><strong>Confort d'assise et ergonomie :<\/strong> Si vos collaborateurs prennent r\u00e9guli\u00e8rement place \u00e0 l'arri\u00e8re, le confort de la deuxi\u00e8me rang\u00e9e de si\u00e8ges est un crit\u00e8re important. Testez-le lors d'un essai routier.<\/li>\n <li><strong>Garantie et service apr\u00e8s-vente :<\/strong> Lorsque vous achetez chez un revendeur sp\u00e9cialis\u00e9, vous b\u00e9n\u00e9ficiez souvent d'une plus grande s\u00e9curit\u00e9 en mati\u00e8re de garantie et de service apr\u00e8s-vente que lors d'une vente entre particuliers.<\/li>\n<\/ul>\n\n\n\n<p class=\"wp-block-paragraph\">Prenez le temps de comparer plusieurs v\u00e9hicules et demandez conseil \u00e0 un expert. Un bon choix aujourd\u2019hui vous \u00e9vitera bien des d\u00e9penses et des soucis plus tard.<\/p>\n\n\n\n<h2 class=\"wp-block-heading\">Comment nous vous aidons \u00e0 trouver le fourgon d'entreprise \u00e0 double cabine qui vous convient<\/h2>\n\n\n\n<p class=\"wp-block-paragraph\">Forts de plus de 60 ans d'exp\u00e9rience dans la vente et la location longue dur\u00e9e de v\u00e9hicules utilitaires, nous aidons chaque jour les entrepreneurs \u00e0 faire le bon choix. Que vous recherchiez un v\u00e9hicule d'occasion abordable, un fourgon professionnel neuf \u00e0 double cabine ou une solution de leasing flexible, nous r\u00e9fl\u00e9chissons avec vous et vous donnons des conseils honn\u00eates, sans frais cach\u00e9s.<\/p>\n\n\n\n<p class=\"wp-block-paragraph\">Voici ce que nous pouvons faire pour vous :<\/p>\n\n\n\n<ul class=\"wp-block-list\">\n <li>Un parc important et vari\u00e9 de fourgons professionnels \u00e0 double cabine, y compris des mod\u00e8les \u00e9lectriques<\/li>\n <li>Des conseils personnalis\u00e9s sur l'achat, le cr\u00e9dit-bail financier ou le cr\u00e9dit-bail op\u00e9rationnel, adapt\u00e9s \u00e0 votre situation<\/li>\n <li>Des prix transparents et des contrats clairs, sans clauses en petits caract\u00e8res<\/li>\n <li>Un service d'alerte de r\u00e9approvisionnement, pour que vous soyez le premier inform\u00e9 des nouveaux arrivages correspondant \u00e0 vos crit\u00e8res<\/li>\n <li>Une expertise r\u00e9gionale dans la r\u00e9gion de Helmond et du Brabant-Septentrional<\/li>\n<\/ul>\n\n\n\n<p class=\"wp-block-paragraph\">Vous souhaitez savoir quel utilitaire \u00e0 double cabine convient le mieux \u00e0 votre entreprise ? N'h\u00e9sitez pas \u00e0 nous contacter pour un entretien sans engagement, ou consultez notre <a href=\"https:\/\/www.vdhurk.nl\/fr\/vehicules-commerciaux\/\">offre actuelle de v\u00e9hicules commerciaux<\/a> en ligne. Nous sommes l\u00e0 pour vous aider.<\/p>","protected":false},"excerpt":{"rendered":"<p>Combien co\u00fbte un utilitaire \u00e0 double cabine ? Tour d'horizon des prix, des co\u00fbts de location longue dur\u00e9e et des conseils d'achat pour les entrepreneurs.<\/p>","protected":false},"author":5,"featured_media":577564,"comment_status":"closed","ping_status":"closed","sticky":false,"template":"","format":"standard","meta":{"_acf_changed":false,"footnotes":""},"categories":[1],"tags":[],"class_list":["post-577190","post","type-post","status-publish","format-standard","has-post-thumbnail","hentry","category-seo"],"acf":[],"yoast_head":"<!-- This site is optimized with the Yoast SEO plugin v28.3 - https:\/\/yoast.com\/product\/yoast-seo-wordpress\/ -->\n<title>Wat kost een bedrijfsbus met dubbele cabine? - Van den Hurk Bedrijfswagens<\/title>\n<meta name=\"description\" content=\"Bedrijfsbus met dubbele cabine kopen of leasen? Ontdek actuele prijzen, van \u20ac10.000 gebruikt tot \u20ac80.000 elektrisch, en maak de juiste keuze.\" \/>\n<meta name=\"robots\" content=\"index, follow, max-snippet:-1, max-image-preview:large, max-video-preview:-1\" \/>\n<link rel=\"canonical\" href=\"https:\/\/www.vdhurk.nl\/fr\/combien-coute-un-fourgon-dentreprise-a-double-cabine\/\" \/>\n<meta property=\"og:locale\" content=\"fr_FR\" \/>\n<meta property=\"og:type\" content=\"article\" \/>\n<meta property=\"og:title\" content=\"Wat kost een bedrijfsbus met dubbele cabine? - Van den Hurk Bedrijfswagens\" \/>\n<meta property=\"og:description\" content=\"Bedrijfsbus met dubbele cabine kopen of leasen? Ontdek actuele prijzen, van \u20ac10.000 gebruikt tot \u20ac80.000 elektrisch, en maak de juiste keuze.\" \/>\n<meta property=\"og:url\" content=\"https:\/\/www.vdhurk.nl\/fr\/combien-coute-un-fourgon-dentreprise-a-double-cabine\/\" \/>\n<meta property=\"og:site_name\" content=\"Van den Hurk Bedrijfswagens\" \/>\n<meta property=\"article:published_time\" content=\"2026-07-16T06:00:00+00:00\" \/>\n<meta property=\"og:image\" content=\"https:\/\/www.vdhurk.nl\/wp-content\/uploads\/2026\/04\/dubbele-cabine-bestelwagen-industrieel-terrein.webp\" \/>\n\t<meta property=\"og:image:width\" content=\"1024\" \/>\n\t<meta property=\"og:image:height\" content=\"768\" \/>\n\t<meta property=\"og:image:type\" content=\"image\/webp\" \/>\n<meta name=\"author\" content=\"wpseoai\" \/>\n<meta name=\"twitter:card\" content=\"summary_large_image\" \/>\n<meta name=\"twitter:label1\" content=\"\u00c9crit par\" \/>\n\t<meta name=\"twitter:data1\" content=\"wpseoai\" \/>\n\t<meta name=\"twitter:label2\" content=\"Dur\u00e9e de lecture estim\u00e9e\" \/>\n\t<meta name=\"twitter:data2\" content=\"8 minutes\" \/>\n<script type=\"application\/ld+json\" class=\"yoast-schema-graph\">{\"@context\":\"https:\\\/\\\/schema.org\",\"@graph\":[{\"@type\":\"Article\",\"@id\":\"https:\\\/\\\/www.vdhurk.nl\\\/wat-kost-een-bedrijfsbus-met-dubbele-cabine\\\/#article\",\"isPartOf\":{\"@id\":\"https:\\\/\\\/www.vdhurk.nl\\\/wat-kost-een-bedrijfsbus-met-dubbele-cabine\\\/\"},\"author\":{\"name\":\"wpseoai\",\"@id\":\"https:\\\/\\\/www.vdhurk.nl\\\/#\\\/schema\\\/person\\\/04c44f7c3ccbd41cb14ad36749c8db5f\"},\"headline\":\"Wat kost een bedrijfsbus met dubbele cabine?\",\"datePublished\":\"2026-07-16T06:00:00+00:00\",\"mainEntityOfPage\":{\"@id\":\"https:\\\/\\\/www.vdhurk.nl\\\/wat-kost-een-bedrijfsbus-met-dubbele-cabine\\\/\"},\"wordCount\":1621,\"image\":{\"@id\":\"https:\\\/\\\/www.vdhurk.nl\\\/wat-kost-een-bedrijfsbus-met-dubbele-cabine\\\/#primaryimage\"},\"thumbnailUrl\":\"https:\\\/\\\/www.vdhurk.nl\\\/wp-content\\\/uploads\\\/2026\\\/04\\\/dubbele-cabine-bestelwagen-industrieel-terrein.webp\",\"articleSection\":[\"SEO\"],\"inLanguage\":\"fr-FR\"},{\"@type\":\"WebPage\",\"@id\":\"https:\\\/\\\/www.vdhurk.nl\\\/wat-kost-een-bedrijfsbus-met-dubbele-cabine\\\/\",\"url\":\"https:\\\/\\\/www.vdhurk.nl\\\/wat-kost-een-bedrijfsbus-met-dubbele-cabine\\\/\",\"name\":\"Wat kost een bedrijfsbus met dubbele cabine? - Van den Hurk Bedrijfswagens\",\"isPartOf\":{\"@id\":\"https:\\\/\\\/www.vdhurk.nl\\\/#website\"},\"primaryImageOfPage\":{\"@id\":\"https:\\\/\\\/www.vdhurk.nl\\\/wat-kost-een-bedrijfsbus-met-dubbele-cabine\\\/#primaryimage\"},\"image\":{\"@id\":\"https:\\\/\\\/www.vdhurk.nl\\\/wat-kost-een-bedrijfsbus-met-dubbele-cabine\\\/#primaryimage\"},\"thumbnailUrl\":\"https:\\\/\\\/www.vdhurk.nl\\\/wp-content\\\/uploads\\\/2026\\\/04\\\/dubbele-cabine-bestelwagen-industrieel-terrein.webp\",\"datePublished\":\"2026-07-16T06:00:00+00:00\",\"author\":{\"@id\":\"https:\\\/\\\/www.vdhurk.nl\\\/#\\\/schema\\\/person\\\/04c44f7c3ccbd41cb14ad36749c8db5f\"},\"description\":\"Bedrijfsbus met dubbele cabine kopen of leasen? Ontdek actuele prijzen, van \u20ac10.000 gebruikt tot \u20ac80.000 elektrisch, en maak de juiste keuze.\",\"breadcrumb\":{\"@id\":\"https:\\\/\\\/www.vdhurk.nl\\\/wat-kost-een-bedrijfsbus-met-dubbele-cabine\\\/#breadcrumb\"},\"inLanguage\":\"fr-FR\",\"potentialAction\":[{\"@type\":\"ReadAction\",\"target\":[\"https:\\\/\\\/www.vdhurk.nl\\\/wat-kost-een-bedrijfsbus-met-dubbele-cabine\\\/\"]}]},{\"@type\":\"ImageObject\",\"inLanguage\":\"fr-FR\",\"@id\":\"https:\\\/\\\/www.vdhurk.nl\\\/wat-kost-een-bedrijfsbus-met-dubbele-cabine\\\/#primaryimage\",\"url\":\"https:\\\/\\\/www.vdhurk.nl\\\/wp-content\\\/uploads\\\/2026\\\/04\\\/dubbele-cabine-bestelwagen-industrieel-terrein.webp\",\"contentUrl\":\"https:\\\/\\\/www.vdhurk.nl\\\/wp-content\\\/uploads\\\/2026\\\/04\\\/dubbele-cabine-bestelwagen-industrieel-terrein.webp\",\"width\":1024,\"height\":768,\"caption\":\"Dubbele cabine bestelwagen geparkeerd op industrieel terrein, gefotografeerd vanuit laag voorhoekperspectief in warm middaglicht.\"},{\"@type\":\"BreadcrumbList\",\"@id\":\"https:\\\/\\\/www.vdhurk.nl\\\/wat-kost-een-bedrijfsbus-met-dubbele-cabine\\\/#breadcrumb\",\"itemListElement\":[{\"@type\":\"ListItem\",\"position\":1,\"name\":\"Home\",\"item\":\"https:\\\/\\\/www.vdhurk.nl\\\/home\\\/\"},{\"@type\":\"ListItem\",\"position\":2,\"name\":\"Wat kost een bedrijfsbus met dubbele cabine?\"}]},{\"@type\":\"WebSite\",\"@id\":\"https:\\\/\\\/www.vdhurk.nl\\\/#website\",\"url\":\"https:\\\/\\\/www.vdhurk.nl\\\/\",\"name\":\"Van den Hurk Bedrijfswagens\",\"description\":\"Van den Hurk bedrijfswagens Helmond\",\"potentialAction\":[{\"@type\":\"SearchAction\",\"target\":{\"@type\":\"EntryPoint\",\"urlTemplate\":\"https:\\\/\\\/www.vdhurk.nl\\\/?s={search_term_string}\"},\"query-input\":{\"@type\":\"PropertyValueSpecification\",\"valueRequired\":true,\"valueName\":\"search_term_string\"}}],\"inLanguage\":\"fr-FR\"},{\"@type\":\"Person\",\"@id\":\"https:\\\/\\\/www.vdhurk.nl\\\/#\\\/schema\\\/person\\\/04c44f7c3ccbd41cb14ad36749c8db5f\",\"name\":\"wpseoai\",\"image\":{\"@type\":\"ImageObject\",\"inLanguage\":\"fr-FR\",\"@id\":\"https:\\\/\\\/secure.gravatar.com\\\/avatar\\\/51ea6db2c0d04861332fc5a8dff3289a3d5bcfa4493f551d20452ff3f9c5bcbf?s=96&d=mm&r=g\",\"url\":\"https:\\\/\\\/secure.gravatar.com\\\/avatar\\\/51ea6db2c0d04861332fc5a8dff3289a3d5bcfa4493f551d20452ff3f9c5bcbf?s=96&d=mm&r=g\",\"contentUrl\":\"https:\\\/\\\/secure.gravatar.com\\\/avatar\\\/51ea6db2c0d04861332fc5a8dff3289a3d5bcfa4493f551d20452ff3f9c5bcbf?s=96&d=mm&r=g\",\"caption\":\"wpseoai\"},\"url\":\"https:\\\/\\\/www.vdhurk.nl\\\/fr\\\/author\\\/wpseoai\\\/\"}]}<\/script>\n<!-- \/ Yoast SEO plugin. -->","yoast_head_json":{"title":"Combien co\u00fbte un utilitaire \u00e0 double cabine ? - Van den Hurk V\u00e9hicules utilitaires","description":"Acheter ou prendre en leasing un utilitaire \u00e0 double cabine ? D\u00e9couvrez les prix actuels, allant de 10 000 \u20ac pour un mod\u00e8le d'occasion \u00e0 80 000 \u20ac pour un mod\u00e8le \u00e9lectrique, et faites le bon choix.","robots":{"index":"index","follow":"follow","max-snippet":"max-snippet:-1","max-image-preview":"max-image-preview:large","max-video-preview":"max-video-preview:-1"},"canonical":"https:\/\/www.vdhurk.nl\/fr\/combien-coute-un-fourgon-dentreprise-a-double-cabine\/","og_locale":"fr_FR","og_type":"article","og_title":"Wat kost een bedrijfsbus met dubbele cabine? - Van den Hurk Bedrijfswagens","og_description":"Bedrijfsbus met dubbele cabine kopen of leasen? Ontdek actuele prijzen, van \u20ac10.000 gebruikt tot \u20ac80.000 elektrisch, en maak de juiste keuze.","og_url":"https:\/\/www.vdhurk.nl\/fr\/combien-coute-un-fourgon-dentreprise-a-double-cabine\/","og_site_name":"Van den Hurk Bedrijfswagens","article_published_time":"2026-07-16T06:00:00+00:00","og_image":[{"width":1024,"height":768,"url":"https:\/\/www.vdhurk.nl\/wp-content\/uploads\/2026\/04\/dubbele-cabine-bestelwagen-industrieel-terrein.webp","type":"image\/webp"}],"author":"wpseoai","twitter_card":"summary_large_image","twitter_misc":{"\u00c9crit par":"wpseoai","Dur\u00e9e de lecture estim\u00e9e":"8 minutes"},"schema":{"@context":"https:\/\/schema.org","@graph":[{"@type":"Article","@id":"https:\/\/www.vdhurk.nl\/wat-kost-een-bedrijfsbus-met-dubbele-cabine\/#article","isPartOf":{"@id":"https:\/\/www.vdhurk.nl\/wat-kost-een-bedrijfsbus-met-dubbele-cabine\/"},"author":{"name":"wpseoai","@id":"https:\/\/www.vdhurk.nl\/#\/schema\/person\/04c44f7c3ccbd41cb14ad36749c8db5f"},"headline":"Wat kost een bedrijfsbus met dubbele cabine?","datePublished":"2026-07-16T06:00:00+00:00","mainEntityOfPage":{"@id":"https:\/\/www.vdhurk.nl\/wat-kost-een-bedrijfsbus-met-dubbele-cabine\/"},"wordCount":1621,"image":{"@id":"https:\/\/www.vdhurk.nl\/wat-kost-een-bedrijfsbus-met-dubbele-cabine\/#primaryimage"},"thumbnailUrl":"https:\/\/www.vdhurk.nl\/wp-content\/uploads\/2026\/04\/dubbele-cabine-bestelwagen-industrieel-terrein.webp","articleSection":["SEO"],"inLanguage":"fr-FR"},{"@type":"WebPage","@id":"https:\/\/www.vdhurk.nl\/wat-kost-een-bedrijfsbus-met-dubbele-cabine\/","url":"https:\/\/www.vdhurk.nl\/wat-kost-een-bedrijfsbus-met-dubbele-cabine\/","name":"Combien co\u00fbte un utilitaire \u00e0 double cabine ? - Van den Hurk V\u00e9hicules utilitaires","isPartOf":{"@id":"https:\/\/www.vdhurk.nl\/#website"},"primaryImageOfPage":{"@id":"https:\/\/www.vdhurk.nl\/wat-kost-een-bedrijfsbus-met-dubbele-cabine\/#primaryimage"},"image":{"@id":"https:\/\/www.vdhurk.nl\/wat-kost-een-bedrijfsbus-met-dubbele-cabine\/#primaryimage"},"thumbnailUrl":"https:\/\/www.vdhurk.nl\/wp-content\/uploads\/2026\/04\/dubbele-cabine-bestelwagen-industrieel-terrein.webp","datePublished":"2026-07-16T06:00:00+00:00","author":{"@id":"https:\/\/www.vdhurk.nl\/#\/schema\/person\/04c44f7c3ccbd41cb14ad36749c8db5f"},"description":"Acheter ou prendre en leasing un utilitaire \u00e0 double cabine ? D\u00e9couvrez les prix actuels, allant de 10 000 \u20ac pour un mod\u00e8le d'occasion \u00e0 80 000 \u20ac pour un mod\u00e8le \u00e9lectrique, et faites le bon choix.","breadcrumb":{"@id":"https:\/\/www.vdhurk.nl\/wat-kost-een-bedrijfsbus-met-dubbele-cabine\/#breadcrumb"},"inLanguage":"fr-FR","potentialAction":[{"@type":"ReadAction","target":["https:\/\/www.vdhurk.nl\/wat-kost-een-bedrijfsbus-met-dubbele-cabine\/"]}]},{"@type":"ImageObject","inLanguage":"fr-FR","@id":"https:\/\/www.vdhurk.nl\/wat-kost-een-bedrijfsbus-met-dubbele-cabine\/#primaryimage","url":"https:\/\/www.vdhurk.nl\/wp-content\/uploads\/2026\/04\/dubbele-cabine-bestelwagen-industrieel-terrein.webp","contentUrl":"https:\/\/www.vdhurk.nl\/wp-content\/uploads\/2026\/04\/dubbele-cabine-bestelwagen-industrieel-terrein.webp","width":1024,"height":768,"caption":"Dubbele cabine bestelwagen geparkeerd op industrieel terrein, gefotografeerd vanuit laag voorhoekperspectief in warm middaglicht."},{"@type":"BreadcrumbList","@id":"https:\/\/www.vdhurk.nl\/wat-kost-een-bedrijfsbus-met-dubbele-cabine\/#breadcrumb","itemListElement":[{"@type":"ListItem","position":1,"name":"Home","item":"https:\/\/www.vdhurk.nl\/home\/"},{"@type":"ListItem","position":2,"name":"Wat kost een bedrijfsbus met dubbele cabine?"}]},{"@type":"WebSite","@id":"https:\/\/www.vdhurk.nl\/#website","url":"https:\/\/www.vdhurk.nl\/","name":"V\u00e9hicules utilitaires Van den Hurk","description":"V\u00e9hicules utilitaires Van den Hurk Helmond","potentialAction":[{"@type":"SearchAction","target":{"@type":"EntryPoint","urlTemplate":"https:\/\/www.vdhurk.nl\/?s={search_term_string}"},"query-input":{"@type":"PropertyValueSpecification","valueRequired":true,"valueName":"search_term_string"}}],"inLanguage":"fr-FR"},{"@type":"Person","@id":"https:\/\/www.vdhurk.nl\/#\/schema\/person\/04c44f7c3ccbd41cb14ad36749c8db5f","name":"wpseoai","image":{"@type":"ImageObject","inLanguage":"fr-FR","@id":"https:\/\/secure.gravatar.com\/avatar\/51ea6db2c0d04861332fc5a8dff3289a3d5bcfa4493f551d20452ff3f9c5bcbf?s=96&d=mm&r=g","url":"https:\/\/secure.gravatar.com\/avatar\/51ea6db2c0d04861332fc5a8dff3289a3d5bcfa4493f551d20452ff3f9c5bcbf?s=96&d=mm&r=g","contentUrl":"https:\/\/secure.gravatar.com\/avatar\/51ea6db2c0d04861332fc5a8dff3289a3d5bcfa4493f551d20452ff3f9c5bcbf?s=96&d=mm&r=g","caption":"wpseoai"},"url":"https:\/\/www.vdhurk.nl\/fr\/author\/wpseoai\/"}]}},"_links":{"self":[{"href":"https:\/\/www.vdhurk.nl\/fr\/wp-json\/wp\/v2\/posts\/577190","targetHints":{"allow":["GET"]}}],"collection":[{"href":"https:\/\/www.vdhurk.nl\/fr\/wp-json\/wp\/v2\/posts"}],"about":[{"href":"https:\/\/www.vdhurk.nl\/fr\/wp-json\/wp\/v2\/types\/post"}],"author":[{"embeddable":true,"href":"https:\/\/www.vdhurk.nl\/fr\/wp-json\/wp\/v2\/users\/5"}],"replies":[{"embeddable":true,"href":"https:\/\/www.vdhurk.nl\/fr\/wp-json\/wp\/v2\/comments?post=577190"}],"version-history":[{"count":2,"href":"https:\/\/www.vdhurk.nl\/fr\/wp-json\/wp\/v2\/posts\/577190\/revisions"}],"predecessor-version":[{"id":577465,"href":"https:\/\/www.vdhurk.nl\/fr\/wp-json\/wp\/v2\/posts\/577190\/revisions\/577465"}],"wp:featuredmedia":[{"embeddable":true,"href":"https:\/\/www.vdhurk.nl\/fr\/wp-json\/wp\/v2\/media\/577564"}],"wp:attachment":[{"href":"https:\/\/www.vdhurk.nl\/fr\/wp-json\/wp\/v2\/media?parent=577190"}],"wp:term":[{"taxonomy":"category","embeddable":true,"href":"https:\/\/www.vdhurk.nl\/fr\/wp-json\/wp\/v2\/categories?post=577190"},{"taxonomy":"post_tag","embeddable":true,"href":"https:\/\/www.vdhurk.nl\/fr\/wp-json\/wp\/v2\/tags?post=577190"}],"curies":[{"name":"wp","href":"https:\/\/api.w.org\/{rel}","templated":true}]}}