{"id":541244,"date":"2026-03-12T08:00:00","date_gmt":"2026-03-12T07:00:00","guid":{"rendered":"https:\/\/www.vdhurk.nl\/?p=541244"},"modified":"2025-12-24T15:50:16","modified_gmt":"2025-12-24T14:50:16","slug":"quels-sont-les-vehicules-utilitaires-electriques-disponibles-avec-des-carrosseries-frigorifiques-et-des-carrosseries-congelatrices","status":"publish","type":"post","link":"https:\/\/www.vdhurk.nl\/fr\/welke-elektrische-bedrijfswagens-zijn-er-met-koel-en-vriesopbouw\/","title":{"rendered":"Quels sont les v\u00e9hicules utilitaires \u00e9lectriques disponibles avec des carrosseries frigorifiques et cong\u00e9latrices ?"},"content":{"rendered":"<p>Des v\u00e9hicules utilitaires \u00e9lectriques dot\u00e9s de carrosseries r\u00e9frig\u00e9r\u00e9es et de cong\u00e9lateurs sont disponibles aupr\u00e8s de plusieurs marques, telles que Mercedes-Benz, Iveco, Renault et Ford. Ces v\u00e9hicules combinent une mobilit\u00e9 sans \u00e9missions avec des espaces de chargement r\u00e9frig\u00e9r\u00e9s pour le transport de produits frais, de m\u00e9dicaments et d'autres marchandises sensibles \u00e0 la temp\u00e9rature. Le choix d\u00e9pend de vos exigences en mati\u00e8re de temp\u00e9rature, de gamme et de budget.<\/p>\n<h2>Quelles sont les marques qui fabriquent des v\u00e9hicules utilitaires \u00e9lectriques r\u00e9frig\u00e9r\u00e9s ?<\/h2>\n<p>Mercedes-Benz, Iveco, Renault et Ford sont les principaux fournisseurs de v\u00e9hicules utilitaires \u00e9lectriques r\u00e9frig\u00e9r\u00e9s. Ces marques proposent plusieurs mod\u00e8les sp\u00e9cialement con\u00e7us pour le transport \u00e0 temp\u00e9rature contr\u00f4l\u00e9e.<\/p>\n<p><strong>Mercedes-Benz eVito<\/strong> et eSprinter sont des options populaires pour les transports r\u00e9frig\u00e9r\u00e9s de moyenne et grande taille. L'eVito offre un espace de chargement allant jusqu'\u00e0 6,6 m\u00e8tres cubes, tandis que l'eSprinter convient pour des volumes plus importants allant jusqu'\u00e0 11 m\u00e8tres cubes. Les deux mod\u00e8les peuvent \u00eatre \u00e9quip\u00e9s de syst\u00e8mes de r\u00e9frig\u00e9ration professionnels.<\/p>\n<p>L'Iveco Daily Electric est un concurrent de taille avec son ch\u00e2ssis robuste et ses options de carrosserie flexibles. Connu pour sa fiabilit\u00e9 en usage commercial, ce mod\u00e8le peut \u00eatre combin\u00e9 avec diff\u00e9rents syst\u00e8mes de refroidissement, en fonction de vos besoins sp\u00e9cifiques.<\/p>\n<p>Le Renault Master E-Tech Electric et le Ford E-Transit compl\u00e8tent la gamme avec leurs propres caract\u00e9ristiques. Le Renault Master offre une excellente maniabilit\u00e9 dans les environnements urbains, tandis que le Ford E-Transit se distingue par ses options de connectivit\u00e9 avanc\u00e9es et son espace de chargement convivial.<\/p>\n<h2>Quelle est la diff\u00e9rence entre un camion frigorifique \u00e9lectrique et un camion cong\u00e9lateur ?<\/h2>\n<p>La principale diff\u00e9rence r\u00e9side dans les plages de temp\u00e9rature et la consommation d'\u00e9nergie. Les chariots frigorifiques maintiennent les temp\u00e9ratures entre 0\u00b0C et 8\u00b0C, tandis que les chariots de cong\u00e9lation stockent les produits entre -18\u00b0C et -25\u00b0C. Les chariots de cong\u00e9lation consomment beaucoup plus d'\u00e9nergie en raison de la plus grande diff\u00e9rence de temp\u00e9rature.<\/p>\n<p>Les chariots r\u00e9frig\u00e9r\u00e9s sont id\u00e9aux pour les produits frais tels que les l\u00e9gumes, les fruits, les produits laitiers et les m\u00e9dicaments qui doivent \u00eatre conserv\u00e9s au frais. Ils consomment relativement peu d'\u00e9nergie suppl\u00e9mentaire car la diff\u00e9rence de temp\u00e9rature avec la temp\u00e9rature ext\u00e9rieure est limit\u00e9e. Ils peuvent donc \u00eatre utilis\u00e9s pour des trajets plus longs sans que cela n'ait d'incidence majeure sur l'autonomie.<\/p>\n<p><strong>Camions frigorifiques<\/strong> en revanche, sont n\u00e9cessaires pour les aliments congel\u00e9s, les cr\u00e8mes glac\u00e9es et certains m\u00e9dicaments. La consommation d'\u00e9nergie est 40-60% plus \u00e9lev\u00e9e que pour les camions frigorifiques, car le syst\u00e8me de r\u00e9frig\u00e9ration doit travailler davantage. Cela affecte sensiblement la distance de conduite, en particulier lorsque les temp\u00e9ratures ext\u00e9rieures sont \u00e9lev\u00e9es.<\/p>\n<p>L'isolation diff\u00e8re \u00e9galement d'un type \u00e0 l'autre. Les camions-cong\u00e9lateurs sont \u00e9quip\u00e9s de panneaux isolants plus \u00e9pais et d'une meilleure \u00e9tanch\u00e9it\u00e9 pour minimiser les pertes de chaleur. Ils sont donc plus lourds que les camions frigorifiques, ce qui affecte la capacit\u00e9 de charge et la consommation d'\u00e9nergie pendant la conduite.<\/p>\n<h2>Combien de kilom\u00e8tres peut-on parcourir avec un camion frigorifique \u00e9lectrique ?<\/h2>\n<p>L'autonomie des camions frigorifiques \u00e9lectriques est comprise entre 150 et 300 kilom\u00e8tres, en fonction du mod\u00e8le, de la capacit\u00e9 de la batterie et du syst\u00e8me de r\u00e9frig\u00e9ration. Les camions frigorifiques atteignent g\u00e9n\u00e9ralement 80-90% de l'autonomie standard, tandis que les camions-cong\u00e9lateurs atteignent 60-70% en raison d'une consommation d'\u00e9nergie plus \u00e9lev\u00e9e.<\/p>\n<p>Plusieurs facteurs influencent de mani\u00e8re significative la port\u00e9e. Les <strong>temp\u00e9rature ext\u00e9rieure<\/strong> joue un r\u00f4le important : lors des chaudes journ\u00e9es d'\u00e9t\u00e9, le syst\u00e8me de refroidissement doit travailler davantage, ce qui r\u00e9duit l'autonomie. Le style de conduite et le terrain sont \u00e9galement importants : les nombreux arr\u00eats et la circulation en ville consomment plus d'\u00e9nergie que les vitesses constantes sur l'autoroute.<\/p>\n<p>Vous pouvez optimiser l'autonomie gr\u00e2ce \u00e0 une planification intelligente. Le pr\u00e9refroidissement de l'espace de chargement pendant la charge permet d'\u00e9conomiser de l'\u00e9nergie sur la route. Une planification efficace de l'itin\u00e9raire avec un minimum d'arr\u00eats est \u00e9galement utile, tout comme le fait d'\u00e9viter d'ouvrir inutilement les portes de chargement.<\/p>\n<p>Les syst\u00e8mes modernes proposent souvent deux batteries distinctes : une pour la propulsion et une pour le refroidissement. Cela permet d'\u00e9viter d'\u00eatre bloqu\u00e9 par une batterie de refroidissement vide et de mieux contr\u00f4ler la distribution de l'\u00e9nergie pendant le trajet.<\/p>\n<h2>Quel est le co\u00fbt d'un v\u00e9hicule utilitaire \u00e9lectrique r\u00e9frig\u00e9r\u00e9 ?<\/h2>\n<p>Les nouveaux v\u00e9hicules utilitaires \u00e9lectriques \u00e9quip\u00e9s de syst\u00e8mes de refroidissement co\u00fbtent entre 60 000 et 90 000 euros, en fonction de leur taille et de leurs caract\u00e9ristiques. C'est 20-30% plus cher que les mod\u00e8les diesel comparables, mais les subventions et les all\u00e8gements fiscaux r\u00e9duisent la diff\u00e9rence.<\/p>\n<p>Le co\u00fbt total de possession est souvent plus avantageux que celui des alternatives au diesel. <strong>R\u00e9duction des co\u00fbts de maintenance<\/strong>, Le prix d'achat plus \u00e9lev\u00e9 est compens\u00e9 par l'absence de frais de carburant et par les avantages fiscaux. Les voitures de soci\u00e9t\u00e9 \u00e9lectriques sont enti\u00e8rement d\u00e9ductibles de la TVA et n'entra\u00eenent aucune charge fiscale suppl\u00e9mentaire pour l'utilisation professionnelle.<\/p>\n<p>Le leasing est une option de financement populaire, avec des montants mensuels compris entre 800 et 1 200 euros pour une camionnette frigorifique \u00e9lectrique enti\u00e8rement \u00e9quip\u00e9e. Ces montants incluent souvent l'entretien, l'assurance et la garantie, ce qui garantit la s\u00e9curit\u00e9 du budget.<\/p>\n<p>Plusieurs programmes de subvention soutiennent l'achat de ces v\u00e9hicules. La subvention SEBA (Subsidy Scheme for Emission-Free Company Cars) peut atteindre 5 000 euros pour les voitures de soci\u00e9t\u00e9 \u00e9lectriques. Des programmes r\u00e9gionaux offrent parfois un soutien suppl\u00e9mentaire \u00e0 la mobilit\u00e9 durable des entreprises.<\/p>\n<h2>Comment Van den Hurk aide les v\u00e9hicules utilitaires \u00e9lectriques<\/h2>\n<p>Nous vous aidons \u00e0 passer \u00e0 la mobilit\u00e9 \u00e9lectrique d'entreprise gr\u00e2ce \u00e0 des conseils personnalis\u00e9s et \u00e0 une large gamme de produits. Nous combinons notre expertise de plus de 60 ans dans le domaine des v\u00e9hicules utilitaires avec une connaissance des derniers d\u00e9veloppements \u00e9lectriques et de la technologie de refroidissement.<\/p>\n<p>Nos services comprennent<\/p>\n<ul>\n<li>Conseils personnalis\u00e9s sur le v\u00e9hicule utilitaire \u00e9lectrique adapt\u00e9 \u00e0 vos besoins en mati\u00e8re de transport frigorifique<\/li>\n<li>Aper\u00e7u des mod\u00e8les disponibles avec syst\u00e8me de refroidissement dans notre stock<\/li>\n<li>Des options de financement et de leasing flexibles, adapt\u00e9es \u00e0 la situation de votre entreprise<\/li>\n<li>Soutien aux demandes de subventions et \u00e0 l'optimisation fiscale<\/li>\n<li>Service apr\u00e8s-vente et maintenance pour une mobilit\u00e9 d'entreprise sans souci<\/li>\n<\/ul>\n<p>Nous savons que chaque entrepreneur a des besoins diff\u00e9rents en mati\u00e8re de transport frigorifique. C'est pourquoi nous prenons le temps de discuter de vos besoins sp\u00e9cifiques et de trouver la meilleure solution. Qu'il s'agisse de petits camions frigorifiques pour la livraison locale ou de grands camions frigorifiques pour la distribution r\u00e9gionale, nous disposons de l'expertise et du stock n\u00e9cessaires pour vous aider.<\/p>\n<p>D\u00e9couvrez notre gamme compl\u00e8te <a href=\"https:\/\/www.vdhurk.nl\/fr\/vehicules-commerciaux\/electrique\/\">v\u00e9hicules utilitaires \u00e9lectriques<\/a> et d\u00e9couvrez comment nous assurons l'avenir de votre entreprise gr\u00e2ce \u00e0 des solutions de mobilit\u00e9 durable. Contactez-nous pour une consultation sans engagement sur les v\u00e9hicules frigorifiques \u00e9lectriques.<\/p>","protected":false},"excerpt":{"rendered":"<p>D\u00e9couvrez les fourgons frigorifiques \u00e9lectriques de Mercedes, Iveco, Renault et Ford. Autonomie jusqu'\u00e0 300 km, co\u00fbt \u00e0 partir de 60 000 euros.<\/p>","protected":false},"author":5,"featured_media":541411,"comment_status":"closed","ping_status":"closed","sticky":false,"template":"","format":"standard","meta":{"_acf_changed":false,"_improvement_type_select":"improve_an_existing","_thumb_yes_seoaic":false,"_frame_yes_seoaic":false,"seoaic_generate_description":"","seoaic_improve_instructions_prompt":"","seoaic_rollback_content_improvement":"","seoaic_idea_thumbnail_generator":"","thumbnail_generated":false,"thumbnail_generate_prompt":"","seoaic_article_description":"","seoaic_article_subtitles":[],"footnotes":""},"categories":[1],"tags":[],"class_list":["post-541244","post","type-post","status-publish","format-standard","has-post-thumbnail","hentry","category-seo"],"acf":[],"yoast_head":"<!-- This site is optimized with the Yoast SEO plugin v27.5 - https:\/\/yoast.com\/product\/yoast-seo-wordpress\/ -->\n<title>Welke elektrische bedrijfswagens zijn er met koel- en vriesopbouw? - Van den Hurk Bedrijfswagens<\/title>\n<meta name=\"description\" content=\"Elektrische bedrijfswagens met koel- en vriesopbouw van Mercedes, Iveco, Renault en Ford. Actieradius 150-300km, vanaf \u20ac60.000. Subsidies beschikbaar!\" \/>\n<meta name=\"robots\" content=\"index, follow, max-snippet:-1, max-image-preview:large, max-video-preview:-1\" \/>\n<link rel=\"canonical\" href=\"https:\/\/www.vdhurk.nl\/fr\/quels-sont-les-vehicules-utilitaires-electriques-disponibles-avec-des-carrosseries-frigorifiques-et-des-carrosseries-congelatrices\/\" \/>\n<meta property=\"og:locale\" content=\"fr_FR\" \/>\n<meta property=\"og:type\" content=\"article\" \/>\n<meta property=\"og:title\" content=\"Welke elektrische bedrijfswagens zijn er met koel- en vriesopbouw? - Van den Hurk Bedrijfswagens\" \/>\n<meta property=\"og:description\" content=\"Elektrische bedrijfswagens met koel- en vriesopbouw van Mercedes, Iveco, Renault en Ford. Actieradius 150-300km, vanaf \u20ac60.000. Subsidies beschikbaar!\" \/>\n<meta property=\"og:url\" content=\"https:\/\/www.vdhurk.nl\/fr\/quels-sont-les-vehicules-utilitaires-electriques-disponibles-avec-des-carrosseries-frigorifiques-et-des-carrosseries-congelatrices\/\" \/>\n<meta property=\"og:site_name\" content=\"Van den Hurk Bedrijfswagens\" \/>\n<meta property=\"article:published_time\" content=\"2026-03-12T07:00:00+00:00\" \/>\n<meta property=\"og:image\" content=\"https:\/\/www.vdhurk.nl\/wp-content\/uploads\/2025\/12\/elektrische-koelwagen-commercieel-laadruimte.webp\" \/>\n\t<meta property=\"og:image:width\" content=\"1024\" \/>\n\t<meta property=\"og:image:height\" content=\"768\" \/>\n\t<meta property=\"og:image:type\" content=\"image\/webp\" \/>\n<meta name=\"author\" content=\"wpseoai\" \/>\n<meta name=\"twitter:card\" content=\"summary_large_image\" \/>\n<meta name=\"twitter:label1\" content=\"\u00c9crit par\" \/>\n\t<meta name=\"twitter:data1\" content=\"wpseoai\" \/>\n\t<meta name=\"twitter:label2\" content=\"Dur\u00e9e de lecture estim\u00e9e\" \/>\n\t<meta name=\"twitter:data2\" content=\"4 minutes\" \/>\n<script type=\"application\/ld+json\" class=\"yoast-schema-graph\">{\"@context\":\"https:\\\/\\\/schema.org\",\"@graph\":[{\"@type\":\"Article\",\"@id\":\"https:\\\/\\\/www.vdhurk.nl\\\/welke-elektrische-bedrijfswagens-zijn-er-met-koel-en-vriesopbouw\\\/#article\",\"isPartOf\":{\"@id\":\"https:\\\/\\\/www.vdhurk.nl\\\/welke-elektrische-bedrijfswagens-zijn-er-met-koel-en-vriesopbouw\\\/\"},\"author\":{\"name\":\"wpseoai\",\"@id\":\"https:\\\/\\\/www.vdhurk.nl\\\/#\\\/schema\\\/person\\\/04c44f7c3ccbd41cb14ad36749c8db5f\"},\"headline\":\"Welke elektrische bedrijfswagens zijn er met koel- en vriesopbouw?\",\"datePublished\":\"2026-03-12T07:00:00+00:00\",\"mainEntityOfPage\":{\"@id\":\"https:\\\/\\\/www.vdhurk.nl\\\/welke-elektrische-bedrijfswagens-zijn-er-met-koel-en-vriesopbouw\\\/\"},\"wordCount\":809,\"image\":{\"@id\":\"https:\\\/\\\/www.vdhurk.nl\\\/welke-elektrische-bedrijfswagens-zijn-er-met-koel-en-vriesopbouw\\\/#primaryimage\"},\"thumbnailUrl\":\"https:\\\/\\\/www.vdhurk.nl\\\/wp-content\\\/uploads\\\/2025\\\/12\\\/elektrische-koelwagen-commercieel-laadruimte.webp\",\"articleSection\":[\"SEO\"],\"inLanguage\":\"fr-FR\"},{\"@type\":\"WebPage\",\"@id\":\"https:\\\/\\\/www.vdhurk.nl\\\/welke-elektrische-bedrijfswagens-zijn-er-met-koel-en-vriesopbouw\\\/\",\"url\":\"https:\\\/\\\/www.vdhurk.nl\\\/welke-elektrische-bedrijfswagens-zijn-er-met-koel-en-vriesopbouw\\\/\",\"name\":\"Welke elektrische bedrijfswagens zijn er met koel- en vriesopbouw? - Van den Hurk Bedrijfswagens\",\"isPartOf\":{\"@id\":\"https:\\\/\\\/www.vdhurk.nl\\\/#website\"},\"primaryImageOfPage\":{\"@id\":\"https:\\\/\\\/www.vdhurk.nl\\\/welke-elektrische-bedrijfswagens-zijn-er-met-koel-en-vriesopbouw\\\/#primaryimage\"},\"image\":{\"@id\":\"https:\\\/\\\/www.vdhurk.nl\\\/welke-elektrische-bedrijfswagens-zijn-er-met-koel-en-vriesopbouw\\\/#primaryimage\"},\"thumbnailUrl\":\"https:\\\/\\\/www.vdhurk.nl\\\/wp-content\\\/uploads\\\/2025\\\/12\\\/elektrische-koelwagen-commercieel-laadruimte.webp\",\"datePublished\":\"2026-03-12T07:00:00+00:00\",\"author\":{\"@id\":\"https:\\\/\\\/www.vdhurk.nl\\\/#\\\/schema\\\/person\\\/04c44f7c3ccbd41cb14ad36749c8db5f\"},\"description\":\"Elektrische bedrijfswagens met koel- en vriesopbouw van Mercedes, Iveco, Renault en Ford. Actieradius 150-300km, vanaf \u20ac60.000. Subsidies beschikbaar!\",\"breadcrumb\":{\"@id\":\"https:\\\/\\\/www.vdhurk.nl\\\/welke-elektrische-bedrijfswagens-zijn-er-met-koel-en-vriesopbouw\\\/#breadcrumb\"},\"inLanguage\":\"fr-FR\",\"potentialAction\":[{\"@type\":\"ReadAction\",\"target\":[\"https:\\\/\\\/www.vdhurk.nl\\\/welke-elektrische-bedrijfswagens-zijn-er-met-koel-en-vriesopbouw\\\/\"]}]},{\"@type\":\"ImageObject\",\"inLanguage\":\"fr-FR\",\"@id\":\"https:\\\/\\\/www.vdhurk.nl\\\/welke-elektrische-bedrijfswagens-zijn-er-met-koel-en-vriesopbouw\\\/#primaryimage\",\"url\":\"https:\\\/\\\/www.vdhurk.nl\\\/wp-content\\\/uploads\\\/2025\\\/12\\\/elektrische-koelwagen-commercieel-laadruimte.webp\",\"contentUrl\":\"https:\\\/\\\/www.vdhurk.nl\\\/wp-content\\\/uploads\\\/2025\\\/12\\\/elektrische-koelwagen-commercieel-laadruimte.webp\",\"width\":1024,\"height\":768,\"caption\":\"Elektrische koelwagen met open deuren toont roestvrijstalen koelruimte met temperatuurmeters in magazijn laadperron\"},{\"@type\":\"BreadcrumbList\",\"@id\":\"https:\\\/\\\/www.vdhurk.nl\\\/welke-elektrische-bedrijfswagens-zijn-er-met-koel-en-vriesopbouw\\\/#breadcrumb\",\"itemListElement\":[{\"@type\":\"ListItem\",\"position\":1,\"name\":\"Home\",\"item\":\"https:\\\/\\\/www.vdhurk.nl\\\/home\\\/\"},{\"@type\":\"ListItem\",\"position\":2,\"name\":\"Welke elektrische bedrijfswagens zijn er met koel- en vriesopbouw?\"}]},{\"@type\":\"WebSite\",\"@id\":\"https:\\\/\\\/www.vdhurk.nl\\\/#website\",\"url\":\"https:\\\/\\\/www.vdhurk.nl\\\/\",\"name\":\"Van den Hurk Bedrijfswagens\",\"description\":\"Van den Hurk bedrijfswagens Helmond\",\"potentialAction\":[{\"@type\":\"SearchAction\",\"target\":{\"@type\":\"EntryPoint\",\"urlTemplate\":\"https:\\\/\\\/www.vdhurk.nl\\\/?s={search_term_string}\"},\"query-input\":{\"@type\":\"PropertyValueSpecification\",\"valueRequired\":true,\"valueName\":\"search_term_string\"}}],\"inLanguage\":\"fr-FR\"},{\"@type\":\"Person\",\"@id\":\"https:\\\/\\\/www.vdhurk.nl\\\/#\\\/schema\\\/person\\\/04c44f7c3ccbd41cb14ad36749c8db5f\",\"name\":\"wpseoai\",\"image\":{\"@type\":\"ImageObject\",\"inLanguage\":\"fr-FR\",\"@id\":\"https:\\\/\\\/secure.gravatar.com\\\/avatar\\\/51ea6db2c0d04861332fc5a8dff3289a3d5bcfa4493f551d20452ff3f9c5bcbf?s=96&d=mm&r=g\",\"url\":\"https:\\\/\\\/secure.gravatar.com\\\/avatar\\\/51ea6db2c0d04861332fc5a8dff3289a3d5bcfa4493f551d20452ff3f9c5bcbf?s=96&d=mm&r=g\",\"contentUrl\":\"https:\\\/\\\/secure.gravatar.com\\\/avatar\\\/51ea6db2c0d04861332fc5a8dff3289a3d5bcfa4493f551d20452ff3f9c5bcbf?s=96&d=mm&r=g\",\"caption\":\"wpseoai\"},\"url\":\"https:\\\/\\\/www.vdhurk.nl\\\/fr\\\/author\\\/wpseoai\\\/\"}]}<\/script>\n<!-- \/ Yoast SEO plugin. -->","yoast_head_json":{"title":"Quels sont les v\u00e9hicules utilitaires \u00e9lectriques disponibles avec des carrosseries r\u00e9frig\u00e9r\u00e9es et congel\u00e9es ? - V\u00e9hicules utilitaires Van den Hurk","description":"V\u00e9hicules utilitaires \u00e9lectriques \u00e0 carrosserie r\u00e9frig\u00e9r\u00e9e et congel\u00e9e de Mercedes, Iveco, Renault et Ford. Autonomie de 150 \u00e0 300 km, \u00e0 partir de 60 000 euros. Subventions disponibles !","robots":{"index":"index","follow":"follow","max-snippet":"max-snippet:-1","max-image-preview":"max-image-preview:large","max-video-preview":"max-video-preview:-1"},"canonical":"https:\/\/www.vdhurk.nl\/fr\/quels-sont-les-vehicules-utilitaires-electriques-disponibles-avec-des-carrosseries-frigorifiques-et-des-carrosseries-congelatrices\/","og_locale":"fr_FR","og_type":"article","og_title":"Welke elektrische bedrijfswagens zijn er met koel- en vriesopbouw? - Van den Hurk Bedrijfswagens","og_description":"Elektrische bedrijfswagens met koel- en vriesopbouw van Mercedes, Iveco, Renault en Ford. Actieradius 150-300km, vanaf \u20ac60.000. Subsidies beschikbaar!","og_url":"https:\/\/www.vdhurk.nl\/fr\/quels-sont-les-vehicules-utilitaires-electriques-disponibles-avec-des-carrosseries-frigorifiques-et-des-carrosseries-congelatrices\/","og_site_name":"Van den Hurk Bedrijfswagens","article_published_time":"2026-03-12T07:00:00+00:00","og_image":[{"width":1024,"height":768,"url":"https:\/\/www.vdhurk.nl\/wp-content\/uploads\/2025\/12\/elektrische-koelwagen-commercieel-laadruimte.webp","type":"image\/webp"}],"author":"wpseoai","twitter_card":"summary_large_image","twitter_misc":{"\u00c9crit par":"wpseoai","Dur\u00e9e de lecture estim\u00e9e":"4 minutes"},"schema":{"@context":"https:\/\/schema.org","@graph":[{"@type":"Article","@id":"https:\/\/www.vdhurk.nl\/welke-elektrische-bedrijfswagens-zijn-er-met-koel-en-vriesopbouw\/#article","isPartOf":{"@id":"https:\/\/www.vdhurk.nl\/welke-elektrische-bedrijfswagens-zijn-er-met-koel-en-vriesopbouw\/"},"author":{"name":"wpseoai","@id":"https:\/\/www.vdhurk.nl\/#\/schema\/person\/04c44f7c3ccbd41cb14ad36749c8db5f"},"headline":"Welke elektrische bedrijfswagens zijn er met koel- en vriesopbouw?","datePublished":"2026-03-12T07:00:00+00:00","mainEntityOfPage":{"@id":"https:\/\/www.vdhurk.nl\/welke-elektrische-bedrijfswagens-zijn-er-met-koel-en-vriesopbouw\/"},"wordCount":809,"image":{"@id":"https:\/\/www.vdhurk.nl\/welke-elektrische-bedrijfswagens-zijn-er-met-koel-en-vriesopbouw\/#primaryimage"},"thumbnailUrl":"https:\/\/www.vdhurk.nl\/wp-content\/uploads\/2025\/12\/elektrische-koelwagen-commercieel-laadruimte.webp","articleSection":["SEO"],"inLanguage":"fr-FR"},{"@type":"WebPage","@id":"https:\/\/www.vdhurk.nl\/welke-elektrische-bedrijfswagens-zijn-er-met-koel-en-vriesopbouw\/","url":"https:\/\/www.vdhurk.nl\/welke-elektrische-bedrijfswagens-zijn-er-met-koel-en-vriesopbouw\/","name":"Quels sont les v\u00e9hicules utilitaires \u00e9lectriques disponibles avec des carrosseries r\u00e9frig\u00e9r\u00e9es et congel\u00e9es ? - V\u00e9hicules utilitaires Van den Hurk","isPartOf":{"@id":"https:\/\/www.vdhurk.nl\/#website"},"primaryImageOfPage":{"@id":"https:\/\/www.vdhurk.nl\/welke-elektrische-bedrijfswagens-zijn-er-met-koel-en-vriesopbouw\/#primaryimage"},"image":{"@id":"https:\/\/www.vdhurk.nl\/welke-elektrische-bedrijfswagens-zijn-er-met-koel-en-vriesopbouw\/#primaryimage"},"thumbnailUrl":"https:\/\/www.vdhurk.nl\/wp-content\/uploads\/2025\/12\/elektrische-koelwagen-commercieel-laadruimte.webp","datePublished":"2026-03-12T07:00:00+00:00","author":{"@id":"https:\/\/www.vdhurk.nl\/#\/schema\/person\/04c44f7c3ccbd41cb14ad36749c8db5f"},"description":"V\u00e9hicules utilitaires \u00e9lectriques \u00e0 carrosserie r\u00e9frig\u00e9r\u00e9e et congel\u00e9e de Mercedes, Iveco, Renault et Ford. Autonomie de 150 \u00e0 300 km, \u00e0 partir de 60 000 euros. Subventions disponibles !","breadcrumb":{"@id":"https:\/\/www.vdhurk.nl\/welke-elektrische-bedrijfswagens-zijn-er-met-koel-en-vriesopbouw\/#breadcrumb"},"inLanguage":"fr-FR","potentialAction":[{"@type":"ReadAction","target":["https:\/\/www.vdhurk.nl\/welke-elektrische-bedrijfswagens-zijn-er-met-koel-en-vriesopbouw\/"]}]},{"@type":"ImageObject","inLanguage":"fr-FR","@id":"https:\/\/www.vdhurk.nl\/welke-elektrische-bedrijfswagens-zijn-er-met-koel-en-vriesopbouw\/#primaryimage","url":"https:\/\/www.vdhurk.nl\/wp-content\/uploads\/2025\/12\/elektrische-koelwagen-commercieel-laadruimte.webp","contentUrl":"https:\/\/www.vdhurk.nl\/wp-content\/uploads\/2025\/12\/elektrische-koelwagen-commercieel-laadruimte.webp","width":1024,"height":768,"caption":"Elektrische koelwagen met open deuren toont roestvrijstalen koelruimte met temperatuurmeters in magazijn laadperron"},{"@type":"BreadcrumbList","@id":"https:\/\/www.vdhurk.nl\/welke-elektrische-bedrijfswagens-zijn-er-met-koel-en-vriesopbouw\/#breadcrumb","itemListElement":[{"@type":"ListItem","position":1,"name":"Home","item":"https:\/\/www.vdhurk.nl\/home\/"},{"@type":"ListItem","position":2,"name":"Welke elektrische bedrijfswagens zijn er met koel- en vriesopbouw?"}]},{"@type":"WebSite","@id":"https:\/\/www.vdhurk.nl\/#website","url":"https:\/\/www.vdhurk.nl\/","name":"V\u00e9hicules utilitaires Van den Hurk","description":"V\u00e9hicules utilitaires Van den Hurk Helmond","potentialAction":[{"@type":"SearchAction","target":{"@type":"EntryPoint","urlTemplate":"https:\/\/www.vdhurk.nl\/?s={search_term_string}"},"query-input":{"@type":"PropertyValueSpecification","valueRequired":true,"valueName":"search_term_string"}}],"inLanguage":"fr-FR"},{"@type":"Person","@id":"https:\/\/www.vdhurk.nl\/#\/schema\/person\/04c44f7c3ccbd41cb14ad36749c8db5f","name":"wpseoai","image":{"@type":"ImageObject","inLanguage":"fr-FR","@id":"https:\/\/secure.gravatar.com\/avatar\/51ea6db2c0d04861332fc5a8dff3289a3d5bcfa4493f551d20452ff3f9c5bcbf?s=96&d=mm&r=g","url":"https:\/\/secure.gravatar.com\/avatar\/51ea6db2c0d04861332fc5a8dff3289a3d5bcfa4493f551d20452ff3f9c5bcbf?s=96&d=mm&r=g","contentUrl":"https:\/\/secure.gravatar.com\/avatar\/51ea6db2c0d04861332fc5a8dff3289a3d5bcfa4493f551d20452ff3f9c5bcbf?s=96&d=mm&r=g","caption":"wpseoai"},"url":"https:\/\/www.vdhurk.nl\/fr\/author\/wpseoai\/"}]}},"_links":{"self":[{"href":"https:\/\/www.vdhurk.nl\/fr\/wp-json\/wp\/v2\/posts\/541244","targetHints":{"allow":["GET"]}}],"collection":[{"href":"https:\/\/www.vdhurk.nl\/fr\/wp-json\/wp\/v2\/posts"}],"about":[{"href":"https:\/\/www.vdhurk.nl\/fr\/wp-json\/wp\/v2\/types\/post"}],"author":[{"embeddable":true,"href":"https:\/\/www.vdhurk.nl\/fr\/wp-json\/wp\/v2\/users\/5"}],"replies":[{"embeddable":true,"href":"https:\/\/www.vdhurk.nl\/fr\/wp-json\/wp\/v2\/comments?post=541244"}],"version-history":[{"count":1,"href":"https:\/\/www.vdhurk.nl\/fr\/wp-json\/wp\/v2\/posts\/541244\/revisions"}],"predecessor-version":[{"id":541342,"href":"https:\/\/www.vdhurk.nl\/fr\/wp-json\/wp\/v2\/posts\/541244\/revisions\/541342"}],"wp:featuredmedia":[{"embeddable":true,"href":"https:\/\/www.vdhurk.nl\/fr\/wp-json\/wp\/v2\/media\/541411"}],"wp:attachment":[{"href":"https:\/\/www.vdhurk.nl\/fr\/wp-json\/wp\/v2\/media?parent=541244"}],"wp:term":[{"taxonomy":"category","embeddable":true,"href":"https:\/\/www.vdhurk.nl\/fr\/wp-json\/wp\/v2\/categories?post=541244"},{"taxonomy":"post_tag","embeddable":true,"href":"https:\/\/www.vdhurk.nl\/fr\/wp-json\/wp\/v2\/tags?post=541244"}],"curies":[{"name":"wp","href":"https:\/\/api.w.org\/{rel}","templated":true}]}}