{"id":541225,"date":"2026-03-11T08:00:00","date_gmt":"2026-03-11T07:00:00","guid":{"rendered":"https:\/\/www.vdhurk.nl\/?p=541225"},"modified":"2025-12-24T15:50:18","modified_gmt":"2025-12-24T14:50:18","slug":"comment-eviter-les-problemes-avec-les-vehicules-utilitaires-electriques-en-hiver","status":"publish","type":"post","link":"https:\/\/www.vdhurk.nl\/fr\/hoe-voorkom-je-problemen-met-elektrische-bedrijfswagens-in-de-winter\/","title":{"rendered":"Comment \u00e9viter les probl\u00e8mes avec les v\u00e9hicules utilitaires \u00e9lectriques en hiver ?"},"content":{"rendered":"<p>Les v\u00e9hicules utilitaires \u00e9lectriques perdent jusqu'\u00e0 30% d'autonomie en hiver en raison des temp\u00e9ratures froides qui affectent les performances de la batterie. Vous \u00e9viterez les probl\u00e8mes hivernaux en pr\u00e9chauffant votre v\u00e9hicule lorsqu'il est sur le chargeur, en le garant \u00e0 l'int\u00e9rieur lorsque c'est possible et en appliquant des strat\u00e9gies de charge intelligentes. L'entretien r\u00e9gulier des pneus, des syst\u00e8mes de chauffage et des composants \u00e9lectriques aidera votre v\u00e9hicule utilitaire \u00e0 traverser les mois froids en toute fiabilit\u00e9.<\/p>\n<h2>Pourquoi les v\u00e9hicules utilitaires \u00e9lectriques perdent-ils de l'autonomie en hiver ?<\/h2>\n<p>Les v\u00e9hicules utilitaires \u00e9lectriques perdent de l'autonomie en hiver <strong>les temp\u00e9ratures froides ralentissent les processus chimiques dans les batteries lithium-ion<\/strong>. \u00c0 des temp\u00e9ratures inf\u00e9rieures \u00e0 z\u00e9ro degr\u00e9, l'autonomie peut diminuer de 20 \u00e0 30% par rapport aux conditions estivales. Les cellules de la batterie fonctionnent moins efficacement et peuvent donc fournir moins d'\u00e9nergie au moteur.<\/p>\n<p>Outre les performances de la batterie, la consommation d'\u00e9nergie pour le chauffage joue un r\u00f4le important. Votre v\u00e9hicule utilitaire consomme de l'\u00e9nergie suppl\u00e9mentaire pour garder la cabine chaude, le pare-brise d\u00e9givr\u00e9 et la batterie elle-m\u00eame chaude. Tout cela se fait au d\u00e9triment de l'autonomie.<\/p>\n<p>La r\u00e9sistance au roulement accrue des pneus froids et l'air plus \u00e9pais \u00e0 basse temp\u00e9rature entra\u00eenent \u00e9galement une consommation d'\u00e9nergie suppl\u00e9mentaire. Si vous effectuez r\u00e9guli\u00e8rement de courts trajets au cours desquels la batterie n'a pas l'occasion de se r\u00e9chauffer, cet effet est encore plus prononc\u00e9.<\/p>\n<h2>Comment s'assurer que votre v\u00e9hicule utilitaire \u00e9lectrique d\u00e9marre correctement par temps froid ?<\/h2>\n<p><strong>Pr\u00e9chauffage pendant que votre v\u00e9hicule est sur le chargeur<\/strong> est le meilleur moyen d'\u00e9viter les probl\u00e8mes de d\u00e9marrage \u00e0 froid. Utilisez l'application de votre v\u00e9hicule utilitaire pour r\u00e9chauffer la cabine et la batterie avant de partir. Cela ne demande aucune \u00e9nergie \u00e0 la batterie elle-m\u00eame, puisque l'\u00e9nergie provient directement du point de charge.<\/p>\n<p>Dans la mesure du possible, garez votre v\u00e9hicule utilitaire \u00e9lectrique \u00e0 l'int\u00e9rieur. Un garage ou un parking couvert prot\u00e8ge des temp\u00e9ratures extr\u00eames et garde la batterie au chaud. Cela peut am\u00e9liorer l'autonomie du 10-15% par rapport \u00e0 un stationnement \u00e0 l'ext\u00e9rieur.<\/p>\n<p>Planifiez intelligemment vos temps de charge. Chargez votre v\u00e9hicule juste avant le d\u00e9part afin que la batterie soit encore chaude. Une batterie chaude fournit plus de puissance et assure de meilleures performances pendant les premiers kilom\u00e8tres de votre trajet.<\/p>\n<h2>Quels sont les conseils d'entretien qui aideront votre v\u00e9hicule utilitaire \u00e9lectrique \u00e0 passer l'hiver ?<\/h2>\n<p>V\u00e9rifiez la pression de vos pneus tous les mois car <strong>l'air froid augmente la pression de 1 \u00e0 2 psi par baisse de temp\u00e9rature de 10 degr\u00e9s<\/strong> r\u00e9duit. Des pneus correctement gonfl\u00e9s r\u00e9duisent la r\u00e9sistance au roulement et vous aident \u00e0 conserver votre autonomie. Envisagez d'utiliser des pneus d'hiver pour am\u00e9liorer l'adh\u00e9rence et la s\u00e9curit\u00e9 sur les routes glissantes.<\/p>\n<p>Testez r\u00e9guli\u00e8rement votre syst\u00e8me de chauffage pour vous assurer qu'il fonctionne efficacement. Un chauffage d\u00e9fectueux n'est pas seulement une source de d\u00e9sagr\u00e9ment, il peut \u00e9galement entra\u00eener la formation de bu\u00e9e sur les vitres et r\u00e9duire la s\u00e9curit\u00e9. Changez les filtres de l'habitacle \u00e0 intervalles r\u00e9guliers pour maintenir une circulation d'air optimale.<\/p>\n<p>Gardez les contacts \u00e9lectriques et les ports de chargement propres et secs. L'humidit\u00e9 et le sel de d\u00e9neigement peuvent entra\u00eener la corrosion de composants \u00e9lectriques importants. V\u00e9rifiez \u00e9galement les joints en caoutchouc autour des portes et des fen\u00eatres pour \u00e9viter les pertes de chaleur.<\/p>\n<h2>Quelles sont les meilleures strat\u00e9gies de recharge pour les v\u00e9hicules utilitaires \u00e9lectriques en hiver ?<\/h2>\n<p>Maintenez votre batterie charg\u00e9e entre le 20% et le 80% pendant les mois d'hiver. <strong>Une batterie compl\u00e8tement d\u00e9charg\u00e9e \u00e0 des temp\u00e9ratures glaciales peut subir des dommages permanents<\/strong>, tandis qu'une batterie trop pleine limite la fonction de freinage par r\u00e9cup\u00e9ration. Cette bande passante vous donne de la flexibilit\u00e9 et prot\u00e8ge la sant\u00e9 de la batterie.<\/p>\n<p>Utilisez les chargeurs rapides de mani\u00e8re strat\u00e9gique, mais pas exclusivement. La charge rapide g\u00e9n\u00e8re de la chaleur qui permet \u00e0 la batterie de monter en temp\u00e9rature, mais ne le faites pas trop souvent, car cela peut solliciter la batterie. Combinez la charge rapide pour les longs trajets et la charge lente \u00e0 la maison pour l'usage quotidien.<\/p>\n<p>Planifiez vos sessions de charge de mani\u00e8re \u00e0 ce qu'elles se terminent juste avant votre d\u00e9part. Une batterie fra\u00eechement charg\u00e9e est plus chaude et plus performante. Utilisez les fonctions de minuterie de votre voiture ou de votre station de charge pour contr\u00f4ler automatiquement ce ph\u00e9nom\u00e8ne, afin de toujours prendre la route avec une temp\u00e9rature de batterie optimale.<\/p>\n<h2>Comment Van Den Hurk aide les v\u00e9hicules utilitaires \u00e9lectriques<\/h2>\n<p>Nous faisons en sorte que votre passage \u00e0 la conduite \u00e9lectrique se fasse sans souci, m\u00eame pendant les mois d'hiver. Avec plus de 60 ans d'exp\u00e9rience dans le domaine des v\u00e9hicules utilitaires, nous comprenons exactement les d\u00e9fis auxquels vous \u00eates confront\u00e9s et la meilleure fa\u00e7on de les relever.<\/p>\n<p>Notre soutien \u00e0 <a href=\"https:\/\/www.vdhurk.nl\/fr\/vehicules-commerciaux\/electrique\/\">v\u00e9hicules utilitaires \u00e9lectriques<\/a> comprend :<\/p>\n<ul>\n<li>Conseils personnalis\u00e9s sur le mod\u00e8le \u00e9lectrique adapt\u00e9 aux besoins de votre entreprise<\/li>\n<li>Conseils pratiques pour l'hivernage et l'entretien saisonnier<\/li>\n<li>Conseils sur les solutions de recharge et la planification de l'autonomie<\/li>\n<li>Des options de location flexibles pour s'adapter \u00e0 votre budget<\/li>\n<li>Soutenir le passage du carburant \u00e0 l'\u00e9lectricit\u00e9<\/li>\n<\/ul>\n<p>Vous voulez savoir quelle voiture de soci\u00e9t\u00e9 \u00e9lectrique convient le mieux \u00e0 votre entreprise ? Contactez-nous pour un entretien sans engagement. Nous nous ferons un plaisir de vous aider \u00e0 faire le bon choix et de veiller \u00e0 ce que vous soyez bien pr\u00e9par\u00e9 pour toutes les saisons.<\/p>","protected":false},"excerpt":{"rendered":"<p>Les v\u00e9hicules utilitaires \u00e9lectriques perdent jusqu'\u00e0 30% d'autonomie en hiver. Pr\u00e9venez les probl\u00e8mes gr\u00e2ce \u00e0 des strat\u00e9gies de charge intelligentes et des conseils d'entretien.<\/p>","protected":false},"author":5,"featured_media":541405,"comment_status":"closed","ping_status":"closed","sticky":false,"template":"","format":"standard","meta":{"_acf_changed":false,"_improvement_type_select":"improve_an_existing","_thumb_yes_seoaic":false,"_frame_yes_seoaic":false,"seoaic_generate_description":"","seoaic_improve_instructions_prompt":"","seoaic_rollback_content_improvement":"","seoaic_idea_thumbnail_generator":"","thumbnail_generated":false,"thumbnail_generate_prompt":"","seoaic_article_description":"","seoaic_article_subtitles":[],"footnotes":""},"categories":[1],"tags":[],"class_list":["post-541225","post","type-post","status-publish","format-standard","has-post-thumbnail","hentry","category-seo"],"acf":[],"yoast_head":"<!-- This site is optimized with the Yoast SEO plugin v27.5 - https:\/\/yoast.com\/product\/yoast-seo-wordpress\/ -->\n<title>Hoe voorkom je problemen met elektrische bedrijfswagens in de winter? - Van den Hurk Bedrijfswagens<\/title>\n<meta name=\"description\" content=\"Voorkom winterproblemen met elektrische bedrijfswagens: bereik kan 30% dalen door kou. Ontdek voorverwarmingstips, oplaadstrategie\u00ebn en onderhoud.\" \/>\n<meta name=\"robots\" content=\"index, follow, max-snippet:-1, max-image-preview:large, max-video-preview:-1\" \/>\n<link rel=\"canonical\" href=\"https:\/\/www.vdhurk.nl\/fr\/comment-eviter-les-problemes-avec-les-vehicules-utilitaires-electriques-en-hiver\/\" \/>\n<meta property=\"og:locale\" content=\"fr_FR\" \/>\n<meta property=\"og:type\" content=\"article\" \/>\n<meta property=\"og:title\" content=\"Hoe voorkom je problemen met elektrische bedrijfswagens in de winter? - Van den Hurk Bedrijfswagens\" \/>\n<meta property=\"og:description\" content=\"Voorkom winterproblemen met elektrische bedrijfswagens: bereik kan 30% dalen door kou. Ontdek voorverwarmingstips, oplaadstrategie\u00ebn en onderhoud.\" \/>\n<meta property=\"og:url\" content=\"https:\/\/www.vdhurk.nl\/fr\/comment-eviter-les-problemes-avec-les-vehicules-utilitaires-electriques-en-hiver\/\" \/>\n<meta property=\"og:site_name\" content=\"Van den Hurk Bedrijfswagens\" \/>\n<meta property=\"article:published_time\" content=\"2026-03-11T07:00:00+00:00\" \/>\n<meta property=\"og:image\" content=\"https:\/\/www.vdhurk.nl\/wp-content\/uploads\/2025\/12\/elektrische-bestelwagen-winter-opladen-sneeuw.webp\" \/>\n\t<meta property=\"og:image:width\" content=\"1024\" \/>\n\t<meta property=\"og:image:height\" content=\"768\" \/>\n\t<meta property=\"og:image:type\" content=\"image\/webp\" \/>\n<meta name=\"author\" content=\"wpseoai\" \/>\n<meta name=\"twitter:card\" content=\"summary_large_image\" \/>\n<meta name=\"twitter:label1\" content=\"\u00c9crit par\" \/>\n\t<meta name=\"twitter:data1\" content=\"wpseoai\" \/>\n\t<meta name=\"twitter:label2\" content=\"Dur\u00e9e de lecture estim\u00e9e\" \/>\n\t<meta name=\"twitter:data2\" content=\"4 minutes\" \/>\n<script type=\"application\/ld+json\" class=\"yoast-schema-graph\">{\"@context\":\"https:\\\/\\\/schema.org\",\"@graph\":[{\"@type\":\"Article\",\"@id\":\"https:\\\/\\\/www.vdhurk.nl\\\/hoe-voorkom-je-problemen-met-elektrische-bedrijfswagens-in-de-winter\\\/#article\",\"isPartOf\":{\"@id\":\"https:\\\/\\\/www.vdhurk.nl\\\/hoe-voorkom-je-problemen-met-elektrische-bedrijfswagens-in-de-winter\\\/\"},\"author\":{\"name\":\"wpseoai\",\"@id\":\"https:\\\/\\\/www.vdhurk.nl\\\/#\\\/schema\\\/person\\\/04c44f7c3ccbd41cb14ad36749c8db5f\"},\"headline\":\"Hoe voorkom je problemen met elektrische bedrijfswagens in de winter?\",\"datePublished\":\"2026-03-11T07:00:00+00:00\",\"mainEntityOfPage\":{\"@id\":\"https:\\\/\\\/www.vdhurk.nl\\\/hoe-voorkom-je-problemen-met-elektrische-bedrijfswagens-in-de-winter\\\/\"},\"wordCount\":734,\"image\":{\"@id\":\"https:\\\/\\\/www.vdhurk.nl\\\/hoe-voorkom-je-problemen-met-elektrische-bedrijfswagens-in-de-winter\\\/#primaryimage\"},\"thumbnailUrl\":\"https:\\\/\\\/www.vdhurk.nl\\\/wp-content\\\/uploads\\\/2025\\\/12\\\/elektrische-bestelwagen-winter-opladen-sneeuw.webp\",\"articleSection\":[\"SEO\"],\"inLanguage\":\"fr-FR\"},{\"@type\":\"WebPage\",\"@id\":\"https:\\\/\\\/www.vdhurk.nl\\\/hoe-voorkom-je-problemen-met-elektrische-bedrijfswagens-in-de-winter\\\/\",\"url\":\"https:\\\/\\\/www.vdhurk.nl\\\/hoe-voorkom-je-problemen-met-elektrische-bedrijfswagens-in-de-winter\\\/\",\"name\":\"Hoe voorkom je problemen met elektrische bedrijfswagens in de winter? - Van den Hurk Bedrijfswagens\",\"isPartOf\":{\"@id\":\"https:\\\/\\\/www.vdhurk.nl\\\/#website\"},\"primaryImageOfPage\":{\"@id\":\"https:\\\/\\\/www.vdhurk.nl\\\/hoe-voorkom-je-problemen-met-elektrische-bedrijfswagens-in-de-winter\\\/#primaryimage\"},\"image\":{\"@id\":\"https:\\\/\\\/www.vdhurk.nl\\\/hoe-voorkom-je-problemen-met-elektrische-bedrijfswagens-in-de-winter\\\/#primaryimage\"},\"thumbnailUrl\":\"https:\\\/\\\/www.vdhurk.nl\\\/wp-content\\\/uploads\\\/2025\\\/12\\\/elektrische-bestelwagen-winter-opladen-sneeuw.webp\",\"datePublished\":\"2026-03-11T07:00:00+00:00\",\"author\":{\"@id\":\"https:\\\/\\\/www.vdhurk.nl\\\/#\\\/schema\\\/person\\\/04c44f7c3ccbd41cb14ad36749c8db5f\"},\"description\":\"Voorkom winterproblemen met elektrische bedrijfswagens: bereik kan 30% dalen door kou. Ontdek voorverwarmingstips, oplaadstrategie\u00ebn en onderhoud.\",\"breadcrumb\":{\"@id\":\"https:\\\/\\\/www.vdhurk.nl\\\/hoe-voorkom-je-problemen-met-elektrische-bedrijfswagens-in-de-winter\\\/#breadcrumb\"},\"inLanguage\":\"fr-FR\",\"potentialAction\":[{\"@type\":\"ReadAction\",\"target\":[\"https:\\\/\\\/www.vdhurk.nl\\\/hoe-voorkom-je-problemen-met-elektrische-bedrijfswagens-in-de-winter\\\/\"]}]},{\"@type\":\"ImageObject\",\"inLanguage\":\"fr-FR\",\"@id\":\"https:\\\/\\\/www.vdhurk.nl\\\/hoe-voorkom-je-problemen-met-elektrische-bedrijfswagens-in-de-winter\\\/#primaryimage\",\"url\":\"https:\\\/\\\/www.vdhurk.nl\\\/wp-content\\\/uploads\\\/2025\\\/12\\\/elektrische-bestelwagen-winter-opladen-sneeuw.webp\",\"contentUrl\":\"https:\\\/\\\/www.vdhurk.nl\\\/wp-content\\\/uploads\\\/2025\\\/12\\\/elektrische-bestelwagen-winter-opladen-sneeuw.webp\",\"width\":1024,\"height\":768,\"caption\":\"Witte elektrische bedrijfswagen laadt op bij laadstation in sneeuwlandschap met vallende sneeuwvlokken\"},{\"@type\":\"BreadcrumbList\",\"@id\":\"https:\\\/\\\/www.vdhurk.nl\\\/hoe-voorkom-je-problemen-met-elektrische-bedrijfswagens-in-de-winter\\\/#breadcrumb\",\"itemListElement\":[{\"@type\":\"ListItem\",\"position\":1,\"name\":\"Home\",\"item\":\"https:\\\/\\\/www.vdhurk.nl\\\/home\\\/\"},{\"@type\":\"ListItem\",\"position\":2,\"name\":\"Hoe voorkom je problemen met elektrische bedrijfswagens in de winter?\"}]},{\"@type\":\"WebSite\",\"@id\":\"https:\\\/\\\/www.vdhurk.nl\\\/#website\",\"url\":\"https:\\\/\\\/www.vdhurk.nl\\\/\",\"name\":\"Van den Hurk Bedrijfswagens\",\"description\":\"Van den Hurk bedrijfswagens Helmond\",\"potentialAction\":[{\"@type\":\"SearchAction\",\"target\":{\"@type\":\"EntryPoint\",\"urlTemplate\":\"https:\\\/\\\/www.vdhurk.nl\\\/?s={search_term_string}\"},\"query-input\":{\"@type\":\"PropertyValueSpecification\",\"valueRequired\":true,\"valueName\":\"search_term_string\"}}],\"inLanguage\":\"fr-FR\"},{\"@type\":\"Person\",\"@id\":\"https:\\\/\\\/www.vdhurk.nl\\\/#\\\/schema\\\/person\\\/04c44f7c3ccbd41cb14ad36749c8db5f\",\"name\":\"wpseoai\",\"image\":{\"@type\":\"ImageObject\",\"inLanguage\":\"fr-FR\",\"@id\":\"https:\\\/\\\/secure.gravatar.com\\\/avatar\\\/51ea6db2c0d04861332fc5a8dff3289a3d5bcfa4493f551d20452ff3f9c5bcbf?s=96&d=mm&r=g\",\"url\":\"https:\\\/\\\/secure.gravatar.com\\\/avatar\\\/51ea6db2c0d04861332fc5a8dff3289a3d5bcfa4493f551d20452ff3f9c5bcbf?s=96&d=mm&r=g\",\"contentUrl\":\"https:\\\/\\\/secure.gravatar.com\\\/avatar\\\/51ea6db2c0d04861332fc5a8dff3289a3d5bcfa4493f551d20452ff3f9c5bcbf?s=96&d=mm&r=g\",\"caption\":\"wpseoai\"},\"url\":\"https:\\\/\\\/www.vdhurk.nl\\\/fr\\\/author\\\/wpseoai\\\/\"}]}<\/script>\n<!-- \/ Yoast SEO plugin. -->","yoast_head_json":{"title":"Comment \u00e9viter les probl\u00e8mes avec les v\u00e9hicules utilitaires \u00e9lectriques en hiver ? - V\u00e9hicules utilitaires Van den Hurk","description":"\u00c9viter les probl\u00e8mes hivernaux avec les v\u00e9hicules utilitaires \u00e9lectriques : l'autonomie peut 30% diminuer \u00e0 cause du froid. D\u00e9couvrez les conseils de pr\u00e9chauffage, les strat\u00e9gies de charge et l'entretien.","robots":{"index":"index","follow":"follow","max-snippet":"max-snippet:-1","max-image-preview":"max-image-preview:large","max-video-preview":"max-video-preview:-1"},"canonical":"https:\/\/www.vdhurk.nl\/fr\/comment-eviter-les-problemes-avec-les-vehicules-utilitaires-electriques-en-hiver\/","og_locale":"fr_FR","og_type":"article","og_title":"Hoe voorkom je problemen met elektrische bedrijfswagens in de winter? - Van den Hurk Bedrijfswagens","og_description":"Voorkom winterproblemen met elektrische bedrijfswagens: bereik kan 30% dalen door kou. Ontdek voorverwarmingstips, oplaadstrategie\u00ebn en onderhoud.","og_url":"https:\/\/www.vdhurk.nl\/fr\/comment-eviter-les-problemes-avec-les-vehicules-utilitaires-electriques-en-hiver\/","og_site_name":"Van den Hurk Bedrijfswagens","article_published_time":"2026-03-11T07:00:00+00:00","og_image":[{"width":1024,"height":768,"url":"https:\/\/www.vdhurk.nl\/wp-content\/uploads\/2025\/12\/elektrische-bestelwagen-winter-opladen-sneeuw.webp","type":"image\/webp"}],"author":"wpseoai","twitter_card":"summary_large_image","twitter_misc":{"\u00c9crit par":"wpseoai","Dur\u00e9e de lecture estim\u00e9e":"4 minutes"},"schema":{"@context":"https:\/\/schema.org","@graph":[{"@type":"Article","@id":"https:\/\/www.vdhurk.nl\/hoe-voorkom-je-problemen-met-elektrische-bedrijfswagens-in-de-winter\/#article","isPartOf":{"@id":"https:\/\/www.vdhurk.nl\/hoe-voorkom-je-problemen-met-elektrische-bedrijfswagens-in-de-winter\/"},"author":{"name":"wpseoai","@id":"https:\/\/www.vdhurk.nl\/#\/schema\/person\/04c44f7c3ccbd41cb14ad36749c8db5f"},"headline":"Hoe voorkom je problemen met elektrische bedrijfswagens in de winter?","datePublished":"2026-03-11T07:00:00+00:00","mainEntityOfPage":{"@id":"https:\/\/www.vdhurk.nl\/hoe-voorkom-je-problemen-met-elektrische-bedrijfswagens-in-de-winter\/"},"wordCount":734,"image":{"@id":"https:\/\/www.vdhurk.nl\/hoe-voorkom-je-problemen-met-elektrische-bedrijfswagens-in-de-winter\/#primaryimage"},"thumbnailUrl":"https:\/\/www.vdhurk.nl\/wp-content\/uploads\/2025\/12\/elektrische-bestelwagen-winter-opladen-sneeuw.webp","articleSection":["SEO"],"inLanguage":"fr-FR"},{"@type":"WebPage","@id":"https:\/\/www.vdhurk.nl\/hoe-voorkom-je-problemen-met-elektrische-bedrijfswagens-in-de-winter\/","url":"https:\/\/www.vdhurk.nl\/hoe-voorkom-je-problemen-met-elektrische-bedrijfswagens-in-de-winter\/","name":"Comment \u00e9viter les probl\u00e8mes avec les v\u00e9hicules utilitaires \u00e9lectriques en hiver ? - V\u00e9hicules utilitaires Van den Hurk","isPartOf":{"@id":"https:\/\/www.vdhurk.nl\/#website"},"primaryImageOfPage":{"@id":"https:\/\/www.vdhurk.nl\/hoe-voorkom-je-problemen-met-elektrische-bedrijfswagens-in-de-winter\/#primaryimage"},"image":{"@id":"https:\/\/www.vdhurk.nl\/hoe-voorkom-je-problemen-met-elektrische-bedrijfswagens-in-de-winter\/#primaryimage"},"thumbnailUrl":"https:\/\/www.vdhurk.nl\/wp-content\/uploads\/2025\/12\/elektrische-bestelwagen-winter-opladen-sneeuw.webp","datePublished":"2026-03-11T07:00:00+00:00","author":{"@id":"https:\/\/www.vdhurk.nl\/#\/schema\/person\/04c44f7c3ccbd41cb14ad36749c8db5f"},"description":"\u00c9viter les probl\u00e8mes hivernaux avec les v\u00e9hicules utilitaires \u00e9lectriques : l'autonomie peut 30% diminuer \u00e0 cause du froid. D\u00e9couvrez les conseils de pr\u00e9chauffage, les strat\u00e9gies de charge et l'entretien.","breadcrumb":{"@id":"https:\/\/www.vdhurk.nl\/hoe-voorkom-je-problemen-met-elektrische-bedrijfswagens-in-de-winter\/#breadcrumb"},"inLanguage":"fr-FR","potentialAction":[{"@type":"ReadAction","target":["https:\/\/www.vdhurk.nl\/hoe-voorkom-je-problemen-met-elektrische-bedrijfswagens-in-de-winter\/"]}]},{"@type":"ImageObject","inLanguage":"fr-FR","@id":"https:\/\/www.vdhurk.nl\/hoe-voorkom-je-problemen-met-elektrische-bedrijfswagens-in-de-winter\/#primaryimage","url":"https:\/\/www.vdhurk.nl\/wp-content\/uploads\/2025\/12\/elektrische-bestelwagen-winter-opladen-sneeuw.webp","contentUrl":"https:\/\/www.vdhurk.nl\/wp-content\/uploads\/2025\/12\/elektrische-bestelwagen-winter-opladen-sneeuw.webp","width":1024,"height":768,"caption":"Witte elektrische bedrijfswagen laadt op bij laadstation in sneeuwlandschap met vallende sneeuwvlokken"},{"@type":"BreadcrumbList","@id":"https:\/\/www.vdhurk.nl\/hoe-voorkom-je-problemen-met-elektrische-bedrijfswagens-in-de-winter\/#breadcrumb","itemListElement":[{"@type":"ListItem","position":1,"name":"Home","item":"https:\/\/www.vdhurk.nl\/home\/"},{"@type":"ListItem","position":2,"name":"Hoe voorkom je problemen met elektrische bedrijfswagens in de winter?"}]},{"@type":"WebSite","@id":"https:\/\/www.vdhurk.nl\/#website","url":"https:\/\/www.vdhurk.nl\/","name":"V\u00e9hicules utilitaires Van den Hurk","description":"V\u00e9hicules utilitaires Van den Hurk Helmond","potentialAction":[{"@type":"SearchAction","target":{"@type":"EntryPoint","urlTemplate":"https:\/\/www.vdhurk.nl\/?s={search_term_string}"},"query-input":{"@type":"PropertyValueSpecification","valueRequired":true,"valueName":"search_term_string"}}],"inLanguage":"fr-FR"},{"@type":"Person","@id":"https:\/\/www.vdhurk.nl\/#\/schema\/person\/04c44f7c3ccbd41cb14ad36749c8db5f","name":"wpseoai","image":{"@type":"ImageObject","inLanguage":"fr-FR","@id":"https:\/\/secure.gravatar.com\/avatar\/51ea6db2c0d04861332fc5a8dff3289a3d5bcfa4493f551d20452ff3f9c5bcbf?s=96&d=mm&r=g","url":"https:\/\/secure.gravatar.com\/avatar\/51ea6db2c0d04861332fc5a8dff3289a3d5bcfa4493f551d20452ff3f9c5bcbf?s=96&d=mm&r=g","contentUrl":"https:\/\/secure.gravatar.com\/avatar\/51ea6db2c0d04861332fc5a8dff3289a3d5bcfa4493f551d20452ff3f9c5bcbf?s=96&d=mm&r=g","caption":"wpseoai"},"url":"https:\/\/www.vdhurk.nl\/fr\/author\/wpseoai\/"}]}},"_links":{"self":[{"href":"https:\/\/www.vdhurk.nl\/fr\/wp-json\/wp\/v2\/posts\/541225","targetHints":{"allow":["GET"]}}],"collection":[{"href":"https:\/\/www.vdhurk.nl\/fr\/wp-json\/wp\/v2\/posts"}],"about":[{"href":"https:\/\/www.vdhurk.nl\/fr\/wp-json\/wp\/v2\/types\/post"}],"author":[{"embeddable":true,"href":"https:\/\/www.vdhurk.nl\/fr\/wp-json\/wp\/v2\/users\/5"}],"replies":[{"embeddable":true,"href":"https:\/\/www.vdhurk.nl\/fr\/wp-json\/wp\/v2\/comments?post=541225"}],"version-history":[{"count":1,"href":"https:\/\/www.vdhurk.nl\/fr\/wp-json\/wp\/v2\/posts\/541225\/revisions"}],"predecessor-version":[{"id":541337,"href":"https:\/\/www.vdhurk.nl\/fr\/wp-json\/wp\/v2\/posts\/541225\/revisions\/541337"}],"wp:featuredmedia":[{"embeddable":true,"href":"https:\/\/www.vdhurk.nl\/fr\/wp-json\/wp\/v2\/media\/541405"}],"wp:attachment":[{"href":"https:\/\/www.vdhurk.nl\/fr\/wp-json\/wp\/v2\/media?parent=541225"}],"wp:term":[{"taxonomy":"category","embeddable":true,"href":"https:\/\/www.vdhurk.nl\/fr\/wp-json\/wp\/v2\/categories?post=541225"},{"taxonomy":"post_tag","embeddable":true,"href":"https:\/\/www.vdhurk.nl\/fr\/wp-json\/wp\/v2\/tags?post=541225"}],"curies":[{"name":"wp","href":"https:\/\/api.w.org\/{rel}","templated":true}]}}