{"id":577190,"date":"2026-07-16T08:00:00","date_gmt":"2026-07-16T06:00:00","guid":{"rendered":"https:\/\/www.vdhurk.nl\/?p=577190"},"modified":"2026-04-14T13:51:22","modified_gmt":"2026-04-14T11:51:22","slug":"cuanto-cuesta-una-furgoneta-de-empresa-con-doble-cabina","status":"publish","type":"post","link":"https:\/\/www.vdhurk.nl\/es\/wat-kost-een-bedrijfsbus-met-dubbele-cabine\/","title":{"rendered":"\u00bfCu\u00e1nto cuesta una furgoneta comercial de doble cabina?"},"content":{"rendered":"<p class=\"wp-block-paragraph\">Una furgoneta comercial de doble cabina es una opci\u00f3n muy popular entre los empresarios que desean transportar tanto personas como materiales. Tanto si trabajas en la construcci\u00f3n, diriges una empresa de jardiner\u00eda o te dedicas a la log\u00edstica, este tipo de veh\u00edculo ofrece una combinaci\u00f3n inteligente de espacio de carga y asientos. Pero, \u00bfcu\u00e1nto cuesta realmente una furgoneta comercial de doble cabina y en qu\u00e9 debes fijarte?<\/p>\n\n\n\n<p class=\"wp-block-paragraph\">En este art\u00edculo respondemos a las preguntas m\u00e1s frecuentes sobre la compra, el leasing y los costes de una furgoneta comercial de doble cabina. Desde modelos de segunda mano hasta modelos nuevos, y desde la financiaci\u00f3n hasta las opciones el\u00e9ctricas: cuando termines de leerlo, sabr\u00e1s exactamente a qu\u00e9 atenerte.<\/p>\n\n\n\n<h2 class=\"wp-block-heading\">\u00bfQu\u00e9 es un autob\u00fas de empresa de doble cabina?<\/h2>\n\n\n\n<p class=\"wp-block-paragraph\">Una furgoneta de empresa con doble cabina es una furgoneta o un cami\u00f3n ligero con dos filas de asientos y un espacio de carga abierto o cerrado detr\u00e1s de la cabina. Este tipo de veh\u00edculo tiene capacidad para cinco o seis personas y ofrece suficiente capacidad de carga para herramientas, materiales o mercanc\u00edas.<\/p>\n\n\n\n<p class=\"wp-block-paragraph\">La diferencia con respecto a una furgoneta comercial est\u00e1ndar radica en la fila adicional de asientos. Mientras que una furgoneta normal suele tener un m\u00e1ximo de tres plazas, la doble cabina ofrece espacio para todo un equipo. Esto hace que el veh\u00edculo sea especialmente adecuado para equipos que se desplazan juntos al lugar de trabajo, sin necesidad de utilizar un turismo aparte.<\/p>\n\n\n\n<h3 class=\"wp-block-heading\">\u00bfQu\u00e9 modelos hay disponibles?<\/h3>\n\n\n\n<p class=\"wp-block-paragraph\">Las furgonetas de empresa con doble cabina est\u00e1n disponibles en diferentes versiones. Las variantes m\u00e1s habituales son:<\/p>\n\n\n\n<ul class=\"wp-block-list\">\n <li><strong>Camioneta con doble cabina:<\/strong> caja abierta, muy utilizada en la construcci\u00f3n y la agricultura<\/li>\n <li><strong>Furgoneta cerrada con cabina doble:<\/strong> Espacio de carga totalmente cerrado, apto para mercanc\u00edas de valor<\/li>\n <li><strong>Cami\u00f3n volquete con cabina doble:<\/strong> caja de carga basculante, ideal para trabajos de movimiento de tierras y demolici\u00f3n<\/li>\n <li><strong>Cami\u00f3n frigor\u00edfico con cabina doble:<\/strong> espacio de carga refrigerado para mercanc\u00edas sensibles a la temperatura<\/li>\n<\/ul>\n\n\n\n<p class=\"wp-block-paragraph\">La elecci\u00f3n de un modelo concreto depende en gran medida de tu sector y del uso que le des a diario. Piensa bien qu\u00e9 es lo que transportas con m\u00e1s frecuencia y cu\u00e1ntos compa\u00f1eros de trabajo tendr\u00e1n que viajar en \u00e9l, ya que eso determinar\u00e1 qu\u00e9 tipo se adapta mejor a tus necesidades.<\/p>\n\n\n\n<h2 class=\"wp-block-heading\">\u00bfQu\u00e9 factores determinan el precio de una furgoneta comercial de doble cabina?<\/h2>\n\n\n\n<p class=\"wp-block-paragraph\">El precio de una furgoneta comercial de doble cabina viene determinado por una combinaci\u00f3n de factores: la marca y el modelo, la antig\u00fcedad y el kilometraje, la versi\u00f3n, el motor y el tipo de combustible, as\u00ed como las posibles opciones o equipamientos adicionales. Todos estos elementos, en conjunto, determinan el precio final de compra.<\/p>\n\n\n\n<p class=\"wp-block-paragraph\">A continuaci\u00f3n, explicamos los principales factores que determinan el precio:<\/p>\n\n\n\n<ul class=\"wp-block-list\">\n <li><strong>Marca y modelo:<\/strong> Marcas como Mercedes-Benz, Volkswagen, Ford y Toyota tienen un valor residual m\u00e1s alto y, a menudo, tambi\u00e9n un precio de compra m\u00e1s elevado que las marcas menos conocidas.<\/li>\n <li><strong>Antig\u00fcedad y kilometraje:<\/strong> Un veh\u00edculo de cinco a\u00f1os con un elevado kilometraje es, evidentemente, m\u00e1s barato que un modelo reciente con pocos kil\u00f3metros.<\/li>\n <li><strong>Transmisi\u00f3n:<\/strong> El di\u00e9sel sigue siendo el m\u00e1s habitual, pero los veh\u00edculos comerciales el\u00e9ctricos ganan cada vez m\u00e1s popularidad. Una versi\u00f3n el\u00e9ctrica tiene un precio de compra m\u00e1s elevado, pero unos costes de explotaci\u00f3n m\u00e1s bajos.<\/li>\n <li><strong>Capacidad de carga y categor\u00eda de peso:<\/strong> Los veh\u00edculos m\u00e1s pesados y con mayor capacidad de carga son m\u00e1s caros que las versiones m\u00e1s ligeras.<\/li>\n <li><strong>Opciones adicionales y equipamiento:<\/strong> Piensa, por ejemplo, en el revestimiento de la caja de carga, un gancho de remolque, cortinas laterales, un sistema de navegaci\u00f3n o un equipamiento espec\u00edfico para la empresa. Todo ello puede encarecer considerablemente el precio.<\/li>\n<\/ul>\n\n\n\n<p class=\"wp-block-paragraph\">Adem\u00e1s del precio de compra, tambi\u00e9n hay que tener en cuenta los gastos de explotaci\u00f3n. Por ejemplo, el combustible o la energ\u00eda, el mantenimiento, el seguro y el impuesto de circulaci\u00f3n. Precisamente para los conductores profesionales, es recomendable calcular el coste total de propiedad a lo largo de varios a\u00f1os y no fijarse \u00fanicamente en el precio de compra.<\/p>\n\n\n\n<h2 class=\"wp-block-heading\">\u00bfCu\u00e1nto cuesta una furgoneta de empresa de segunda mano con cabina doble?<\/h2>\n\n\n\n<p class=\"wp-block-paragraph\">Una furgoneta de empresa de segunda mano con cabina doble cuesta, de media, entre 10 000 y 35 000 euros, dependiendo de la antig\u00fcedad, el kilometraje, la marca y el estado de mantenimiento. Los modelos m\u00e1s recientes con pocos kil\u00f3metros se sit\u00faan en la parte alta de este rango; los veh\u00edculos m\u00e1s antiguos o aquellos con un kilometraje elevado son considerablemente m\u00e1s baratos.<\/p>\n\n\n\n<p class=\"wp-block-paragraph\">Para los empresarios que optan conscientemente por comprar un veh\u00edculo de segunda mano <a href=\"https:\/\/www.vdhurk.nl\/es\/vehiculos-comerciales\/cabina-doble\/\">furgoneta comercial de doble cabina<\/a>, esta es una opci\u00f3n interesante. Te ahorras el coste de la compra y evitas la r\u00e1pida p\u00e9rdida de valor que sufren los veh\u00edculos nuevos durante los primeros a\u00f1os.<\/p>\n\n\n\n<h3 class=\"wp-block-heading\">\u00bfCu\u00e1les son los rangos de precios realistas por segmento?<\/h3>\n\n\n\n<p class=\"wp-block-paragraph\">Para que te hagas una idea m\u00e1s clara, a continuaci\u00f3n te ofrecemos una clasificaci\u00f3n general de lo que puedes encontrar en el mercado de segunda mano:<\/p>\n\n\n\n<ul class=\"wp-block-list\">\n <li><strong>Presupuesto (hasta 15 000 euros):<\/strong> Veh\u00edculos de m\u00e1s de ocho a\u00f1os con un kilometraje elevado. Adecuados como soluci\u00f3n temporal o para un uso poco intensivo.<\/li>\n <li><strong>Gama media (de 15 000 a 25 000 euros):<\/strong> Veh\u00edculos de entre tres y siete a\u00f1os de antig\u00fcedad, con un kilometraje razonable. Buena relaci\u00f3n calidad-precio.<\/li>\n <li><strong>De primera categor\u00eda, de segunda mano (entre 25 000 y 35 000 euros):<\/strong> Coches de segunda mano recientes, de uno o dos a\u00f1os de antig\u00fcedad, con pocos kil\u00f3metros. Nivel de calidad casi nuevo a un precio inferior al de uno nuevo.<\/li>\n<\/ul>\n\n\n\n<p class=\"wp-block-paragraph\">Si vas a comprar una furgoneta de empresa de segunda mano, aseg\u00farate siempre de solicitar el historial de mantenimiento y de que un especialista revise el veh\u00edculo. Un precio de compra bajo puede verse r\u00e1pidamente contrarrestado por unos elevados costes de reparaci\u00f3n si el veh\u00edculo no se ha mantenido adecuadamente.<\/p>\n\n\n\n<h2 class=\"wp-block-heading\">\u00bfCu\u00e1nto cuesta una furgoneta comercial nueva con cabina doble?<\/h2>\n\n\n\n<p class=\"wp-block-paragraph\">Una furgoneta comercial nueva con doble cabina suele costar entre 30 000 y 70 000 euros, sin IVA. El precio var\u00eda mucho seg\u00fan la marca, la motorizaci\u00f3n y el modelo. Las versiones el\u00e9ctricas se sit\u00faan en la franja alta de este rango, pero pueden optar a subvenciones y ventajas fiscales.<\/p>\n\n\n\n<p class=\"wp-block-paragraph\">Al adquirir un veh\u00edculo nuevo, te beneficias de la garant\u00eda del fabricante, de la tecnolog\u00eda de seguridad m\u00e1s avanzada y de un bajo riesgo de gastos de reparaci\u00f3n imprevistos durante los primeros a\u00f1os. Esto hace que una furgoneta comercial nueva con doble cabina resulte atractiva para las empresas que dan gran importancia a la seguridad y la fiabilidad.<\/p>\n\n\n\n<h3 class=\"wp-block-heading\">Autob\u00fas el\u00e9ctrico de empresa con cabina doble: \u00bfcu\u00e1nto cuesta?<\/h3>\n\n\n\n<p class=\"wp-block-paragraph\"><a href=\"https:\/\/www.vdhurk.nl\/es\/vehiculos-comerciales\/electrico\/\">Variantes el\u00e9ctricas<\/a> Las furgonetas de empresa con doble cabina cuestan, nuevas, entre 50 000 y 80 000 euros. Se trata de una inversi\u00f3n considerable, pero los costes totales de propiedad suelen ser menores a lo largo de toda su vida \u00fatil gracias a unos gastos de energ\u00eda y mantenimiento m\u00e1s bajos.<\/p>\n\n\n\n<p class=\"wp-block-paragraph\">Adem\u00e1s, los conductores profesionales pueden beneficiarse de ventajas fiscales al alquilar o comprar un veh\u00edculo el\u00e9ctrico de empresa. Por ejemplo, una base imponible m\u00e1s baja, la exenci\u00f3n del impuesto de circulaci\u00f3n y posibles subvenciones a trav\u00e9s de programas como el MIA y el Vamil. Es recomendable tener en cuenta estas ventajas en tu c\u00e1lculo antes de tomar una decisi\u00f3n.<\/p>\n\n\n\n<h2 class=\"wp-block-heading\">\u00bfCu\u00e1nto cuesta el alquiler con opci\u00f3n de compra de una furgoneta comercial de doble cabina?<\/h2>\n\n\n\n<p class=\"wp-block-paragraph\">Los costes mensuales de leasing de una furgoneta comercial de doble cabina oscilan, de media, entre 500 y 1 200 euros al mes en el caso del leasing financiero, y entre 700 y 1 500 euros al mes en el caso del leasing operativo. El importe exacto depende de la duraci\u00f3n del contrato, el n\u00famero de kil\u00f3metros anuales, el veh\u00edculo y los servicios elegidos.<\/p>\n\n\n\n<p class=\"wp-block-paragraph\">Para muchos empresarios, el arrendamiento es una alternativa atractiva a la compra directa. Te permite conservar tu capital circulante, tener cuotas mensuales predecibles y, en el caso del arrendamiento operativo, incluir el mantenimiento y el seguro en la cuota mensual.<\/p>\n\n\n\n<h3 class=\"wp-block-heading\">Arrendamiento financiero o arrendamiento operativo: \u00bfcu\u00e1l es la diferencia?<\/h3>\n\n\n\n<p class=\"wp-block-paragraph\">En <strong>arrendamiento financiero<\/strong> Financias la compra del veh\u00edculo mediante cuotas mensuales. Al final del plazo, te conviertes en el propietario. Es similar a un pr\u00e9stamo y te da pleno control sobre el veh\u00edculo.<\/p>\n\n\n\n<p class=\"wp-block-paragraph\">En <strong>arrendamiento operativo<\/strong> Alquilas el veh\u00edculo por un periodo fijo y lo devuelves al finalizar el plazo. El mantenimiento, el seguro y, en ocasiones, tambi\u00e9n los neum\u00e1ticos suelen estar incluidos en la cuota mensual. Esto te ofrece la m\u00e1xima tranquilidad y claridad sobre los gastos mensuales.<\/p>\n\n\n\n<p class=\"wp-block-paragraph\">Para los aut\u00f3nomos y las pymes que buscan flexibilidad y unos costes claros, el leasing operativo suele ser la opci\u00f3n m\u00e1s pr\u00e1ctica. \u00bfQuieres acabar siendo propietario del veh\u00edculo y dispones de un flujo de caja estable? En ese caso, el leasing financiero o la compra directa pueden resultar m\u00e1s ventajosos a largo plazo.<\/p>\n\n\n\n<h3 class=\"wp-block-heading\">Alquiler de veh\u00edculos comerciales el\u00e9ctricos: ventajas adicionales<\/h3>\n\n\n\n<p class=\"wp-block-paragraph\">Al alquilar un veh\u00edculo de empresa el\u00e9ctrico, se aplican ventajas fiscales adicionales. La base imponible para los veh\u00edculos el\u00e9ctricos es inferior a la de los veh\u00edculos que funcionan con combustibles f\u00f3siles, lo que resulta especialmente relevante si el veh\u00edculo tambi\u00e9n se utiliza para fines privados. Esto hace que el alquiler de un veh\u00edculo de empresa el\u00e9ctrico resulte econ\u00f3micamente interesante para muchos conductores profesionales.<\/p>\n\n\n\n<h2 class=\"wp-block-heading\">\u00bfEn qu\u00e9 debe fijarse al comprar una furgoneta comercial de doble cabina?<\/h2>\n\n\n\n<p class=\"wp-block-paragraph\">A la hora de comprar una furgoneta comercial de doble cabina, hay que prestar atenci\u00f3n al estado de la carrocer\u00eda y al mantenimiento, a la capacidad de carga en relaci\u00f3n con tus necesidades, a la experiencia de conducci\u00f3n y al confort para varios ocupantes, as\u00ed como a la disponibilidad de recambios y servicio t\u00e9cnico. Una buena preparaci\u00f3n evita sorpresas costosas m\u00e1s adelante.<\/p>\n\n\n\n<p class=\"wp-block-paragraph\">A continuaci\u00f3n se enumeran los puntos m\u00e1s importantes a tener en cuenta:<\/p>\n\n\n\n<ul class=\"wp-block-list\">\n <li><strong>Historial de mantenimiento:<\/strong> Solicita siempre el libro de mantenimiento y comprueba que el veh\u00edculo haya sido revisado peri\u00f3dicamente por un taller autorizado.<\/li>\n <li><strong>Carrocer\u00eda y formaci\u00f3n de \u00f3xido:<\/strong> Los veh\u00edculos de empresa est\u00e1n sometidos a un uso intensivo. Comprueba si hay \u00f3xido o desgaste en los bajos, los pasos de rueda y la plataforma de carga.<\/li>\n <li><strong>Capacidad de carga y peso remolcable:<\/strong> Aseg\u00farate de que el veh\u00edculo pueda soportar el peso que transportas a diario. La sobrecarga no solo es peligrosa, sino que tambi\u00e9n puede salirte cara en caso de control.<\/li>\n <li><strong>Tipo de combustible y normas de emisiones:<\/strong> Cada vez son m\u00e1s las ciudades en las que se aplican zonas medioambientales. Comprueba si el veh\u00edculo cumple con la normativa vigente en tu zona de trabajo.<\/li>\n <li><strong>Comodidad al sentarse y ergonom\u00eda:<\/strong> Si tus empleados viajan a diario en el coche, la comodidad de la segunda fila de asientos es importante. Compru\u00e9balo durante una prueba de conducci\u00f3n.<\/li>\n <li><strong>Garant\u00eda y servicio posventa:<\/strong> Al comprar en un concesionario especializado, suele haber m\u00e1s garant\u00edas en cuanto a la garant\u00eda y el servicio posventa que en una venta entre particulares.<\/li>\n<\/ul>\n\n\n\n<p class=\"wp-block-paragraph\">T\u00f3mate tu tiempo para comparar varios veh\u00edculos y deja que te asesore alguien con experiencia en la materia. Una buena elecci\u00f3n ahora te ahorrar\u00e1 muchos gastos y preocupaciones m\u00e1s adelante.<\/p>\n\n\n\n<h2 class=\"wp-block-heading\">C\u00f3mo te ayudamos a encontrar la furgoneta comercial de doble cabina adecuada<\/h2>\n\n\n\n<p class=\"wp-block-paragraph\">Con m\u00e1s de 60 a\u00f1os de experiencia en la venta y el alquiler con opci\u00f3n de compra de veh\u00edculos comerciales, ayudamos a diario a los empresarios a tomar la decisi\u00f3n m\u00e1s acertada. Tanto si buscas un veh\u00edculo de segunda mano asequible, una furgoneta comercial nueva con doble cabina o una soluci\u00f3n de leasing flexible: te ayudamos a encontrar la mejor opci\u00f3n y te ofrecemos un asesoramiento honesto, sin costes ocultos.<\/p>\n\n\n\n<p class=\"wp-block-paragraph\">Esto es lo que podemos hacer por usted:<\/p>\n\n\n\n<ul class=\"wp-block-list\">\n <li>Una amplia y variada gama de furgonetas comerciales de doble cabina, incluidas las versiones el\u00e9ctricas<\/li>\n <li>Asesoramiento personalizado sobre compra, arrendamiento financiero o arrendamiento operativo, adaptado a tu situaci\u00f3n<\/li>\n <li>Precios transparentes y contratos claros, sin letra peque\u00f1a<\/li>\n <li>Un servicio de alertas de existencias para que seas el primero en enterarte de las nuevas llegadas que se ajusten a tus preferencias<\/li>\n <li>Experiencia regional en los alrededores de Helmond y Brabante Septentrional<\/li>\n<\/ul>\n\n\n\n<p class=\"wp-block-paragraph\">\u00bfQuieres saber qu\u00e9 furgoneta comercial de doble cabina se adapta mejor a tu empresa? Ponte en contacto con nosotros para una consulta sin compromiso o echa un vistazo a nuestra <a href=\"https:\/\/www.vdhurk.nl\/es\/vehiculos-comerciales\/\">oferta actual de veh\u00edculos comerciales<\/a> En l\u00ednea. Estamos a tu disposici\u00f3n para ayudarte.<\/p>","protected":false},"excerpt":{"rendered":"<p>\u00bfCu\u00e1nto cuesta una furgoneta comercial de doble cabina? Resumen de precios, costes de leasing y consejos de compra para empresarios.<\/p>","protected":false},"author":5,"featured_media":577564,"comment_status":"closed","ping_status":"closed","sticky":false,"template":"","format":"standard","meta":{"_acf_changed":false,"footnotes":""},"categories":[1],"tags":[],"class_list":["post-577190","post","type-post","status-publish","format-standard","has-post-thumbnail","hentry","category-seo"],"acf":[],"yoast_head":"<!-- This site is optimized with the Yoast SEO plugin v28.3 - https:\/\/yoast.com\/product\/yoast-seo-wordpress\/ -->\n<title>Wat kost een bedrijfsbus met dubbele cabine? - Van den Hurk Bedrijfswagens<\/title>\n<meta name=\"description\" content=\"Bedrijfsbus met dubbele cabine kopen of leasen? Ontdek actuele prijzen, van \u20ac10.000 gebruikt tot \u20ac80.000 elektrisch, en maak de juiste keuze.\" \/>\n<meta name=\"robots\" content=\"index, follow, max-snippet:-1, max-image-preview:large, max-video-preview:-1\" \/>\n<link rel=\"canonical\" href=\"https:\/\/www.vdhurk.nl\/es\/cuanto-cuesta-una-furgoneta-de-empresa-con-doble-cabina\/\" \/>\n<meta property=\"og:locale\" content=\"es_ES\" \/>\n<meta property=\"og:type\" content=\"article\" \/>\n<meta property=\"og:title\" content=\"Wat kost een bedrijfsbus met dubbele cabine? - Van den Hurk Bedrijfswagens\" \/>\n<meta property=\"og:description\" content=\"Bedrijfsbus met dubbele cabine kopen of leasen? Ontdek actuele prijzen, van \u20ac10.000 gebruikt tot \u20ac80.000 elektrisch, en maak de juiste keuze.\" \/>\n<meta property=\"og:url\" content=\"https:\/\/www.vdhurk.nl\/es\/cuanto-cuesta-una-furgoneta-de-empresa-con-doble-cabina\/\" \/>\n<meta property=\"og:site_name\" content=\"Van den Hurk Bedrijfswagens\" \/>\n<meta property=\"article:published_time\" content=\"2026-07-16T06:00:00+00:00\" \/>\n<meta property=\"og:image\" content=\"https:\/\/www.vdhurk.nl\/wp-content\/uploads\/2026\/04\/dubbele-cabine-bestelwagen-industrieel-terrein.webp\" \/>\n\t<meta property=\"og:image:width\" content=\"1024\" \/>\n\t<meta property=\"og:image:height\" content=\"768\" \/>\n\t<meta property=\"og:image:type\" content=\"image\/webp\" \/>\n<meta name=\"author\" content=\"wpseoai\" \/>\n<meta name=\"twitter:card\" content=\"summary_large_image\" \/>\n<meta name=\"twitter:label1\" content=\"Escrito por\" \/>\n\t<meta name=\"twitter:data1\" content=\"wpseoai\" \/>\n\t<meta name=\"twitter:label2\" content=\"Tiempo de lectura\" \/>\n\t<meta name=\"twitter:data2\" content=\"8 minutos\" \/>\n<script type=\"application\/ld+json\" class=\"yoast-schema-graph\">{\"@context\":\"https:\\\/\\\/schema.org\",\"@graph\":[{\"@type\":\"Article\",\"@id\":\"https:\\\/\\\/www.vdhurk.nl\\\/wat-kost-een-bedrijfsbus-met-dubbele-cabine\\\/#article\",\"isPartOf\":{\"@id\":\"https:\\\/\\\/www.vdhurk.nl\\\/wat-kost-een-bedrijfsbus-met-dubbele-cabine\\\/\"},\"author\":{\"name\":\"wpseoai\",\"@id\":\"https:\\\/\\\/www.vdhurk.nl\\\/#\\\/schema\\\/person\\\/04c44f7c3ccbd41cb14ad36749c8db5f\"},\"headline\":\"Wat kost een bedrijfsbus met dubbele cabine?\",\"datePublished\":\"2026-07-16T06:00:00+00:00\",\"mainEntityOfPage\":{\"@id\":\"https:\\\/\\\/www.vdhurk.nl\\\/wat-kost-een-bedrijfsbus-met-dubbele-cabine\\\/\"},\"wordCount\":1621,\"image\":{\"@id\":\"https:\\\/\\\/www.vdhurk.nl\\\/wat-kost-een-bedrijfsbus-met-dubbele-cabine\\\/#primaryimage\"},\"thumbnailUrl\":\"https:\\\/\\\/www.vdhurk.nl\\\/wp-content\\\/uploads\\\/2026\\\/04\\\/dubbele-cabine-bestelwagen-industrieel-terrein.webp\",\"articleSection\":[\"SEO\"],\"inLanguage\":\"es\"},{\"@type\":\"WebPage\",\"@id\":\"https:\\\/\\\/www.vdhurk.nl\\\/wat-kost-een-bedrijfsbus-met-dubbele-cabine\\\/\",\"url\":\"https:\\\/\\\/www.vdhurk.nl\\\/wat-kost-een-bedrijfsbus-met-dubbele-cabine\\\/\",\"name\":\"Wat kost een bedrijfsbus met dubbele cabine? - Van den Hurk Bedrijfswagens\",\"isPartOf\":{\"@id\":\"https:\\\/\\\/www.vdhurk.nl\\\/#website\"},\"primaryImageOfPage\":{\"@id\":\"https:\\\/\\\/www.vdhurk.nl\\\/wat-kost-een-bedrijfsbus-met-dubbele-cabine\\\/#primaryimage\"},\"image\":{\"@id\":\"https:\\\/\\\/www.vdhurk.nl\\\/wat-kost-een-bedrijfsbus-met-dubbele-cabine\\\/#primaryimage\"},\"thumbnailUrl\":\"https:\\\/\\\/www.vdhurk.nl\\\/wp-content\\\/uploads\\\/2026\\\/04\\\/dubbele-cabine-bestelwagen-industrieel-terrein.webp\",\"datePublished\":\"2026-07-16T06:00:00+00:00\",\"author\":{\"@id\":\"https:\\\/\\\/www.vdhurk.nl\\\/#\\\/schema\\\/person\\\/04c44f7c3ccbd41cb14ad36749c8db5f\"},\"description\":\"Bedrijfsbus met dubbele cabine kopen of leasen? Ontdek actuele prijzen, van \u20ac10.000 gebruikt tot \u20ac80.000 elektrisch, en maak de juiste keuze.\",\"breadcrumb\":{\"@id\":\"https:\\\/\\\/www.vdhurk.nl\\\/wat-kost-een-bedrijfsbus-met-dubbele-cabine\\\/#breadcrumb\"},\"inLanguage\":\"es\",\"potentialAction\":[{\"@type\":\"ReadAction\",\"target\":[\"https:\\\/\\\/www.vdhurk.nl\\\/wat-kost-een-bedrijfsbus-met-dubbele-cabine\\\/\"]}]},{\"@type\":\"ImageObject\",\"inLanguage\":\"es\",\"@id\":\"https:\\\/\\\/www.vdhurk.nl\\\/wat-kost-een-bedrijfsbus-met-dubbele-cabine\\\/#primaryimage\",\"url\":\"https:\\\/\\\/www.vdhurk.nl\\\/wp-content\\\/uploads\\\/2026\\\/04\\\/dubbele-cabine-bestelwagen-industrieel-terrein.webp\",\"contentUrl\":\"https:\\\/\\\/www.vdhurk.nl\\\/wp-content\\\/uploads\\\/2026\\\/04\\\/dubbele-cabine-bestelwagen-industrieel-terrein.webp\",\"width\":1024,\"height\":768,\"caption\":\"Dubbele cabine bestelwagen geparkeerd op industrieel terrein, gefotografeerd vanuit laag voorhoekperspectief in warm middaglicht.\"},{\"@type\":\"BreadcrumbList\",\"@id\":\"https:\\\/\\\/www.vdhurk.nl\\\/wat-kost-een-bedrijfsbus-met-dubbele-cabine\\\/#breadcrumb\",\"itemListElement\":[{\"@type\":\"ListItem\",\"position\":1,\"name\":\"Home\",\"item\":\"https:\\\/\\\/www.vdhurk.nl\\\/home\\\/\"},{\"@type\":\"ListItem\",\"position\":2,\"name\":\"Wat kost een bedrijfsbus met dubbele cabine?\"}]},{\"@type\":\"WebSite\",\"@id\":\"https:\\\/\\\/www.vdhurk.nl\\\/#website\",\"url\":\"https:\\\/\\\/www.vdhurk.nl\\\/\",\"name\":\"Van den Hurk Bedrijfswagens\",\"description\":\"Van den Hurk bedrijfswagens Helmond\",\"potentialAction\":[{\"@type\":\"SearchAction\",\"target\":{\"@type\":\"EntryPoint\",\"urlTemplate\":\"https:\\\/\\\/www.vdhurk.nl\\\/?s={search_term_string}\"},\"query-input\":{\"@type\":\"PropertyValueSpecification\",\"valueRequired\":true,\"valueName\":\"search_term_string\"}}],\"inLanguage\":\"es\"},{\"@type\":\"Person\",\"@id\":\"https:\\\/\\\/www.vdhurk.nl\\\/#\\\/schema\\\/person\\\/04c44f7c3ccbd41cb14ad36749c8db5f\",\"name\":\"wpseoai\",\"image\":{\"@type\":\"ImageObject\",\"inLanguage\":\"es\",\"@id\":\"https:\\\/\\\/secure.gravatar.com\\\/avatar\\\/51ea6db2c0d04861332fc5a8dff3289a3d5bcfa4493f551d20452ff3f9c5bcbf?s=96&d=mm&r=g\",\"url\":\"https:\\\/\\\/secure.gravatar.com\\\/avatar\\\/51ea6db2c0d04861332fc5a8dff3289a3d5bcfa4493f551d20452ff3f9c5bcbf?s=96&d=mm&r=g\",\"contentUrl\":\"https:\\\/\\\/secure.gravatar.com\\\/avatar\\\/51ea6db2c0d04861332fc5a8dff3289a3d5bcfa4493f551d20452ff3f9c5bcbf?s=96&d=mm&r=g\",\"caption\":\"wpseoai\"},\"url\":\"https:\\\/\\\/www.vdhurk.nl\\\/es\\\/author\\\/wpseoai\\\/\"}]}<\/script>\n<!-- \/ Yoast SEO plugin. -->","yoast_head_json":{"title":"\u00bfCu\u00e1nto cuesta una furgoneta comercial con doble cabina? - Van den Hurk Veh\u00edculos Comerciales","description":"\u00bfComprar o alquilar una furgoneta comercial de doble cabina? Descubre los precios actuales, desde 10 000 \u20ac en modelos de segunda mano hasta 80 000 \u20ac en modelos el\u00e9ctricos, y toma la decisi\u00f3n m\u00e1s acertada.","robots":{"index":"index","follow":"follow","max-snippet":"max-snippet:-1","max-image-preview":"max-image-preview:large","max-video-preview":"max-video-preview:-1"},"canonical":"https:\/\/www.vdhurk.nl\/es\/cuanto-cuesta-una-furgoneta-de-empresa-con-doble-cabina\/","og_locale":"es_ES","og_type":"article","og_title":"Wat kost een bedrijfsbus met dubbele cabine? - Van den Hurk Bedrijfswagens","og_description":"Bedrijfsbus met dubbele cabine kopen of leasen? Ontdek actuele prijzen, van \u20ac10.000 gebruikt tot \u20ac80.000 elektrisch, en maak de juiste keuze.","og_url":"https:\/\/www.vdhurk.nl\/es\/cuanto-cuesta-una-furgoneta-de-empresa-con-doble-cabina\/","og_site_name":"Van den Hurk Bedrijfswagens","article_published_time":"2026-07-16T06:00:00+00:00","og_image":[{"width":1024,"height":768,"url":"https:\/\/www.vdhurk.nl\/wp-content\/uploads\/2026\/04\/dubbele-cabine-bestelwagen-industrieel-terrein.webp","type":"image\/webp"}],"author":"wpseoai","twitter_card":"summary_large_image","twitter_misc":{"Escrito por":"wpseoai","Tiempo de lectura":"8 minutos"},"schema":{"@context":"https:\/\/schema.org","@graph":[{"@type":"Article","@id":"https:\/\/www.vdhurk.nl\/wat-kost-een-bedrijfsbus-met-dubbele-cabine\/#article","isPartOf":{"@id":"https:\/\/www.vdhurk.nl\/wat-kost-een-bedrijfsbus-met-dubbele-cabine\/"},"author":{"name":"wpseoai","@id":"https:\/\/www.vdhurk.nl\/#\/schema\/person\/04c44f7c3ccbd41cb14ad36749c8db5f"},"headline":"Wat kost een bedrijfsbus met dubbele cabine?","datePublished":"2026-07-16T06:00:00+00:00","mainEntityOfPage":{"@id":"https:\/\/www.vdhurk.nl\/wat-kost-een-bedrijfsbus-met-dubbele-cabine\/"},"wordCount":1621,"image":{"@id":"https:\/\/www.vdhurk.nl\/wat-kost-een-bedrijfsbus-met-dubbele-cabine\/#primaryimage"},"thumbnailUrl":"https:\/\/www.vdhurk.nl\/wp-content\/uploads\/2026\/04\/dubbele-cabine-bestelwagen-industrieel-terrein.webp","articleSection":["SEO"],"inLanguage":"es"},{"@type":"WebPage","@id":"https:\/\/www.vdhurk.nl\/wat-kost-een-bedrijfsbus-met-dubbele-cabine\/","url":"https:\/\/www.vdhurk.nl\/wat-kost-een-bedrijfsbus-met-dubbele-cabine\/","name":"\u00bfCu\u00e1nto cuesta una furgoneta comercial con doble cabina? - Van den Hurk Veh\u00edculos Comerciales","isPartOf":{"@id":"https:\/\/www.vdhurk.nl\/#website"},"primaryImageOfPage":{"@id":"https:\/\/www.vdhurk.nl\/wat-kost-een-bedrijfsbus-met-dubbele-cabine\/#primaryimage"},"image":{"@id":"https:\/\/www.vdhurk.nl\/wat-kost-een-bedrijfsbus-met-dubbele-cabine\/#primaryimage"},"thumbnailUrl":"https:\/\/www.vdhurk.nl\/wp-content\/uploads\/2026\/04\/dubbele-cabine-bestelwagen-industrieel-terrein.webp","datePublished":"2026-07-16T06:00:00+00:00","author":{"@id":"https:\/\/www.vdhurk.nl\/#\/schema\/person\/04c44f7c3ccbd41cb14ad36749c8db5f"},"description":"\u00bfComprar o alquilar una furgoneta comercial de doble cabina? Descubre los precios actuales, desde 10 000 \u20ac en modelos de segunda mano hasta 80 000 \u20ac en modelos el\u00e9ctricos, y toma la decisi\u00f3n m\u00e1s acertada.","breadcrumb":{"@id":"https:\/\/www.vdhurk.nl\/wat-kost-een-bedrijfsbus-met-dubbele-cabine\/#breadcrumb"},"inLanguage":"es","potentialAction":[{"@type":"ReadAction","target":["https:\/\/www.vdhurk.nl\/wat-kost-een-bedrijfsbus-met-dubbele-cabine\/"]}]},{"@type":"ImageObject","inLanguage":"es","@id":"https:\/\/www.vdhurk.nl\/wat-kost-een-bedrijfsbus-met-dubbele-cabine\/#primaryimage","url":"https:\/\/www.vdhurk.nl\/wp-content\/uploads\/2026\/04\/dubbele-cabine-bestelwagen-industrieel-terrein.webp","contentUrl":"https:\/\/www.vdhurk.nl\/wp-content\/uploads\/2026\/04\/dubbele-cabine-bestelwagen-industrieel-terrein.webp","width":1024,"height":768,"caption":"Dubbele cabine bestelwagen geparkeerd op industrieel terrein, gefotografeerd vanuit laag voorhoekperspectief in warm middaglicht."},{"@type":"BreadcrumbList","@id":"https:\/\/www.vdhurk.nl\/wat-kost-een-bedrijfsbus-met-dubbele-cabine\/#breadcrumb","itemListElement":[{"@type":"ListItem","position":1,"name":"Home","item":"https:\/\/www.vdhurk.nl\/home\/"},{"@type":"ListItem","position":2,"name":"Wat kost een bedrijfsbus met dubbele cabine?"}]},{"@type":"WebSite","@id":"https:\/\/www.vdhurk.nl\/#website","url":"https:\/\/www.vdhurk.nl\/","name":"Veh\u00edculos comerciales Van den Hurk","description":"Van den Hurk veh\u00edculos comerciales Helmond","potentialAction":[{"@type":"SearchAction","target":{"@type":"EntryPoint","urlTemplate":"https:\/\/www.vdhurk.nl\/?s={search_term_string}"},"query-input":{"@type":"PropertyValueSpecification","valueRequired":true,"valueName":"search_term_string"}}],"inLanguage":"es"},{"@type":"Person","@id":"https:\/\/www.vdhurk.nl\/#\/schema\/person\/04c44f7c3ccbd41cb14ad36749c8db5f","name":"wpseoai","image":{"@type":"ImageObject","inLanguage":"es","@id":"https:\/\/secure.gravatar.com\/avatar\/51ea6db2c0d04861332fc5a8dff3289a3d5bcfa4493f551d20452ff3f9c5bcbf?s=96&d=mm&r=g","url":"https:\/\/secure.gravatar.com\/avatar\/51ea6db2c0d04861332fc5a8dff3289a3d5bcfa4493f551d20452ff3f9c5bcbf?s=96&d=mm&r=g","contentUrl":"https:\/\/secure.gravatar.com\/avatar\/51ea6db2c0d04861332fc5a8dff3289a3d5bcfa4493f551d20452ff3f9c5bcbf?s=96&d=mm&r=g","caption":"wpseoai"},"url":"https:\/\/www.vdhurk.nl\/es\/author\/wpseoai\/"}]}},"_links":{"self":[{"href":"https:\/\/www.vdhurk.nl\/es\/wp-json\/wp\/v2\/posts\/577190","targetHints":{"allow":["GET"]}}],"collection":[{"href":"https:\/\/www.vdhurk.nl\/es\/wp-json\/wp\/v2\/posts"}],"about":[{"href":"https:\/\/www.vdhurk.nl\/es\/wp-json\/wp\/v2\/types\/post"}],"author":[{"embeddable":true,"href":"https:\/\/www.vdhurk.nl\/es\/wp-json\/wp\/v2\/users\/5"}],"replies":[{"embeddable":true,"href":"https:\/\/www.vdhurk.nl\/es\/wp-json\/wp\/v2\/comments?post=577190"}],"version-history":[{"count":2,"href":"https:\/\/www.vdhurk.nl\/es\/wp-json\/wp\/v2\/posts\/577190\/revisions"}],"predecessor-version":[{"id":577465,"href":"https:\/\/www.vdhurk.nl\/es\/wp-json\/wp\/v2\/posts\/577190\/revisions\/577465"}],"wp:featuredmedia":[{"embeddable":true,"href":"https:\/\/www.vdhurk.nl\/es\/wp-json\/wp\/v2\/media\/577564"}],"wp:attachment":[{"href":"https:\/\/www.vdhurk.nl\/es\/wp-json\/wp\/v2\/media?parent=577190"}],"wp:term":[{"taxonomy":"category","embeddable":true,"href":"https:\/\/www.vdhurk.nl\/es\/wp-json\/wp\/v2\/categories?post=577190"},{"taxonomy":"post_tag","embeddable":true,"href":"https:\/\/www.vdhurk.nl\/es\/wp-json\/wp\/v2\/tags?post=577190"}],"curies":[{"name":"wp","href":"https:\/\/api.w.org\/{rel}","templated":true}]}}