{"id":577175,"date":"2026-07-15T08:00:00","date_gmt":"2026-07-15T06:00:00","guid":{"rendered":"https:\/\/www.vdhurk.nl\/?p=577175"},"modified":"2026-04-14T13:51:02","modified_gmt":"2026-04-14T11:51:02","slug":"se-puede-alquilar-un-vehiculo-electrico-de-empresa-sin-tener-un-punto-de-recarga-propio","status":"publish","type":"post","link":"https:\/\/www.vdhurk.nl\/es\/kun-je-een-elektrische-bedrijfswagen-leasen-zonder-eigen-laadpaal\/","title":{"rendered":"\u00bfSe puede alquilar un veh\u00edculo el\u00e9ctrico de empresa sin tener una estaci\u00f3n de recarga propia?"},"content":{"rendered":"<p>Cada vez son m\u00e1s los empresarios que optan por el leasing de un veh\u00edculo comercial el\u00e9ctrico, pero una pregunta habitual es: \u00bfqu\u00e9 se hace si no se dispone de un punto de recarga propio? Tanto si compras una furgoneta peque\u00f1a como una furgoneta comercial con <a href=\"https:\/\/www.vdhurk.nl\/es\/vehiculos-comerciales\/cabina-doble\/\">cabina doble<\/a> Tanto si alquilas un veh\u00edculo como si te pasas a una flota totalmente el\u00e9ctrica, la cuesti\u00f3n de la recarga siempre es importante. Por suerte, hay m\u00e1s opciones de las que quiz\u00e1 pienses.<\/p>\n<p>En este art\u00edculo respondemos a las preguntas m\u00e1s frecuentes sobre la conducci\u00f3n el\u00e9ctrica sin punto de recarga propio. Desde soluciones pr\u00e1cticas de recarga hasta costes y opciones de contrato: aqu\u00ed encontrar\u00e1s toda la informaci\u00f3n que necesitas para tomar una decisi\u00f3n bien fundamentada.<\/p>\n<h2>\u00bfSe puede alquilar un veh\u00edculo el\u00e9ctrico de empresa sin punto de recarga?<\/h2>\n<p>S\u00ed, puedes alquilar un veh\u00edculo el\u00e9ctrico de empresa sin tener tu propio punto de recarga. Disponer de un punto de recarga propio es pr\u00e1ctico, pero desde luego no es un requisito imprescindible. Muchos empresarios recargan su veh\u00edculo en puntos de recarga p\u00fablicos, en las zonas de recarga de las gasolineras o mediante la infraestructura de recarga del pol\u00edgono industrial. Siempre que tengas una estrategia de recarga viable, disponer de un punto de recarga propio es opcional.<\/p>\n<p>La cuesti\u00f3n no es tanto si es posible, sino si resulta lo suficientemente pr\u00e1ctico para tu situaci\u00f3n concreta. Un aut\u00f3nomo que recorre una ruta fija cada d\u00eda y recarga por la noche en casa o en la empresa tiene necesidades diferentes a las de un gestor de flotas con varios veh\u00edculos que circulan durante todo el d\u00eda. Todo gira en torno a la planificaci\u00f3n y al conocimiento de los kil\u00f3metros diarios y los momentos disponibles para recargar.<\/p>\n<p>Los Pa\u00edses Bajos cuentan ya con una de las redes de recarga m\u00e1s densas de Europa. En las zonas urbanas y en los pol\u00edgonos industriales, los puntos de recarga p\u00fablicos son f\u00e1cilmente accesibles. Para los empresarios de regiones como Brabante Septentrional, incluyendo Helmond y sus alrededores, la cobertura es, en la mayor\u00eda de los casos, suficiente para poder operar sin necesidad de disponer de un punto de recarga propio.<\/p>\n<h2>\u00bfC\u00f3mo se recarga un veh\u00edculo el\u00e9ctrico de empresa sin disponer de una estaci\u00f3n de recarga propia?<\/h2>\n<p>Si no dispones de una estaci\u00f3n de recarga propia, tienes tres opciones principales: estaciones de recarga p\u00fablicas, cargadores r\u00e1pidos en la carretera y recarga en las instalaciones de la empresa a trav\u00e9s de una toma de corriente ya existente. La opci\u00f3n m\u00e1s adecuada depender\u00e1 de tu forma de conducir, de la autonom\u00eda de tu veh\u00edculo y de la flexibilidad de tu planificaci\u00f3n.<\/p>\n<h3>Puntos de recarga p\u00fablicos<\/h3>\n<p>Las estaciones de recarga p\u00fablicas son la opci\u00f3n m\u00e1s accesible. A trav\u00e9s de proveedores como Allego, Fastned o las tarjetas de recarga de las empresas energ\u00e9ticas, puedes recargar tu veh\u00edculo el\u00e9ctrico de empresa en una amplia red de puntos de recarga. Muchos pol\u00edgonos industriales, aparcamientos y centros comerciales ya cuentan con puntos de recarga disponibles.<\/p>\n<p>Para el uso diario, esto funciona mejor si puedes recargar tu veh\u00edculo por la noche o durante las pausas en el trabajo. Una furgoneta el\u00e9ctrica peque\u00f1a con una autonom\u00eda de entre 200 y 300 kil\u00f3metros solo necesita recargarse por completo una o dos veces a la semana en muchos casos, dependiendo de tu perfil de conducci\u00f3n.<\/p>\n<h3>Cargadores r\u00e1pidos para el viaje<\/h3>\n<p>Los cargadores r\u00e1pidos, tambi\u00e9n conocidos como cargadores r\u00e1pidos de corriente continua (CC), recargan tu veh\u00edculo mucho m\u00e1s r\u00e1pido que los puntos de recarga normales de corriente alterna (CA). En un plazo de entre 20 y 45 minutos se recarga una gran parte de la bater\u00eda. Esto es ideal si recorres largas distancias o si necesitas que tu veh\u00edculo est\u00e9 disponible r\u00e1pidamente. Cada vez es m\u00e1s habitual encontrar estos cargadores r\u00e1pidos a lo largo de las autopistas y en las estaciones de servicio m\u00e1s grandes.<\/p>\n<h3>Recarga en las instalaciones de la empresa mediante una toma de corriente<\/h3>\n<p>Si dispones de una toma de corriente normal o de una toma industrial de alta potencia en las instalaciones de tu empresa, tambi\u00e9n puedes utilizarla para recargar tu veh\u00edculo. El proceso es m\u00e1s lento que con una estaci\u00f3n de recarga espec\u00edfica, pero para los veh\u00edculos que permanecen estacionados durante la noche es una soluci\u00f3n excelente. No obstante, aseg\u00farate de que se compruebe la idoneidad y la seguridad de la instalaci\u00f3n el\u00e9ctrica.<\/p>\n<h2>\u00bfCu\u00e1nto cuesta recargar el coche si no se dispone de una estaci\u00f3n de recarga propia?<\/h2>\n<p>Recargar sin una estaci\u00f3n de recarga propia suele ser m\u00e1s caro por kilovatio-hora que en casa o mediante un punto de recarga propio. En las estaciones de recarga p\u00fablicas se paga, de media, m\u00e1s que recargando en casa, y los cargadores r\u00e1pidos suelen ser a\u00fan m\u00e1s caros debido a su mayor potencia y a los costes de infraestructura. Los costes exactos var\u00edan seg\u00fan el proveedor y la ubicaci\u00f3n.<\/p>\n<p>Una estaci\u00f3n de recarga propia o una conexi\u00f3n dom\u00e9stica ofrecen el menor coste por kil\u00f3metro, sobre todo si se utiliza un contrato de energ\u00eda para empresas o tarifas nocturnas. En el caso de la recarga p\u00fablica, se paga por kilovatio-hora o por minuto, dependiendo del proveedor. Esto puede suponer una diferencia notable a lo largo del a\u00f1o, sobre todo en el caso de una furgoneta de empresa con cabina doble o un veh\u00edculo m\u00e1s pesado con una bater\u00eda de mayor capacidad.<\/p>\n<h3>\u00bfC\u00f3mo se pueden mantener los costes de recarga bajo control?<\/h3>\n<p>Hay varias formas de controlar los gastos:<\/p>\n<ul>\n<li>Utiliza una tarjeta de recarga o una aplicaci\u00f3n que combine varias redes para obtener un resumen claro de tus gastos<\/li>\n<li>Planifica las recargas en lugares con tarifas m\u00e1s bajas, como los aparcamientos de los supermercados o los puntos de recarga municipales<\/li>\n<li>Elige un contrato de leasing en el que los gastos de recarga o un presupuesto para recargas est\u00e9n incluidos en la cuota mensual<\/li>\n<li>Controla el consumo de cada veh\u00edculo mediante un sistema de registro de trayectos o un software de gesti\u00f3n de flotas<\/li>\n<\/ul>\n<p>Para los gestores de flotas que utilizan varios veh\u00edculos el\u00e9ctricos, merece la pena establecer una estrategia de recarga estructurada. Peque\u00f1os ajustes en la planificaci\u00f3n pueden reducir considerablemente los costes totales de recarga.<\/p>\n<h2>\u00bfUn contrato de leasing tambi\u00e9n ofrece una soluci\u00f3n para la recarga?<\/h2>\n<p>S\u00ed, cada vez m\u00e1s empresas de leasing ofrecen soluciones de recarga como parte del contrato de leasing. Estas soluciones van desde una tarjeta de recarga para redes p\u00fablicas hasta un paquete \u00abllave en mano\u00bb en el que tambi\u00e9n se gestiona la instalaci\u00f3n de un punto de recarga en tu domicilio o en la empresa. Depende del tipo de contrato de leasing y del proveedor.<\/p>\n<p>En el caso de un arrendamiento operativo de un veh\u00edculo comercial el\u00e9ctrico, en muchos casos puedes optar por un paquete \u00abtodo incluido\u00bb. En \u00e9l se incluyen, adem\u00e1s de la cuota mensual de arrendamiento, el seguro, el mantenimiento y, en ocasiones, un presupuesto para recargas. Esto te ofrece, como empresario, claridad sobre los gastos fijos mensuales, sin sorpresas posteriores.<\/p>\n<h3>Arrendamiento financiero frente a arrendamiento operativo<\/h3>\n<p>En el caso del arrendamiento financiero, eres t\u00fa quien se encarga de gestionar la infraestructura de recarga y los gastos adicionales. En el caso del arrendamiento operativo, la empresa de arrendamiento tiene m\u00e1s margen para incluir servicios adicionales en el paquete. Por eso, para los empresarios que desean liberarse por completo de estas preocupaciones, el arrendamiento operativo suele ser la opci\u00f3n m\u00e1s atractiva.<\/p>\n<p>Al firmar un contrato de leasing, pregunta siempre expl\u00edcitamente por las opciones de recarga. Algunos proveedores colaboran con instaladores de puntos de recarga y pueden incluir esto como una soluci\u00f3n a medida. De este modo, no tendr\u00e1s que contratar a terceros por tu cuenta y sabr\u00e1s exactamente a qu\u00e9 atenerte.<\/p>\n<h2>\u00bfEn qu\u00e9 casos es mejor optar por una estaci\u00f3n de recarga propia?<\/h2>\n<p>Disponer de un punto de recarga propio es la mejor opci\u00f3n si recorres grandes distancias a diario, utilizas varios veh\u00edculos el\u00e9ctricos o si la infraestructura p\u00fablica de recarga en tu zona es limitada. Adem\u00e1s, si quieres reducir los costes de recarga de forma permanente o tener un control total sobre la disponibilidad y los tiempos de recarga, un punto de recarga propio es una inversi\u00f3n sensata.<\/p>\n<p>Para un aut\u00f3nomo con una peque\u00f1a furgoneta que pasa la noche en casa, un cargador dom\u00e9stico se amortiza r\u00e1pidamente. Para una empresa con una flota de cinco o m\u00e1s veh\u00edculos, disponer de una estaci\u00f3n de recarga propia en las instalaciones de la empresa es casi siempre m\u00e1s rentable que recurrir sistem\u00e1ticamente a las estaciones de recarga p\u00fablicas. El plazo de amortizaci\u00f3n depende del consumo, los costes energ\u00e9ticos y las posibles subvenciones.<\/p>\n<h3>Subvenciones y ventajas fiscales<\/h3>\n<p>En los Pa\u00edses Bajos existen programas que hacen que la adquisici\u00f3n de un punto de recarga resulte econ\u00f3micamente atractiva. La subvenci\u00f3n ISDE (Subvenci\u00f3n a la Inversi\u00f3n en Energ\u00eda Sostenible) se aplica, en algunos casos, a las estaciones de recarga para empresas. Adem\u00e1s, la compra y la instalaci\u00f3n se pueden deducir como gastos de explotaci\u00f3n. Merece la pena que un asesor fiscal o tu socio de leasing lo analice bien de antemano.<\/p>\n<p>Tambi\u00e9n la base imponible para <a href=\"https:\/\/www.vdhurk.nl\/es\/vehiculos-comerciales\/electrico\/\">veh\u00edculos comerciales el\u00e9ctricos<\/a> es inferior al de los veh\u00edculos de combustible f\u00f3sil, lo que repercute positivamente en el coste total de propiedad. Si a eso le sumas la recarga econ\u00f3mica mediante un punto de recarga propio, el argumento comercial a favor de la conducci\u00f3n el\u00e9ctrica resulta r\u00e1pidamente convincente.<\/p>\n<h2>C\u00f3mo te ayudamos a alquilar un veh\u00edculo comercial el\u00e9ctrico<\/h2>\n<p>En Van den Hurk Bedrijfswagens estaremos encantados de ayudarte a encontrar el veh\u00edculo comercial el\u00e9ctrico adecuado, tanto si quieres comprar una furgoneta peque\u00f1a, alquilar una furgoneta de doble cabina como si te est\u00e1s pasando a una flota totalmente el\u00e9ctrica. Entendemos que la cuesti\u00f3n de la recarga supone un obst\u00e1culo para muchos empresarios, por lo que colaboramos activamente contigo para encontrar soluciones pr\u00e1cticas que se adapten a tu situaci\u00f3n.<\/p>\n<p>Qu\u00e9 podemos hacer por usted:<\/p>\n<ul>\n<li>Asesoramiento sobre veh\u00edculos comerciales el\u00e9ctricos adecuados de nuestra <a href=\"https:\/\/www.vdhurk.nl\/es\/vehiculos-comerciales\/\">amplio stock<\/a>, incluidos los veh\u00edculos de gran autonom\u00eda<\/li>\n<li>Informaci\u00f3n sobre los distintos tipos de leasing y las posibilidades que ofrecen en cuanto a soluciones de recarga<\/li>\n<li>Asesoramiento a la hora de elegir entre la compra, el arrendamiento financiero o el arrendamiento operativo<\/li>\n<li>Una consulta personalizada sobre tu perfil de conducci\u00f3n y la estrategia de recarga adecuada<\/li>\n<li>Informaci\u00f3n sobre las ventajas fiscales y las ayudas que podr\u00edan aplicarse<\/li>\n<\/ul>\n<p>\u00bfQuieres saber qu\u00e9 veh\u00edculo comercial el\u00e9ctrico se adapta mejor a tu empresa, incluso sin disponer de un punto de recarga propio? Ponte en contacto con nosotros o p\u00e1sate por Helmond para una charla sin compromiso. Estaremos encantados de ayudarte a encontrar la mejor soluci\u00f3n.<\/p>","protected":false},"excerpt":{"rendered":"<p>\u00bfNo tienes tu propio punto de recarga? Aun as\u00ed, puedes alquilar un veh\u00edculo el\u00e9ctrico: descubre todas las opciones pr\u00e1cticas para empresarios.<\/p>","protected":false},"author":5,"featured_media":577365,"comment_status":"closed","ping_status":"closed","sticky":false,"template":"","format":"standard","meta":{"_acf_changed":false,"footnotes":""},"categories":[1],"tags":[],"class_list":["post-577175","post","type-post","status-publish","format-standard","has-post-thumbnail","hentry","category-seo"],"acf":[],"yoast_head":"<!-- This site is optimized with the Yoast SEO plugin v28.3 - https:\/\/yoast.com\/product\/yoast-seo-wordpress\/ -->\n<title>Kun je een elektrische bedrijfswagen leasen zonder eigen laadpaal? - Van den Hurk Bedrijfswagens<\/title>\n<meta name=\"description\" content=\"Elektrische bedrijfswagen leasen zonder laadpaal? Ontdek praktische laadoplossingen, kosten en slimme leasecontracten voor ondernemers. Lees alles hier.\" \/>\n<meta name=\"robots\" content=\"index, follow, max-snippet:-1, max-image-preview:large, max-video-preview:-1\" \/>\n<link rel=\"canonical\" href=\"https:\/\/www.vdhurk.nl\/es\/se-puede-alquilar-un-vehiculo-electrico-de-empresa-sin-tener-un-punto-de-recarga-propio\/\" \/>\n<meta property=\"og:locale\" content=\"es_ES\" \/>\n<meta property=\"og:type\" content=\"article\" \/>\n<meta property=\"og:title\" content=\"Kun je een elektrische bedrijfswagen leasen zonder eigen laadpaal? - Van den Hurk Bedrijfswagens\" \/>\n<meta property=\"og:description\" content=\"Elektrische bedrijfswagen leasen zonder laadpaal? Ontdek praktische laadoplossingen, kosten en slimme leasecontracten voor ondernemers. Lees alles hier.\" \/>\n<meta property=\"og:url\" content=\"https:\/\/www.vdhurk.nl\/es\/se-puede-alquilar-un-vehiculo-electrico-de-empresa-sin-tener-un-punto-de-recarga-propio\/\" \/>\n<meta property=\"og:site_name\" content=\"Van den Hurk Bedrijfswagens\" \/>\n<meta property=\"article:published_time\" content=\"2026-07-15T06:00:00+00:00\" \/>\n<meta property=\"og:image\" content=\"https:\/\/www.vdhurk.nl\/wp-content\/uploads\/2026\/04\/elektrische-cargo-van-laadpaal-parkeerplaats.webp\" \/>\n\t<meta property=\"og:image:width\" content=\"1024\" \/>\n\t<meta property=\"og:image:height\" content=\"768\" \/>\n\t<meta property=\"og:image:type\" content=\"image\/webp\" \/>\n<meta name=\"author\" content=\"wpseoai\" \/>\n<meta name=\"twitter:card\" content=\"summary_large_image\" \/>\n<meta name=\"twitter:label1\" content=\"Escrito por\" \/>\n\t<meta name=\"twitter:data1\" content=\"wpseoai\" \/>\n\t<meta name=\"twitter:label2\" content=\"Tiempo de lectura\" \/>\n\t<meta name=\"twitter:data2\" content=\"7 minutos\" \/>\n<script type=\"application\/ld+json\" class=\"yoast-schema-graph\">{\"@context\":\"https:\\\/\\\/schema.org\",\"@graph\":[{\"@type\":\"Article\",\"@id\":\"https:\\\/\\\/www.vdhurk.nl\\\/kun-je-een-elektrische-bedrijfswagen-leasen-zonder-eigen-laadpaal\\\/#article\",\"isPartOf\":{\"@id\":\"https:\\\/\\\/www.vdhurk.nl\\\/kun-je-een-elektrische-bedrijfswagen-leasen-zonder-eigen-laadpaal\\\/\"},\"author\":{\"name\":\"wpseoai\",\"@id\":\"https:\\\/\\\/www.vdhurk.nl\\\/#\\\/schema\\\/person\\\/04c44f7c3ccbd41cb14ad36749c8db5f\"},\"headline\":\"Kun je een elektrische bedrijfswagen leasen zonder eigen laadpaal?\",\"datePublished\":\"2026-07-15T06:00:00+00:00\",\"mainEntityOfPage\":{\"@id\":\"https:\\\/\\\/www.vdhurk.nl\\\/kun-je-een-elektrische-bedrijfswagen-leasen-zonder-eigen-laadpaal\\\/\"},\"wordCount\":1319,\"image\":{\"@id\":\"https:\\\/\\\/www.vdhurk.nl\\\/kun-je-een-elektrische-bedrijfswagen-leasen-zonder-eigen-laadpaal\\\/#primaryimage\"},\"thumbnailUrl\":\"https:\\\/\\\/www.vdhurk.nl\\\/wp-content\\\/uploads\\\/2026\\\/04\\\/elektrische-cargo-van-laadpaal-parkeerplaats.webp\",\"articleSection\":[\"SEO\"],\"inLanguage\":\"es\"},{\"@type\":\"WebPage\",\"@id\":\"https:\\\/\\\/www.vdhurk.nl\\\/kun-je-een-elektrische-bedrijfswagen-leasen-zonder-eigen-laadpaal\\\/\",\"url\":\"https:\\\/\\\/www.vdhurk.nl\\\/kun-je-een-elektrische-bedrijfswagen-leasen-zonder-eigen-laadpaal\\\/\",\"name\":\"Kun je een elektrische bedrijfswagen leasen zonder eigen laadpaal? - Van den Hurk Bedrijfswagens\",\"isPartOf\":{\"@id\":\"https:\\\/\\\/www.vdhurk.nl\\\/#website\"},\"primaryImageOfPage\":{\"@id\":\"https:\\\/\\\/www.vdhurk.nl\\\/kun-je-een-elektrische-bedrijfswagen-leasen-zonder-eigen-laadpaal\\\/#primaryimage\"},\"image\":{\"@id\":\"https:\\\/\\\/www.vdhurk.nl\\\/kun-je-een-elektrische-bedrijfswagen-leasen-zonder-eigen-laadpaal\\\/#primaryimage\"},\"thumbnailUrl\":\"https:\\\/\\\/www.vdhurk.nl\\\/wp-content\\\/uploads\\\/2026\\\/04\\\/elektrische-cargo-van-laadpaal-parkeerplaats.webp\",\"datePublished\":\"2026-07-15T06:00:00+00:00\",\"author\":{\"@id\":\"https:\\\/\\\/www.vdhurk.nl\\\/#\\\/schema\\\/person\\\/04c44f7c3ccbd41cb14ad36749c8db5f\"},\"description\":\"Elektrische bedrijfswagen leasen zonder laadpaal? Ontdek praktische laadoplossingen, kosten en slimme leasecontracten voor ondernemers. Lees alles hier.\",\"breadcrumb\":{\"@id\":\"https:\\\/\\\/www.vdhurk.nl\\\/kun-je-een-elektrische-bedrijfswagen-leasen-zonder-eigen-laadpaal\\\/#breadcrumb\"},\"inLanguage\":\"es\",\"potentialAction\":[{\"@type\":\"ReadAction\",\"target\":[\"https:\\\/\\\/www.vdhurk.nl\\\/kun-je-een-elektrische-bedrijfswagen-leasen-zonder-eigen-laadpaal\\\/\"]}]},{\"@type\":\"ImageObject\",\"inLanguage\":\"es\",\"@id\":\"https:\\\/\\\/www.vdhurk.nl\\\/kun-je-een-elektrische-bedrijfswagen-leasen-zonder-eigen-laadpaal\\\/#primaryimage\",\"url\":\"https:\\\/\\\/www.vdhurk.nl\\\/wp-content\\\/uploads\\\/2026\\\/04\\\/elektrische-cargo-van-laadpaal-parkeerplaats.webp\",\"contentUrl\":\"https:\\\/\\\/www.vdhurk.nl\\\/wp-content\\\/uploads\\\/2026\\\/04\\\/elektrische-cargo-van-laadpaal-parkeerplaats.webp\",\"width\":1024,\"height\":768,\"caption\":\"Witte elektrische bestelbus aangesloten op een publiek laadstation in een drukke commerci\u00eble parkeerplaats bij bewolkt daglicht.\"},{\"@type\":\"BreadcrumbList\",\"@id\":\"https:\\\/\\\/www.vdhurk.nl\\\/kun-je-een-elektrische-bedrijfswagen-leasen-zonder-eigen-laadpaal\\\/#breadcrumb\",\"itemListElement\":[{\"@type\":\"ListItem\",\"position\":1,\"name\":\"Home\",\"item\":\"https:\\\/\\\/www.vdhurk.nl\\\/home\\\/\"},{\"@type\":\"ListItem\",\"position\":2,\"name\":\"Kun je een elektrische bedrijfswagen leasen zonder eigen laadpaal?\"}]},{\"@type\":\"WebSite\",\"@id\":\"https:\\\/\\\/www.vdhurk.nl\\\/#website\",\"url\":\"https:\\\/\\\/www.vdhurk.nl\\\/\",\"name\":\"Van den Hurk Bedrijfswagens\",\"description\":\"Van den Hurk bedrijfswagens Helmond\",\"potentialAction\":[{\"@type\":\"SearchAction\",\"target\":{\"@type\":\"EntryPoint\",\"urlTemplate\":\"https:\\\/\\\/www.vdhurk.nl\\\/?s={search_term_string}\"},\"query-input\":{\"@type\":\"PropertyValueSpecification\",\"valueRequired\":true,\"valueName\":\"search_term_string\"}}],\"inLanguage\":\"es\"},{\"@type\":\"Person\",\"@id\":\"https:\\\/\\\/www.vdhurk.nl\\\/#\\\/schema\\\/person\\\/04c44f7c3ccbd41cb14ad36749c8db5f\",\"name\":\"wpseoai\",\"image\":{\"@type\":\"ImageObject\",\"inLanguage\":\"es\",\"@id\":\"https:\\\/\\\/secure.gravatar.com\\\/avatar\\\/51ea6db2c0d04861332fc5a8dff3289a3d5bcfa4493f551d20452ff3f9c5bcbf?s=96&d=mm&r=g\",\"url\":\"https:\\\/\\\/secure.gravatar.com\\\/avatar\\\/51ea6db2c0d04861332fc5a8dff3289a3d5bcfa4493f551d20452ff3f9c5bcbf?s=96&d=mm&r=g\",\"contentUrl\":\"https:\\\/\\\/secure.gravatar.com\\\/avatar\\\/51ea6db2c0d04861332fc5a8dff3289a3d5bcfa4493f551d20452ff3f9c5bcbf?s=96&d=mm&r=g\",\"caption\":\"wpseoai\"},\"url\":\"https:\\\/\\\/www.vdhurk.nl\\\/es\\\/author\\\/wpseoai\\\/\"}]}<\/script>\n<!-- \/ Yoast SEO plugin. -->","yoast_head_json":{"title":"\u00bfSe puede alquilar un veh\u00edculo comercial el\u00e9ctrico sin tener una estaci\u00f3n de recarga propia? - Van den Hurk Veh\u00edculos Comerciales","description":"\u00bfQuieres alquilar un veh\u00edculo comercial el\u00e9ctrico sin punto de recarga? Descubre soluciones pr\u00e1cticas de recarga, costes y contratos de alquiler inteligentes para empresarios. Lee toda la informaci\u00f3n aqu\u00ed.","robots":{"index":"index","follow":"follow","max-snippet":"max-snippet:-1","max-image-preview":"max-image-preview:large","max-video-preview":"max-video-preview:-1"},"canonical":"https:\/\/www.vdhurk.nl\/es\/se-puede-alquilar-un-vehiculo-electrico-de-empresa-sin-tener-un-punto-de-recarga-propio\/","og_locale":"es_ES","og_type":"article","og_title":"Kun je een elektrische bedrijfswagen leasen zonder eigen laadpaal? - Van den Hurk Bedrijfswagens","og_description":"Elektrische bedrijfswagen leasen zonder laadpaal? Ontdek praktische laadoplossingen, kosten en slimme leasecontracten voor ondernemers. Lees alles hier.","og_url":"https:\/\/www.vdhurk.nl\/es\/se-puede-alquilar-un-vehiculo-electrico-de-empresa-sin-tener-un-punto-de-recarga-propio\/","og_site_name":"Van den Hurk Bedrijfswagens","article_published_time":"2026-07-15T06:00:00+00:00","og_image":[{"width":1024,"height":768,"url":"https:\/\/www.vdhurk.nl\/wp-content\/uploads\/2026\/04\/elektrische-cargo-van-laadpaal-parkeerplaats.webp","type":"image\/webp"}],"author":"wpseoai","twitter_card":"summary_large_image","twitter_misc":{"Escrito por":"wpseoai","Tiempo de lectura":"7 minutos"},"schema":{"@context":"https:\/\/schema.org","@graph":[{"@type":"Article","@id":"https:\/\/www.vdhurk.nl\/kun-je-een-elektrische-bedrijfswagen-leasen-zonder-eigen-laadpaal\/#article","isPartOf":{"@id":"https:\/\/www.vdhurk.nl\/kun-je-een-elektrische-bedrijfswagen-leasen-zonder-eigen-laadpaal\/"},"author":{"name":"wpseoai","@id":"https:\/\/www.vdhurk.nl\/#\/schema\/person\/04c44f7c3ccbd41cb14ad36749c8db5f"},"headline":"Kun je een elektrische bedrijfswagen leasen zonder eigen laadpaal?","datePublished":"2026-07-15T06:00:00+00:00","mainEntityOfPage":{"@id":"https:\/\/www.vdhurk.nl\/kun-je-een-elektrische-bedrijfswagen-leasen-zonder-eigen-laadpaal\/"},"wordCount":1319,"image":{"@id":"https:\/\/www.vdhurk.nl\/kun-je-een-elektrische-bedrijfswagen-leasen-zonder-eigen-laadpaal\/#primaryimage"},"thumbnailUrl":"https:\/\/www.vdhurk.nl\/wp-content\/uploads\/2026\/04\/elektrische-cargo-van-laadpaal-parkeerplaats.webp","articleSection":["SEO"],"inLanguage":"es"},{"@type":"WebPage","@id":"https:\/\/www.vdhurk.nl\/kun-je-een-elektrische-bedrijfswagen-leasen-zonder-eigen-laadpaal\/","url":"https:\/\/www.vdhurk.nl\/kun-je-een-elektrische-bedrijfswagen-leasen-zonder-eigen-laadpaal\/","name":"\u00bfSe puede alquilar un veh\u00edculo comercial el\u00e9ctrico sin tener una estaci\u00f3n de recarga propia? - Van den Hurk Veh\u00edculos Comerciales","isPartOf":{"@id":"https:\/\/www.vdhurk.nl\/#website"},"primaryImageOfPage":{"@id":"https:\/\/www.vdhurk.nl\/kun-je-een-elektrische-bedrijfswagen-leasen-zonder-eigen-laadpaal\/#primaryimage"},"image":{"@id":"https:\/\/www.vdhurk.nl\/kun-je-een-elektrische-bedrijfswagen-leasen-zonder-eigen-laadpaal\/#primaryimage"},"thumbnailUrl":"https:\/\/www.vdhurk.nl\/wp-content\/uploads\/2026\/04\/elektrische-cargo-van-laadpaal-parkeerplaats.webp","datePublished":"2026-07-15T06:00:00+00:00","author":{"@id":"https:\/\/www.vdhurk.nl\/#\/schema\/person\/04c44f7c3ccbd41cb14ad36749c8db5f"},"description":"\u00bfQuieres alquilar un veh\u00edculo comercial el\u00e9ctrico sin punto de recarga? Descubre soluciones pr\u00e1cticas de recarga, costes y contratos de alquiler inteligentes para empresarios. Lee toda la informaci\u00f3n aqu\u00ed.","breadcrumb":{"@id":"https:\/\/www.vdhurk.nl\/kun-je-een-elektrische-bedrijfswagen-leasen-zonder-eigen-laadpaal\/#breadcrumb"},"inLanguage":"es","potentialAction":[{"@type":"ReadAction","target":["https:\/\/www.vdhurk.nl\/kun-je-een-elektrische-bedrijfswagen-leasen-zonder-eigen-laadpaal\/"]}]},{"@type":"ImageObject","inLanguage":"es","@id":"https:\/\/www.vdhurk.nl\/kun-je-een-elektrische-bedrijfswagen-leasen-zonder-eigen-laadpaal\/#primaryimage","url":"https:\/\/www.vdhurk.nl\/wp-content\/uploads\/2026\/04\/elektrische-cargo-van-laadpaal-parkeerplaats.webp","contentUrl":"https:\/\/www.vdhurk.nl\/wp-content\/uploads\/2026\/04\/elektrische-cargo-van-laadpaal-parkeerplaats.webp","width":1024,"height":768,"caption":"Witte elektrische bestelbus aangesloten op een publiek laadstation in een drukke commerci\u00eble parkeerplaats bij bewolkt daglicht."},{"@type":"BreadcrumbList","@id":"https:\/\/www.vdhurk.nl\/kun-je-een-elektrische-bedrijfswagen-leasen-zonder-eigen-laadpaal\/#breadcrumb","itemListElement":[{"@type":"ListItem","position":1,"name":"Home","item":"https:\/\/www.vdhurk.nl\/home\/"},{"@type":"ListItem","position":2,"name":"Kun je een elektrische bedrijfswagen leasen zonder eigen laadpaal?"}]},{"@type":"WebSite","@id":"https:\/\/www.vdhurk.nl\/#website","url":"https:\/\/www.vdhurk.nl\/","name":"Veh\u00edculos comerciales Van den Hurk","description":"Van den Hurk veh\u00edculos comerciales Helmond","potentialAction":[{"@type":"SearchAction","target":{"@type":"EntryPoint","urlTemplate":"https:\/\/www.vdhurk.nl\/?s={search_term_string}"},"query-input":{"@type":"PropertyValueSpecification","valueRequired":true,"valueName":"search_term_string"}}],"inLanguage":"es"},{"@type":"Person","@id":"https:\/\/www.vdhurk.nl\/#\/schema\/person\/04c44f7c3ccbd41cb14ad36749c8db5f","name":"wpseoai","image":{"@type":"ImageObject","inLanguage":"es","@id":"https:\/\/secure.gravatar.com\/avatar\/51ea6db2c0d04861332fc5a8dff3289a3d5bcfa4493f551d20452ff3f9c5bcbf?s=96&d=mm&r=g","url":"https:\/\/secure.gravatar.com\/avatar\/51ea6db2c0d04861332fc5a8dff3289a3d5bcfa4493f551d20452ff3f9c5bcbf?s=96&d=mm&r=g","contentUrl":"https:\/\/secure.gravatar.com\/avatar\/51ea6db2c0d04861332fc5a8dff3289a3d5bcfa4493f551d20452ff3f9c5bcbf?s=96&d=mm&r=g","caption":"wpseoai"},"url":"https:\/\/www.vdhurk.nl\/es\/author\/wpseoai\/"}]}},"_links":{"self":[{"href":"https:\/\/www.vdhurk.nl\/es\/wp-json\/wp\/v2\/posts\/577175","targetHints":{"allow":["GET"]}}],"collection":[{"href":"https:\/\/www.vdhurk.nl\/es\/wp-json\/wp\/v2\/posts"}],"about":[{"href":"https:\/\/www.vdhurk.nl\/es\/wp-json\/wp\/v2\/types\/post"}],"author":[{"embeddable":true,"href":"https:\/\/www.vdhurk.nl\/es\/wp-json\/wp\/v2\/users\/5"}],"replies":[{"embeddable":true,"href":"https:\/\/www.vdhurk.nl\/es\/wp-json\/wp\/v2\/comments?post=577175"}],"version-history":[{"count":2,"href":"https:\/\/www.vdhurk.nl\/es\/wp-json\/wp\/v2\/posts\/577175\/revisions"}],"predecessor-version":[{"id":577429,"href":"https:\/\/www.vdhurk.nl\/es\/wp-json\/wp\/v2\/posts\/577175\/revisions\/577429"}],"wp:featuredmedia":[{"embeddable":true,"href":"https:\/\/www.vdhurk.nl\/es\/wp-json\/wp\/v2\/media\/577365"}],"wp:attachment":[{"href":"https:\/\/www.vdhurk.nl\/es\/wp-json\/wp\/v2\/media?parent=577175"}],"wp:term":[{"taxonomy":"category","embeddable":true,"href":"https:\/\/www.vdhurk.nl\/es\/wp-json\/wp\/v2\/categories?post=577175"},{"taxonomy":"post_tag","embeddable":true,"href":"https:\/\/www.vdhurk.nl\/es\/wp-json\/wp\/v2\/tags?post=577175"}],"curies":[{"name":"wp","href":"https:\/\/api.w.org\/{rel}","templated":true}]}}