{"id":541244,"date":"2026-03-12T08:00:00","date_gmt":"2026-03-12T07:00:00","guid":{"rendered":"https:\/\/www.vdhurk.nl\/?p=541244"},"modified":"2025-12-24T15:50:16","modified_gmt":"2025-12-24T14:50:16","slug":"que-vehiculos-industriales-electricos-estan-disponibles-con-carroceria-frigorifica-y-congeladora","status":"publish","type":"post","link":"https:\/\/www.vdhurk.nl\/es\/welke-elektrische-bedrijfswagens-zijn-er-met-koel-en-vriesopbouw\/","title":{"rendered":"\u00bfQu\u00e9 veh\u00edculos comerciales el\u00e9ctricos est\u00e1n disponibles con carrocer\u00eda frigor\u00edfica y congeladora?"},"content":{"rendered":"<p>Varias marcas, como Mercedes-Benz, Iveco, Renault y Ford, ofrecen veh\u00edculos comerciales el\u00e9ctricos con carrocer\u00eda frigor\u00edfica y congeladora. Estos veh\u00edculos combinan la movilidad sin emisiones con zonas de carga refrigeradas para transportar productos frescos, medicamentos y otras mercanc\u00edas sensibles a la temperatura. La elecci\u00f3n depende de sus requisitos de temperatura, gama y presupuesto.<\/p>\n<h2>\u00bfQu\u00e9 marcas fabrican veh\u00edculos comerciales el\u00e9ctricos refrigerados?<\/h2>\n<p>Mercedes-Benz, Iveco, Renault y Ford son los principales proveedores de veh\u00edculos comerciales el\u00e9ctricos refrigerados. Estas marcas ofrecen varios modelos espec\u00edficamente dise\u00f1ados para el transporte a temperatura controlada.<\/p>\n<p><strong>Mercedes-Benz eVito<\/strong> y eSprinter son opciones populares para transportes refrigerados medianos y grandes. La eVito ofrece un espacio de carga de hasta 6,6 metros c\u00fabicos, mientras que la eSprinter es adecuada para vol\u00famenes mayores, de hasta 11 metros c\u00fabicos. Ambos modelos pueden equiparse con sistemas de refrigeraci\u00f3n profesionales.<\/p>\n<p>La Iveco Daily Electric es un fuerte competidor gracias a su robusto chasis y sus flexibles opciones de carrocer\u00eda. Conocido por su fiabilidad en el uso comercial, este modelo puede combinarse con diferentes sistemas de refrigeraci\u00f3n, en funci\u00f3n de sus necesidades espec\u00edficas.<\/p>\n<p>El Renault Master E-Tech El\u00e9ctrico y el Ford E-Transit completan la gama con sus propias caracter\u00edsticas \u00fanicas. El Renault Master ofrece una excelente maniobrabilidad en entornos urbanos, mientras que el Ford E-Transit destaca por sus avanzadas opciones de conectividad y su espacio de carga de f\u00e1cil manejo.<\/p>\n<h2>\u00bfCu\u00e1l es la diferencia entre un cami\u00f3n frigor\u00edfico el\u00e9ctrico y un cami\u00f3n congelador?<\/h2>\n<p>La principal diferencia radica en los rangos de temperatura y el consumo de energ\u00eda. Los carros refrigerados mantienen temperaturas entre 0\u00b0C y 8\u00b0C, mientras que los carros congeladores almacenan productos entre -18\u00b0C y -25\u00b0C. Los carros congeladores consumen mucha m\u00e1s energ\u00eda debido a la mayor diferencia de temperatura.<\/p>\n<p>Los carros refrigerados son ideales para productos frescos como verduras, frutas, l\u00e1cteos y medicamentos que necesitan mantenerse frescos. Consumen relativamente poca energ\u00eda extra porque la diferencia de temperatura con el exterior es limitada. Esto los hace adecuados para viajes m\u00e1s largos sin un gran impacto en la autonom\u00eda.<\/p>\n<p><strong>Camiones frigor\u00edficos<\/strong> en cambio, son necesarios para alimentos congelados, helados y determinados medicamentos. El consumo de energ\u00eda es 40-60% superior al de los camiones frigor\u00edficos, ya que el sistema de refrigeraci\u00f3n tiene que trabajar m\u00e1s. Esto afecta notablemente a la distancia de conducci\u00f3n, sobre todo con temperaturas exteriores c\u00e1lidas.<\/p>\n<p>El aislamiento tambi\u00e9n difiere entre los dos tipos. Los camiones congeladores tienen paneles aislantes m\u00e1s gruesos y un mejor sellado para minimizar la p\u00e9rdida de calor. Por eso son m\u00e1s pesados que los frigor\u00edficos, lo que afecta a la capacidad de carga y al consumo de energ\u00eda durante la conducci\u00f3n.<\/p>\n<h2>\u00bfCu\u00e1ntos kil\u00f3metros puede recorrer un cami\u00f3n frigor\u00edfico el\u00e9ctrico?<\/h2>\n<p>La autonom\u00eda de las carretillas frigor\u00edficas el\u00e9ctricas oscila entre 150 y 300 kil\u00f3metros, dependiendo del modelo, la capacidad de la bater\u00eda y el sistema de refrigeraci\u00f3n. Los camiones frigor\u00edficos suelen alcanzar los 80-90% de la autonom\u00eda est\u00e1ndar, mientras que los camiones congeladores alcanzan los 60-70% debido a su mayor consumo de energ\u00eda.<\/p>\n<p>Varios factores influyen significativamente en la autonom\u00eda. La direcci\u00f3n <strong>temperatura exterior<\/strong> juega un papel importante: en los d\u00edas calurosos de verano, el sistema de refrigeraci\u00f3n tiene que trabajar m\u00e1s, lo que acorta la autonom\u00eda. El estilo de conducci\u00f3n y el terreno tambi\u00e9n son importantes: muchas paradas y el tr\u00e1fico urbano consumen m\u00e1s energ\u00eda que las velocidades constantes en autopista.<\/p>\n<p>Puedes optimizar la autonom\u00eda mediante una planificaci\u00f3n inteligente. Enfriar previamente la zona de carga mientras se carga ahorra energ\u00eda en la carretera. La planificaci\u00f3n eficiente de la ruta con paradas m\u00ednimas tambi\u00e9n ayuda, al igual que evitar la apertura innecesaria de las puertas de carga.<\/p>\n<p>Los sistemas modernos suelen ofrecer dos bater\u00edas separadas: una para la propulsi\u00f3n y otra para la refrigeraci\u00f3n. As\u00ed se evita quedarse tirado con una bater\u00eda de refrigeraci\u00f3n vac\u00eda y se controla mejor la distribuci\u00f3n de la energ\u00eda durante el viaje.<\/p>\n<h2>\u00bfCu\u00e1nto cuesta un veh\u00edculo comercial el\u00e9ctrico refrigerado?<\/h2>\n<p>Los nuevos veh\u00edculos comerciales el\u00e9ctricos con sistema de refrigeraci\u00f3n cuestan entre 60.000 y 90.000 euros, seg\u00fan el tama\u00f1o y las especificaciones. Son 20-30% m\u00e1s caros que los modelos di\u00e9sel comparables, pero las subvenciones y exenciones fiscales reducen la diferencia.<\/p>\n<p>El coste total de propiedad suele ser m\u00e1s favorable que el de las alternativas di\u00e9sel. <strong>Menores costes de mantenimiento<\/strong>, La ausencia de costes de combustible y las ventajas fiscales compensan el mayor precio de compra. Los coches el\u00e9ctricos de empresa son totalmente deducibles del IVA y no tienen ninguna carga fiscal adicional por su uso empresarial.<\/p>\n<p>El leasing es una opci\u00f3n de financiaci\u00f3n muy popular, con importes mensuales de entre 800 y 1.200 euros por una furgoneta frigor\u00edfica el\u00e9ctrica totalmente equipada. A menudo incluye el mantenimiento, el seguro y la garant\u00eda, lo que proporciona seguridad presupuestaria.<\/p>\n<p>Varios reg\u00edmenes de subvenci\u00f3n apoyan la compra. La subvenci\u00f3n SEBA (R\u00e9gimen de Subvenciones para Veh\u00edculos de Empresa Libres de Emisiones) puede aportar hasta 5.000 euros para veh\u00edculos de empresa el\u00e9ctricos. Los planes regionales tambi\u00e9n ofrecen a veces ayudas adicionales a la movilidad empresarial sostenible.<\/p>\n<h2>C\u00f3mo ayuda Van den Hurk con los veh\u00edculos industriales el\u00e9ctricos<\/h2>\n<p>Le ayudamos a pasarse a la movilidad el\u00e9ctrica de empresa con asesoramiento personalizado y una amplia gama de productos. Combinamos nuestra experiencia de m\u00e1s de 60 a\u00f1os en veh\u00edculos comerciales con el conocimiento de los \u00faltimos avances el\u00e9ctricos y la tecnolog\u00eda de refrigeraci\u00f3n.<\/p>\n<p>Nuestros servicios incluyen:<\/p>\n<ul>\n<li>Asesoramiento personal sobre el veh\u00edculo comercial el\u00e9ctrico adecuado para sus necesidades de transporte frigor\u00edfico<\/li>\n<li>Resumen de modelos disponibles con sistemas de refrigeraci\u00f3n en nuestro almac\u00e9n<\/li>\n<li>Opciones flexibles de leasing y financiaci\u00f3n, adaptadas a la situaci\u00f3n de su empresa<\/li>\n<li>Apoyo en la solicitud de subvenciones y optimizaci\u00f3n fiscal<\/li>\n<li>Asistencia y mantenimiento para una movilidad empresarial sin preocupaciones<\/li>\n<\/ul>\n<p>Comprendemos que cada empresario tiene necesidades diferentes en materia de transporte frigor\u00edfico. Por eso nos tomamos el tiempo necesario para analizar sus necesidades espec\u00edficas y encontrar la mejor soluci\u00f3n. Desde peque\u00f1os camiones frigor\u00edficos para reparto local hasta grandes camiones congeladores para distribuci\u00f3n regional, tenemos la experiencia y el stock para ayudarle.<\/p>\n<p>Descubra nuestra gama completa <a href=\"https:\/\/www.vdhurk.nl\/es\/vehiculos-comerciales\/electrico\/\">veh\u00edculos comerciales el\u00e9ctricos<\/a> y descubra c\u00f3mo preparamos su negocio para el futuro con soluciones de movilidad sostenible. P\u00f3ngase en contacto con nosotros para una consulta sin compromiso sobre veh\u00edculos frigor\u00edficos el\u00e9ctricos.<\/p>","protected":false},"excerpt":{"rendered":"<p>Descubra las furgonetas frigor\u00edficas el\u00e9ctricas de Mercedes, Iveco, Renault y Ford. Autonom\u00eda de hasta 300 km, precio a partir de 60.000 euros.<\/p>","protected":false},"author":5,"featured_media":541411,"comment_status":"closed","ping_status":"closed","sticky":false,"template":"","format":"standard","meta":{"_acf_changed":false,"_improvement_type_select":"improve_an_existing","_thumb_yes_seoaic":false,"_frame_yes_seoaic":false,"seoaic_generate_description":"","seoaic_improve_instructions_prompt":"","seoaic_rollback_content_improvement":"","seoaic_idea_thumbnail_generator":"","thumbnail_generated":false,"thumbnail_generate_prompt":"","seoaic_article_description":"","seoaic_article_subtitles":[],"footnotes":""},"categories":[1],"tags":[],"class_list":["post-541244","post","type-post","status-publish","format-standard","has-post-thumbnail","hentry","category-seo"],"acf":[],"yoast_head":"<!-- This site is optimized with the Yoast SEO plugin v27.5 - https:\/\/yoast.com\/product\/yoast-seo-wordpress\/ -->\n<title>Welke elektrische bedrijfswagens zijn er met koel- en vriesopbouw? - Van den Hurk Bedrijfswagens<\/title>\n<meta name=\"description\" content=\"Elektrische bedrijfswagens met koel- en vriesopbouw van Mercedes, Iveco, Renault en Ford. Actieradius 150-300km, vanaf \u20ac60.000. Subsidies beschikbaar!\" \/>\n<meta name=\"robots\" content=\"index, follow, max-snippet:-1, max-image-preview:large, max-video-preview:-1\" \/>\n<link rel=\"canonical\" href=\"https:\/\/www.vdhurk.nl\/es\/que-vehiculos-industriales-electricos-estan-disponibles-con-carroceria-frigorifica-y-congeladora\/\" \/>\n<meta property=\"og:locale\" content=\"es_ES\" \/>\n<meta property=\"og:type\" content=\"article\" \/>\n<meta property=\"og:title\" content=\"Welke elektrische bedrijfswagens zijn er met koel- en vriesopbouw? - Van den Hurk Bedrijfswagens\" \/>\n<meta property=\"og:description\" content=\"Elektrische bedrijfswagens met koel- en vriesopbouw van Mercedes, Iveco, Renault en Ford. Actieradius 150-300km, vanaf \u20ac60.000. Subsidies beschikbaar!\" \/>\n<meta property=\"og:url\" content=\"https:\/\/www.vdhurk.nl\/es\/que-vehiculos-industriales-electricos-estan-disponibles-con-carroceria-frigorifica-y-congeladora\/\" \/>\n<meta property=\"og:site_name\" content=\"Van den Hurk Bedrijfswagens\" \/>\n<meta property=\"article:published_time\" content=\"2026-03-12T07:00:00+00:00\" \/>\n<meta property=\"og:image\" content=\"https:\/\/www.vdhurk.nl\/wp-content\/uploads\/2025\/12\/elektrische-koelwagen-commercieel-laadruimte.webp\" \/>\n\t<meta property=\"og:image:width\" content=\"1024\" \/>\n\t<meta property=\"og:image:height\" content=\"768\" \/>\n\t<meta property=\"og:image:type\" content=\"image\/webp\" \/>\n<meta name=\"author\" content=\"wpseoai\" \/>\n<meta name=\"twitter:card\" content=\"summary_large_image\" \/>\n<meta name=\"twitter:label1\" content=\"Escrito por\" \/>\n\t<meta name=\"twitter:data1\" content=\"wpseoai\" \/>\n\t<meta name=\"twitter:label2\" content=\"Tiempo de lectura\" \/>\n\t<meta name=\"twitter:data2\" content=\"4 minutos\" \/>\n<script type=\"application\/ld+json\" class=\"yoast-schema-graph\">{\"@context\":\"https:\\\/\\\/schema.org\",\"@graph\":[{\"@type\":\"Article\",\"@id\":\"https:\\\/\\\/www.vdhurk.nl\\\/welke-elektrische-bedrijfswagens-zijn-er-met-koel-en-vriesopbouw\\\/#article\",\"isPartOf\":{\"@id\":\"https:\\\/\\\/www.vdhurk.nl\\\/welke-elektrische-bedrijfswagens-zijn-er-met-koel-en-vriesopbouw\\\/\"},\"author\":{\"name\":\"wpseoai\",\"@id\":\"https:\\\/\\\/www.vdhurk.nl\\\/#\\\/schema\\\/person\\\/04c44f7c3ccbd41cb14ad36749c8db5f\"},\"headline\":\"Welke elektrische bedrijfswagens zijn er met koel- en vriesopbouw?\",\"datePublished\":\"2026-03-12T07:00:00+00:00\",\"mainEntityOfPage\":{\"@id\":\"https:\\\/\\\/www.vdhurk.nl\\\/welke-elektrische-bedrijfswagens-zijn-er-met-koel-en-vriesopbouw\\\/\"},\"wordCount\":809,\"image\":{\"@id\":\"https:\\\/\\\/www.vdhurk.nl\\\/welke-elektrische-bedrijfswagens-zijn-er-met-koel-en-vriesopbouw\\\/#primaryimage\"},\"thumbnailUrl\":\"https:\\\/\\\/www.vdhurk.nl\\\/wp-content\\\/uploads\\\/2025\\\/12\\\/elektrische-koelwagen-commercieel-laadruimte.webp\",\"articleSection\":[\"SEO\"],\"inLanguage\":\"es\"},{\"@type\":\"WebPage\",\"@id\":\"https:\\\/\\\/www.vdhurk.nl\\\/welke-elektrische-bedrijfswagens-zijn-er-met-koel-en-vriesopbouw\\\/\",\"url\":\"https:\\\/\\\/www.vdhurk.nl\\\/welke-elektrische-bedrijfswagens-zijn-er-met-koel-en-vriesopbouw\\\/\",\"name\":\"Welke elektrische bedrijfswagens zijn er met koel- en vriesopbouw? - Van den Hurk Bedrijfswagens\",\"isPartOf\":{\"@id\":\"https:\\\/\\\/www.vdhurk.nl\\\/#website\"},\"primaryImageOfPage\":{\"@id\":\"https:\\\/\\\/www.vdhurk.nl\\\/welke-elektrische-bedrijfswagens-zijn-er-met-koel-en-vriesopbouw\\\/#primaryimage\"},\"image\":{\"@id\":\"https:\\\/\\\/www.vdhurk.nl\\\/welke-elektrische-bedrijfswagens-zijn-er-met-koel-en-vriesopbouw\\\/#primaryimage\"},\"thumbnailUrl\":\"https:\\\/\\\/www.vdhurk.nl\\\/wp-content\\\/uploads\\\/2025\\\/12\\\/elektrische-koelwagen-commercieel-laadruimte.webp\",\"datePublished\":\"2026-03-12T07:00:00+00:00\",\"author\":{\"@id\":\"https:\\\/\\\/www.vdhurk.nl\\\/#\\\/schema\\\/person\\\/04c44f7c3ccbd41cb14ad36749c8db5f\"},\"description\":\"Elektrische bedrijfswagens met koel- en vriesopbouw van Mercedes, Iveco, Renault en Ford. Actieradius 150-300km, vanaf \u20ac60.000. Subsidies beschikbaar!\",\"breadcrumb\":{\"@id\":\"https:\\\/\\\/www.vdhurk.nl\\\/welke-elektrische-bedrijfswagens-zijn-er-met-koel-en-vriesopbouw\\\/#breadcrumb\"},\"inLanguage\":\"es\",\"potentialAction\":[{\"@type\":\"ReadAction\",\"target\":[\"https:\\\/\\\/www.vdhurk.nl\\\/welke-elektrische-bedrijfswagens-zijn-er-met-koel-en-vriesopbouw\\\/\"]}]},{\"@type\":\"ImageObject\",\"inLanguage\":\"es\",\"@id\":\"https:\\\/\\\/www.vdhurk.nl\\\/welke-elektrische-bedrijfswagens-zijn-er-met-koel-en-vriesopbouw\\\/#primaryimage\",\"url\":\"https:\\\/\\\/www.vdhurk.nl\\\/wp-content\\\/uploads\\\/2025\\\/12\\\/elektrische-koelwagen-commercieel-laadruimte.webp\",\"contentUrl\":\"https:\\\/\\\/www.vdhurk.nl\\\/wp-content\\\/uploads\\\/2025\\\/12\\\/elektrische-koelwagen-commercieel-laadruimte.webp\",\"width\":1024,\"height\":768,\"caption\":\"Elektrische koelwagen met open deuren toont roestvrijstalen koelruimte met temperatuurmeters in magazijn laadperron\"},{\"@type\":\"BreadcrumbList\",\"@id\":\"https:\\\/\\\/www.vdhurk.nl\\\/welke-elektrische-bedrijfswagens-zijn-er-met-koel-en-vriesopbouw\\\/#breadcrumb\",\"itemListElement\":[{\"@type\":\"ListItem\",\"position\":1,\"name\":\"Home\",\"item\":\"https:\\\/\\\/www.vdhurk.nl\\\/home\\\/\"},{\"@type\":\"ListItem\",\"position\":2,\"name\":\"Welke elektrische bedrijfswagens zijn er met koel- en vriesopbouw?\"}]},{\"@type\":\"WebSite\",\"@id\":\"https:\\\/\\\/www.vdhurk.nl\\\/#website\",\"url\":\"https:\\\/\\\/www.vdhurk.nl\\\/\",\"name\":\"Van den Hurk Bedrijfswagens\",\"description\":\"Van den Hurk bedrijfswagens Helmond\",\"potentialAction\":[{\"@type\":\"SearchAction\",\"target\":{\"@type\":\"EntryPoint\",\"urlTemplate\":\"https:\\\/\\\/www.vdhurk.nl\\\/?s={search_term_string}\"},\"query-input\":{\"@type\":\"PropertyValueSpecification\",\"valueRequired\":true,\"valueName\":\"search_term_string\"}}],\"inLanguage\":\"es\"},{\"@type\":\"Person\",\"@id\":\"https:\\\/\\\/www.vdhurk.nl\\\/#\\\/schema\\\/person\\\/04c44f7c3ccbd41cb14ad36749c8db5f\",\"name\":\"wpseoai\",\"image\":{\"@type\":\"ImageObject\",\"inLanguage\":\"es\",\"@id\":\"https:\\\/\\\/secure.gravatar.com\\\/avatar\\\/51ea6db2c0d04861332fc5a8dff3289a3d5bcfa4493f551d20452ff3f9c5bcbf?s=96&d=mm&r=g\",\"url\":\"https:\\\/\\\/secure.gravatar.com\\\/avatar\\\/51ea6db2c0d04861332fc5a8dff3289a3d5bcfa4493f551d20452ff3f9c5bcbf?s=96&d=mm&r=g\",\"contentUrl\":\"https:\\\/\\\/secure.gravatar.com\\\/avatar\\\/51ea6db2c0d04861332fc5a8dff3289a3d5bcfa4493f551d20452ff3f9c5bcbf?s=96&d=mm&r=g\",\"caption\":\"wpseoai\"},\"url\":\"https:\\\/\\\/www.vdhurk.nl\\\/es\\\/author\\\/wpseoai\\\/\"}]}<\/script>\n<!-- \/ Yoast SEO plugin. -->","yoast_head_json":{"title":"\u00bfQu\u00e9 veh\u00edculos industriales el\u00e9ctricos est\u00e1n disponibles con carrocer\u00eda frigor\u00edfica y congeladora? - Veh\u00edculos comerciales Van den Hurk","description":"Veh\u00edculos comerciales el\u00e9ctricos con carrocer\u00eda frigor\u00edfica y congeladora de Mercedes, Iveco, Renault y Ford. Autonom\u00eda de 150 a 300 km, a partir de 60.000 euros. Subvenciones disponibles.","robots":{"index":"index","follow":"follow","max-snippet":"max-snippet:-1","max-image-preview":"max-image-preview:large","max-video-preview":"max-video-preview:-1"},"canonical":"https:\/\/www.vdhurk.nl\/es\/que-vehiculos-industriales-electricos-estan-disponibles-con-carroceria-frigorifica-y-congeladora\/","og_locale":"es_ES","og_type":"article","og_title":"Welke elektrische bedrijfswagens zijn er met koel- en vriesopbouw? - Van den Hurk Bedrijfswagens","og_description":"Elektrische bedrijfswagens met koel- en vriesopbouw van Mercedes, Iveco, Renault en Ford. Actieradius 150-300km, vanaf \u20ac60.000. Subsidies beschikbaar!","og_url":"https:\/\/www.vdhurk.nl\/es\/que-vehiculos-industriales-electricos-estan-disponibles-con-carroceria-frigorifica-y-congeladora\/","og_site_name":"Van den Hurk Bedrijfswagens","article_published_time":"2026-03-12T07:00:00+00:00","og_image":[{"width":1024,"height":768,"url":"https:\/\/www.vdhurk.nl\/wp-content\/uploads\/2025\/12\/elektrische-koelwagen-commercieel-laadruimte.webp","type":"image\/webp"}],"author":"wpseoai","twitter_card":"summary_large_image","twitter_misc":{"Escrito por":"wpseoai","Tiempo de lectura":"4 minutos"},"schema":{"@context":"https:\/\/schema.org","@graph":[{"@type":"Article","@id":"https:\/\/www.vdhurk.nl\/welke-elektrische-bedrijfswagens-zijn-er-met-koel-en-vriesopbouw\/#article","isPartOf":{"@id":"https:\/\/www.vdhurk.nl\/welke-elektrische-bedrijfswagens-zijn-er-met-koel-en-vriesopbouw\/"},"author":{"name":"wpseoai","@id":"https:\/\/www.vdhurk.nl\/#\/schema\/person\/04c44f7c3ccbd41cb14ad36749c8db5f"},"headline":"Welke elektrische bedrijfswagens zijn er met koel- en vriesopbouw?","datePublished":"2026-03-12T07:00:00+00:00","mainEntityOfPage":{"@id":"https:\/\/www.vdhurk.nl\/welke-elektrische-bedrijfswagens-zijn-er-met-koel-en-vriesopbouw\/"},"wordCount":809,"image":{"@id":"https:\/\/www.vdhurk.nl\/welke-elektrische-bedrijfswagens-zijn-er-met-koel-en-vriesopbouw\/#primaryimage"},"thumbnailUrl":"https:\/\/www.vdhurk.nl\/wp-content\/uploads\/2025\/12\/elektrische-koelwagen-commercieel-laadruimte.webp","articleSection":["SEO"],"inLanguage":"es"},{"@type":"WebPage","@id":"https:\/\/www.vdhurk.nl\/welke-elektrische-bedrijfswagens-zijn-er-met-koel-en-vriesopbouw\/","url":"https:\/\/www.vdhurk.nl\/welke-elektrische-bedrijfswagens-zijn-er-met-koel-en-vriesopbouw\/","name":"\u00bfQu\u00e9 veh\u00edculos industriales el\u00e9ctricos est\u00e1n disponibles con carrocer\u00eda frigor\u00edfica y congeladora? - Veh\u00edculos comerciales Van den Hurk","isPartOf":{"@id":"https:\/\/www.vdhurk.nl\/#website"},"primaryImageOfPage":{"@id":"https:\/\/www.vdhurk.nl\/welke-elektrische-bedrijfswagens-zijn-er-met-koel-en-vriesopbouw\/#primaryimage"},"image":{"@id":"https:\/\/www.vdhurk.nl\/welke-elektrische-bedrijfswagens-zijn-er-met-koel-en-vriesopbouw\/#primaryimage"},"thumbnailUrl":"https:\/\/www.vdhurk.nl\/wp-content\/uploads\/2025\/12\/elektrische-koelwagen-commercieel-laadruimte.webp","datePublished":"2026-03-12T07:00:00+00:00","author":{"@id":"https:\/\/www.vdhurk.nl\/#\/schema\/person\/04c44f7c3ccbd41cb14ad36749c8db5f"},"description":"Veh\u00edculos comerciales el\u00e9ctricos con carrocer\u00eda frigor\u00edfica y congeladora de Mercedes, Iveco, Renault y Ford. Autonom\u00eda de 150 a 300 km, a partir de 60.000 euros. Subvenciones disponibles.","breadcrumb":{"@id":"https:\/\/www.vdhurk.nl\/welke-elektrische-bedrijfswagens-zijn-er-met-koel-en-vriesopbouw\/#breadcrumb"},"inLanguage":"es","potentialAction":[{"@type":"ReadAction","target":["https:\/\/www.vdhurk.nl\/welke-elektrische-bedrijfswagens-zijn-er-met-koel-en-vriesopbouw\/"]}]},{"@type":"ImageObject","inLanguage":"es","@id":"https:\/\/www.vdhurk.nl\/welke-elektrische-bedrijfswagens-zijn-er-met-koel-en-vriesopbouw\/#primaryimage","url":"https:\/\/www.vdhurk.nl\/wp-content\/uploads\/2025\/12\/elektrische-koelwagen-commercieel-laadruimte.webp","contentUrl":"https:\/\/www.vdhurk.nl\/wp-content\/uploads\/2025\/12\/elektrische-koelwagen-commercieel-laadruimte.webp","width":1024,"height":768,"caption":"Elektrische koelwagen met open deuren toont roestvrijstalen koelruimte met temperatuurmeters in magazijn laadperron"},{"@type":"BreadcrumbList","@id":"https:\/\/www.vdhurk.nl\/welke-elektrische-bedrijfswagens-zijn-er-met-koel-en-vriesopbouw\/#breadcrumb","itemListElement":[{"@type":"ListItem","position":1,"name":"Home","item":"https:\/\/www.vdhurk.nl\/home\/"},{"@type":"ListItem","position":2,"name":"Welke elektrische bedrijfswagens zijn er met koel- en vriesopbouw?"}]},{"@type":"WebSite","@id":"https:\/\/www.vdhurk.nl\/#website","url":"https:\/\/www.vdhurk.nl\/","name":"Veh\u00edculos comerciales Van den Hurk","description":"Van den Hurk veh\u00edculos comerciales Helmond","potentialAction":[{"@type":"SearchAction","target":{"@type":"EntryPoint","urlTemplate":"https:\/\/www.vdhurk.nl\/?s={search_term_string}"},"query-input":{"@type":"PropertyValueSpecification","valueRequired":true,"valueName":"search_term_string"}}],"inLanguage":"es"},{"@type":"Person","@id":"https:\/\/www.vdhurk.nl\/#\/schema\/person\/04c44f7c3ccbd41cb14ad36749c8db5f","name":"wpseoai","image":{"@type":"ImageObject","inLanguage":"es","@id":"https:\/\/secure.gravatar.com\/avatar\/51ea6db2c0d04861332fc5a8dff3289a3d5bcfa4493f551d20452ff3f9c5bcbf?s=96&d=mm&r=g","url":"https:\/\/secure.gravatar.com\/avatar\/51ea6db2c0d04861332fc5a8dff3289a3d5bcfa4493f551d20452ff3f9c5bcbf?s=96&d=mm&r=g","contentUrl":"https:\/\/secure.gravatar.com\/avatar\/51ea6db2c0d04861332fc5a8dff3289a3d5bcfa4493f551d20452ff3f9c5bcbf?s=96&d=mm&r=g","caption":"wpseoai"},"url":"https:\/\/www.vdhurk.nl\/es\/author\/wpseoai\/"}]}},"_links":{"self":[{"href":"https:\/\/www.vdhurk.nl\/es\/wp-json\/wp\/v2\/posts\/541244","targetHints":{"allow":["GET"]}}],"collection":[{"href":"https:\/\/www.vdhurk.nl\/es\/wp-json\/wp\/v2\/posts"}],"about":[{"href":"https:\/\/www.vdhurk.nl\/es\/wp-json\/wp\/v2\/types\/post"}],"author":[{"embeddable":true,"href":"https:\/\/www.vdhurk.nl\/es\/wp-json\/wp\/v2\/users\/5"}],"replies":[{"embeddable":true,"href":"https:\/\/www.vdhurk.nl\/es\/wp-json\/wp\/v2\/comments?post=541244"}],"version-history":[{"count":1,"href":"https:\/\/www.vdhurk.nl\/es\/wp-json\/wp\/v2\/posts\/541244\/revisions"}],"predecessor-version":[{"id":541342,"href":"https:\/\/www.vdhurk.nl\/es\/wp-json\/wp\/v2\/posts\/541244\/revisions\/541342"}],"wp:featuredmedia":[{"embeddable":true,"href":"https:\/\/www.vdhurk.nl\/es\/wp-json\/wp\/v2\/media\/541411"}],"wp:attachment":[{"href":"https:\/\/www.vdhurk.nl\/es\/wp-json\/wp\/v2\/media?parent=541244"}],"wp:term":[{"taxonomy":"category","embeddable":true,"href":"https:\/\/www.vdhurk.nl\/es\/wp-json\/wp\/v2\/categories?post=541244"},{"taxonomy":"post_tag","embeddable":true,"href":"https:\/\/www.vdhurk.nl\/es\/wp-json\/wp\/v2\/tags?post=541244"}],"curies":[{"name":"wp","href":"https:\/\/api.w.org\/{rel}","templated":true}]}}