{"id":541225,"date":"2026-03-11T08:00:00","date_gmt":"2026-03-11T07:00:00","guid":{"rendered":"https:\/\/www.vdhurk.nl\/?p=541225"},"modified":"2025-12-24T15:50:18","modified_gmt":"2025-12-24T14:50:18","slug":"como-evitar-problemas-con-los-vehiculos-industriales-electricos-en-invierno","status":"publish","type":"post","link":"https:\/\/www.vdhurk.nl\/es\/hoe-voorkom-je-problemen-met-elektrische-bedrijfswagens-in-de-winter\/","title":{"rendered":"\u00bfC\u00f3mo evitar problemas con los veh\u00edculos comerciales el\u00e9ctricos en invierno?"},"content":{"rendered":"<p>Los veh\u00edculos comerciales el\u00e9ctricos pierden hasta 30% de autonom\u00eda en invierno debido a que las bajas temperaturas afectan al rendimiento de las bater\u00edas. Evite los problemas invernales precalentando su veh\u00edculo mientras est\u00e1 en el cargador, aparc\u00e1ndolo en interiores siempre que sea posible y aplicando estrategias de carga inteligentes. El mantenimiento regular de los neum\u00e1ticos, los sistemas de calefacci\u00f3n y los componentes el\u00e9ctricos ayudar\u00e1 a su veh\u00edculo comercial a superar los meses fr\u00edos con fiabilidad.<\/p>\n<h2>\u00bfPor qu\u00e9 los veh\u00edculos comerciales el\u00e9ctricos pierden autonom\u00eda en invierno?<\/h2>\n<p>Los veh\u00edculos comerciales el\u00e9ctricos pierden autonom\u00eda en invierno porque <strong>las bajas temperaturas ralentizan los procesos qu\u00edmicos de las bater\u00edas de iones de litio<\/strong>. A temperaturas inferiores a cero grados, la autonom\u00eda puede disminuir en 20-30% en comparaci\u00f3n con las condiciones de verano. Las celdas de la bater\u00eda funcionan de forma menos eficiente, por lo que pueden proporcionar menos energ\u00eda al motor.<\/p>\n<p>Adem\u00e1s del rendimiento de la bater\u00eda, el consumo de energ\u00eda para la calefacci\u00f3n desempe\u00f1a un papel importante. Su veh\u00edculo comercial utiliza energ\u00eda adicional para mantener la cabina caliente, el parabrisas sin hielo y la propia bater\u00eda caliente. Todo ello a expensas de la autonom\u00eda.<\/p>\n<p>La mayor resistencia a la rodadura de los neum\u00e1ticos fr\u00edos y el aire m\u00e1s espeso a bajas temperaturas tambi\u00e9n provocan un consumo adicional de energ\u00eda. Si realizas con regularidad viajes cortos en los que la bater\u00eda no tiene oportunidad de calentarse, este efecto se acent\u00faa a\u00fan m\u00e1s.<\/p>\n<h2>\u00bfC\u00f3mo asegurarse de que su veh\u00edculo el\u00e9ctrico arranca correctamente en fr\u00edo?<\/h2>\n<p><strong>Precalentamiento mientras el veh\u00edculo est\u00e1 en el cargador<\/strong> es la mejor manera de evitar problemas de arranque en fr\u00edo. Utiliza la aplicaci\u00f3n de tu veh\u00edculo comercial para calentar la cabina y la bater\u00eda antes de salir. Esto no consume energ\u00eda de la propia bater\u00eda, ya que la energ\u00eda procede directamente del punto de carga.<\/p>\n<p>Siempre que sea posible, aparque el veh\u00edculo el\u00e9ctrico en el interior. Un garaje o una zona de aparcamiento cubierta protegen de las temperaturas extremas y mantienen la bater\u00eda m\u00e1s caliente. Esto puede mejorar la autonom\u00eda con 10-15% en comparaci\u00f3n con el estacionamiento al aire libre.<\/p>\n<p>Planifique bien los tiempos de carga. Cargue su veh\u00edculo justo antes de salir para que la bater\u00eda a\u00fan est\u00e9 caliente tras el proceso de carga. Una bater\u00eda caliente proporciona m\u00e1s potencia y garantiza un mejor rendimiento durante los primeros kil\u00f3metros del viaje.<\/p>\n<h2>\u00bfQu\u00e9 consejos de mantenimiento ayudar\u00e1n a tu veh\u00edculo el\u00e9ctrico a pasar el invierno?<\/h2>\n<p>Compruebe mensualmente la presi\u00f3n de los neum\u00e1ticos porque <strong>aire fr\u00edo la presi\u00f3n en 1-2 psi por cada 10 grados de descenso de la temperatura<\/strong> reduce. Unos neum\u00e1ticos correctamente inflados reducen la resistencia a la rodadura y ayudan a mantener la autonom\u00eda. Considera los neum\u00e1ticos de invierno para mejorar el agarre y la seguridad en carreteras resbaladizas.<\/p>\n<p>Compruebe peri\u00f3dicamente su sistema de calefacci\u00f3n para asegurarse de que funciona correctamente. Una calefacci\u00f3n defectuosa no s\u00f3lo causa molestias, sino que tambi\u00e9n puede empa\u00f1ar los cristales y reducir la seguridad. Cambia los filtros del habit\u00e1culo a tiempo para mantener un flujo de aire \u00f3ptimo.<\/p>\n<p>Mantenga limpios y secos los contactos el\u00e9ctricos y los puertos de carga. La humedad y la sal de la carretera pueden causar corrosi\u00f3n en componentes el\u00e9ctricos importantes. Comprueba tambi\u00e9n las juntas de goma alrededor de puertas y ventanas para evitar p\u00e9rdidas de calor.<\/p>\n<h2>\u00bfCu\u00e1les son las mejores estrategias de carga para veh\u00edculos comerciales el\u00e9ctricos en invierno?<\/h2>\n<p>Mantenga la bater\u00eda cargada entre el 20% y el 80% durante los meses de invierno. <strong>Una bater\u00eda completamente descargada a temperaturas bajo cero puede sufrir da\u00f1os permanentes<\/strong>, mientras que una bater\u00eda sobrecargada limita la funci\u00f3n de frenado regenerativo. Este ancho de banda te da flexibilidad y protege la salud de la bater\u00eda.<\/p>\n<p>Utiliza los cargadores r\u00e1pidos de forma estrat\u00e9gica, pero no exclusiva. La carga r\u00e1pida genera calor que ayuda a que la bater\u00eda alcance la temperatura adecuada, pero no lo hagas con demasiada frecuencia, ya que puede estresar la bater\u00eda. Combina la carga r\u00e1pida para viajes largos con la carga lenta en casa para el uso diario.<\/p>\n<p>Planifica tus sesiones de carga para que terminen justo antes de irte. Una bater\u00eda reci\u00e9n cargada est\u00e1 m\u00e1s caliente y rinde mejor. Utiliza funciones de temporizador en tu coche o estaci\u00f3n de carga para controlar esto autom\u00e1ticamente, de modo que siempre salgas a la carretera con una temperatura \u00f3ptima de la bater\u00eda.<\/p>\n<h2>C\u00f3mo ayuda Van Den Hurk con los veh\u00edculos industriales el\u00e9ctricos<\/h2>\n<p>Hacemos que su cambio a la conducci\u00f3n el\u00e9ctrica no suponga ninguna preocupaci\u00f3n, incluso durante los meses de invierno. Con m\u00e1s de 60 a\u00f1os de experiencia en veh\u00edculos comerciales, sabemos exactamente a qu\u00e9 retos se enfrenta y cu\u00e1l es la mejor forma de abordarlos.<\/p>\n<p>Nuestro apoyo a <a href=\"https:\/\/www.vdhurk.nl\/es\/vehiculos-comerciales\/electrico\/\">veh\u00edculos comerciales el\u00e9ctricos<\/a> incluye:<\/p>\n<ul>\n<li>Asesoramiento personal sobre el modelo el\u00e9ctrico adecuado a las necesidades de su empresa<\/li>\n<li>Consejos pr\u00e1cticos para el invernaje y el mantenimiento estacional<\/li>\n<li>Orientaci\u00f3n sobre soluciones de recarga y planificaci\u00f3n de la autonom\u00eda<\/li>\n<li>Opciones de arrendamiento flexibles que se adaptan a su presupuesto<\/li>\n<li>Apoyar el cambio de combustible a electricidad<\/li>\n<\/ul>\n<p>\u00bfQuiere saber qu\u00e9 coche el\u00e9ctrico de empresa es mejor para su negocio? P\u00f3ngase en contacto con nosotros para una consulta sin compromiso. Estaremos encantados de ayudarle a tomar la decisi\u00f3n correcta y asegurarnos de que est\u00e1 bien preparado para todas las estaciones.<\/p>","protected":false},"excerpt":{"rendered":"<p>Los veh\u00edculos comerciales el\u00e9ctricos pierden hasta 30% de autonom\u00eda en invierno. Evita problemas con estrategias de carga inteligentes y consejos de mantenimiento.<\/p>","protected":false},"author":5,"featured_media":541405,"comment_status":"closed","ping_status":"closed","sticky":false,"template":"","format":"standard","meta":{"_acf_changed":false,"_improvement_type_select":"improve_an_existing","_thumb_yes_seoaic":false,"_frame_yes_seoaic":false,"seoaic_generate_description":"","seoaic_improve_instructions_prompt":"","seoaic_rollback_content_improvement":"","seoaic_idea_thumbnail_generator":"","thumbnail_generated":false,"thumbnail_generate_prompt":"","seoaic_article_description":"","seoaic_article_subtitles":[],"footnotes":""},"categories":[1],"tags":[],"class_list":["post-541225","post","type-post","status-publish","format-standard","has-post-thumbnail","hentry","category-seo"],"acf":[],"yoast_head":"<!-- This site is optimized with the Yoast SEO plugin v27.5 - https:\/\/yoast.com\/product\/yoast-seo-wordpress\/ -->\n<title>Hoe voorkom je problemen met elektrische bedrijfswagens in de winter? - Van den Hurk Bedrijfswagens<\/title>\n<meta name=\"description\" content=\"Voorkom winterproblemen met elektrische bedrijfswagens: bereik kan 30% dalen door kou. Ontdek voorverwarmingstips, oplaadstrategie\u00ebn en onderhoud.\" \/>\n<meta name=\"robots\" content=\"index, follow, max-snippet:-1, max-image-preview:large, max-video-preview:-1\" \/>\n<link rel=\"canonical\" href=\"https:\/\/www.vdhurk.nl\/es\/como-evitar-problemas-con-los-vehiculos-industriales-electricos-en-invierno\/\" \/>\n<meta property=\"og:locale\" content=\"es_ES\" \/>\n<meta property=\"og:type\" content=\"article\" \/>\n<meta property=\"og:title\" content=\"Hoe voorkom je problemen met elektrische bedrijfswagens in de winter? - Van den Hurk Bedrijfswagens\" \/>\n<meta property=\"og:description\" content=\"Voorkom winterproblemen met elektrische bedrijfswagens: bereik kan 30% dalen door kou. Ontdek voorverwarmingstips, oplaadstrategie\u00ebn en onderhoud.\" \/>\n<meta property=\"og:url\" content=\"https:\/\/www.vdhurk.nl\/es\/como-evitar-problemas-con-los-vehiculos-industriales-electricos-en-invierno\/\" \/>\n<meta property=\"og:site_name\" content=\"Van den Hurk Bedrijfswagens\" \/>\n<meta property=\"article:published_time\" content=\"2026-03-11T07:00:00+00:00\" \/>\n<meta property=\"og:image\" content=\"https:\/\/www.vdhurk.nl\/wp-content\/uploads\/2025\/12\/elektrische-bestelwagen-winter-opladen-sneeuw.webp\" \/>\n\t<meta property=\"og:image:width\" content=\"1024\" \/>\n\t<meta property=\"og:image:height\" content=\"768\" \/>\n\t<meta property=\"og:image:type\" content=\"image\/webp\" \/>\n<meta name=\"author\" content=\"wpseoai\" \/>\n<meta name=\"twitter:card\" content=\"summary_large_image\" \/>\n<meta name=\"twitter:label1\" content=\"Escrito por\" \/>\n\t<meta name=\"twitter:data1\" content=\"wpseoai\" \/>\n\t<meta name=\"twitter:label2\" content=\"Tiempo de lectura\" \/>\n\t<meta name=\"twitter:data2\" content=\"4 minutos\" \/>\n<script type=\"application\/ld+json\" class=\"yoast-schema-graph\">{\"@context\":\"https:\\\/\\\/schema.org\",\"@graph\":[{\"@type\":\"Article\",\"@id\":\"https:\\\/\\\/www.vdhurk.nl\\\/hoe-voorkom-je-problemen-met-elektrische-bedrijfswagens-in-de-winter\\\/#article\",\"isPartOf\":{\"@id\":\"https:\\\/\\\/www.vdhurk.nl\\\/hoe-voorkom-je-problemen-met-elektrische-bedrijfswagens-in-de-winter\\\/\"},\"author\":{\"name\":\"wpseoai\",\"@id\":\"https:\\\/\\\/www.vdhurk.nl\\\/#\\\/schema\\\/person\\\/04c44f7c3ccbd41cb14ad36749c8db5f\"},\"headline\":\"Hoe voorkom je problemen met elektrische bedrijfswagens in de winter?\",\"datePublished\":\"2026-03-11T07:00:00+00:00\",\"mainEntityOfPage\":{\"@id\":\"https:\\\/\\\/www.vdhurk.nl\\\/hoe-voorkom-je-problemen-met-elektrische-bedrijfswagens-in-de-winter\\\/\"},\"wordCount\":734,\"image\":{\"@id\":\"https:\\\/\\\/www.vdhurk.nl\\\/hoe-voorkom-je-problemen-met-elektrische-bedrijfswagens-in-de-winter\\\/#primaryimage\"},\"thumbnailUrl\":\"https:\\\/\\\/www.vdhurk.nl\\\/wp-content\\\/uploads\\\/2025\\\/12\\\/elektrische-bestelwagen-winter-opladen-sneeuw.webp\",\"articleSection\":[\"SEO\"],\"inLanguage\":\"es\"},{\"@type\":\"WebPage\",\"@id\":\"https:\\\/\\\/www.vdhurk.nl\\\/hoe-voorkom-je-problemen-met-elektrische-bedrijfswagens-in-de-winter\\\/\",\"url\":\"https:\\\/\\\/www.vdhurk.nl\\\/hoe-voorkom-je-problemen-met-elektrische-bedrijfswagens-in-de-winter\\\/\",\"name\":\"Hoe voorkom je problemen met elektrische bedrijfswagens in de winter? - Van den Hurk Bedrijfswagens\",\"isPartOf\":{\"@id\":\"https:\\\/\\\/www.vdhurk.nl\\\/#website\"},\"primaryImageOfPage\":{\"@id\":\"https:\\\/\\\/www.vdhurk.nl\\\/hoe-voorkom-je-problemen-met-elektrische-bedrijfswagens-in-de-winter\\\/#primaryimage\"},\"image\":{\"@id\":\"https:\\\/\\\/www.vdhurk.nl\\\/hoe-voorkom-je-problemen-met-elektrische-bedrijfswagens-in-de-winter\\\/#primaryimage\"},\"thumbnailUrl\":\"https:\\\/\\\/www.vdhurk.nl\\\/wp-content\\\/uploads\\\/2025\\\/12\\\/elektrische-bestelwagen-winter-opladen-sneeuw.webp\",\"datePublished\":\"2026-03-11T07:00:00+00:00\",\"author\":{\"@id\":\"https:\\\/\\\/www.vdhurk.nl\\\/#\\\/schema\\\/person\\\/04c44f7c3ccbd41cb14ad36749c8db5f\"},\"description\":\"Voorkom winterproblemen met elektrische bedrijfswagens: bereik kan 30% dalen door kou. Ontdek voorverwarmingstips, oplaadstrategie\u00ebn en onderhoud.\",\"breadcrumb\":{\"@id\":\"https:\\\/\\\/www.vdhurk.nl\\\/hoe-voorkom-je-problemen-met-elektrische-bedrijfswagens-in-de-winter\\\/#breadcrumb\"},\"inLanguage\":\"es\",\"potentialAction\":[{\"@type\":\"ReadAction\",\"target\":[\"https:\\\/\\\/www.vdhurk.nl\\\/hoe-voorkom-je-problemen-met-elektrische-bedrijfswagens-in-de-winter\\\/\"]}]},{\"@type\":\"ImageObject\",\"inLanguage\":\"es\",\"@id\":\"https:\\\/\\\/www.vdhurk.nl\\\/hoe-voorkom-je-problemen-met-elektrische-bedrijfswagens-in-de-winter\\\/#primaryimage\",\"url\":\"https:\\\/\\\/www.vdhurk.nl\\\/wp-content\\\/uploads\\\/2025\\\/12\\\/elektrische-bestelwagen-winter-opladen-sneeuw.webp\",\"contentUrl\":\"https:\\\/\\\/www.vdhurk.nl\\\/wp-content\\\/uploads\\\/2025\\\/12\\\/elektrische-bestelwagen-winter-opladen-sneeuw.webp\",\"width\":1024,\"height\":768,\"caption\":\"Witte elektrische bedrijfswagen laadt op bij laadstation in sneeuwlandschap met vallende sneeuwvlokken\"},{\"@type\":\"BreadcrumbList\",\"@id\":\"https:\\\/\\\/www.vdhurk.nl\\\/hoe-voorkom-je-problemen-met-elektrische-bedrijfswagens-in-de-winter\\\/#breadcrumb\",\"itemListElement\":[{\"@type\":\"ListItem\",\"position\":1,\"name\":\"Home\",\"item\":\"https:\\\/\\\/www.vdhurk.nl\\\/home\\\/\"},{\"@type\":\"ListItem\",\"position\":2,\"name\":\"Hoe voorkom je problemen met elektrische bedrijfswagens in de winter?\"}]},{\"@type\":\"WebSite\",\"@id\":\"https:\\\/\\\/www.vdhurk.nl\\\/#website\",\"url\":\"https:\\\/\\\/www.vdhurk.nl\\\/\",\"name\":\"Van den Hurk Bedrijfswagens\",\"description\":\"Van den Hurk bedrijfswagens Helmond\",\"potentialAction\":[{\"@type\":\"SearchAction\",\"target\":{\"@type\":\"EntryPoint\",\"urlTemplate\":\"https:\\\/\\\/www.vdhurk.nl\\\/?s={search_term_string}\"},\"query-input\":{\"@type\":\"PropertyValueSpecification\",\"valueRequired\":true,\"valueName\":\"search_term_string\"}}],\"inLanguage\":\"es\"},{\"@type\":\"Person\",\"@id\":\"https:\\\/\\\/www.vdhurk.nl\\\/#\\\/schema\\\/person\\\/04c44f7c3ccbd41cb14ad36749c8db5f\",\"name\":\"wpseoai\",\"image\":{\"@type\":\"ImageObject\",\"inLanguage\":\"es\",\"@id\":\"https:\\\/\\\/secure.gravatar.com\\\/avatar\\\/51ea6db2c0d04861332fc5a8dff3289a3d5bcfa4493f551d20452ff3f9c5bcbf?s=96&d=mm&r=g\",\"url\":\"https:\\\/\\\/secure.gravatar.com\\\/avatar\\\/51ea6db2c0d04861332fc5a8dff3289a3d5bcfa4493f551d20452ff3f9c5bcbf?s=96&d=mm&r=g\",\"contentUrl\":\"https:\\\/\\\/secure.gravatar.com\\\/avatar\\\/51ea6db2c0d04861332fc5a8dff3289a3d5bcfa4493f551d20452ff3f9c5bcbf?s=96&d=mm&r=g\",\"caption\":\"wpseoai\"},\"url\":\"https:\\\/\\\/www.vdhurk.nl\\\/es\\\/author\\\/wpseoai\\\/\"}]}<\/script>\n<!-- \/ Yoast SEO plugin. -->","yoast_head_json":{"title":"\u00bfC\u00f3mo evitar problemas con los veh\u00edculos industriales el\u00e9ctricos en invierno? - Van den Hurk Veh\u00edculos Comerciales","description":"Evite los problemas invernales con los veh\u00edculos comerciales el\u00e9ctricos: la autonom\u00eda puede 30% disminuir debido al fr\u00edo. Descubre consejos de precalentamiento, estrategias de carga y mantenimiento.","robots":{"index":"index","follow":"follow","max-snippet":"max-snippet:-1","max-image-preview":"max-image-preview:large","max-video-preview":"max-video-preview:-1"},"canonical":"https:\/\/www.vdhurk.nl\/es\/como-evitar-problemas-con-los-vehiculos-industriales-electricos-en-invierno\/","og_locale":"es_ES","og_type":"article","og_title":"Hoe voorkom je problemen met elektrische bedrijfswagens in de winter? - Van den Hurk Bedrijfswagens","og_description":"Voorkom winterproblemen met elektrische bedrijfswagens: bereik kan 30% dalen door kou. Ontdek voorverwarmingstips, oplaadstrategie\u00ebn en onderhoud.","og_url":"https:\/\/www.vdhurk.nl\/es\/como-evitar-problemas-con-los-vehiculos-industriales-electricos-en-invierno\/","og_site_name":"Van den Hurk Bedrijfswagens","article_published_time":"2026-03-11T07:00:00+00:00","og_image":[{"width":1024,"height":768,"url":"https:\/\/www.vdhurk.nl\/wp-content\/uploads\/2025\/12\/elektrische-bestelwagen-winter-opladen-sneeuw.webp","type":"image\/webp"}],"author":"wpseoai","twitter_card":"summary_large_image","twitter_misc":{"Escrito por":"wpseoai","Tiempo de lectura":"4 minutos"},"schema":{"@context":"https:\/\/schema.org","@graph":[{"@type":"Article","@id":"https:\/\/www.vdhurk.nl\/hoe-voorkom-je-problemen-met-elektrische-bedrijfswagens-in-de-winter\/#article","isPartOf":{"@id":"https:\/\/www.vdhurk.nl\/hoe-voorkom-je-problemen-met-elektrische-bedrijfswagens-in-de-winter\/"},"author":{"name":"wpseoai","@id":"https:\/\/www.vdhurk.nl\/#\/schema\/person\/04c44f7c3ccbd41cb14ad36749c8db5f"},"headline":"Hoe voorkom je problemen met elektrische bedrijfswagens in de winter?","datePublished":"2026-03-11T07:00:00+00:00","mainEntityOfPage":{"@id":"https:\/\/www.vdhurk.nl\/hoe-voorkom-je-problemen-met-elektrische-bedrijfswagens-in-de-winter\/"},"wordCount":734,"image":{"@id":"https:\/\/www.vdhurk.nl\/hoe-voorkom-je-problemen-met-elektrische-bedrijfswagens-in-de-winter\/#primaryimage"},"thumbnailUrl":"https:\/\/www.vdhurk.nl\/wp-content\/uploads\/2025\/12\/elektrische-bestelwagen-winter-opladen-sneeuw.webp","articleSection":["SEO"],"inLanguage":"es"},{"@type":"WebPage","@id":"https:\/\/www.vdhurk.nl\/hoe-voorkom-je-problemen-met-elektrische-bedrijfswagens-in-de-winter\/","url":"https:\/\/www.vdhurk.nl\/hoe-voorkom-je-problemen-met-elektrische-bedrijfswagens-in-de-winter\/","name":"\u00bfC\u00f3mo evitar problemas con los veh\u00edculos industriales el\u00e9ctricos en invierno? - Van den Hurk Veh\u00edculos Comerciales","isPartOf":{"@id":"https:\/\/www.vdhurk.nl\/#website"},"primaryImageOfPage":{"@id":"https:\/\/www.vdhurk.nl\/hoe-voorkom-je-problemen-met-elektrische-bedrijfswagens-in-de-winter\/#primaryimage"},"image":{"@id":"https:\/\/www.vdhurk.nl\/hoe-voorkom-je-problemen-met-elektrische-bedrijfswagens-in-de-winter\/#primaryimage"},"thumbnailUrl":"https:\/\/www.vdhurk.nl\/wp-content\/uploads\/2025\/12\/elektrische-bestelwagen-winter-opladen-sneeuw.webp","datePublished":"2026-03-11T07:00:00+00:00","author":{"@id":"https:\/\/www.vdhurk.nl\/#\/schema\/person\/04c44f7c3ccbd41cb14ad36749c8db5f"},"description":"Evite los problemas invernales con los veh\u00edculos comerciales el\u00e9ctricos: la autonom\u00eda puede 30% disminuir debido al fr\u00edo. Descubre consejos de precalentamiento, estrategias de carga y mantenimiento.","breadcrumb":{"@id":"https:\/\/www.vdhurk.nl\/hoe-voorkom-je-problemen-met-elektrische-bedrijfswagens-in-de-winter\/#breadcrumb"},"inLanguage":"es","potentialAction":[{"@type":"ReadAction","target":["https:\/\/www.vdhurk.nl\/hoe-voorkom-je-problemen-met-elektrische-bedrijfswagens-in-de-winter\/"]}]},{"@type":"ImageObject","inLanguage":"es","@id":"https:\/\/www.vdhurk.nl\/hoe-voorkom-je-problemen-met-elektrische-bedrijfswagens-in-de-winter\/#primaryimage","url":"https:\/\/www.vdhurk.nl\/wp-content\/uploads\/2025\/12\/elektrische-bestelwagen-winter-opladen-sneeuw.webp","contentUrl":"https:\/\/www.vdhurk.nl\/wp-content\/uploads\/2025\/12\/elektrische-bestelwagen-winter-opladen-sneeuw.webp","width":1024,"height":768,"caption":"Witte elektrische bedrijfswagen laadt op bij laadstation in sneeuwlandschap met vallende sneeuwvlokken"},{"@type":"BreadcrumbList","@id":"https:\/\/www.vdhurk.nl\/hoe-voorkom-je-problemen-met-elektrische-bedrijfswagens-in-de-winter\/#breadcrumb","itemListElement":[{"@type":"ListItem","position":1,"name":"Home","item":"https:\/\/www.vdhurk.nl\/home\/"},{"@type":"ListItem","position":2,"name":"Hoe voorkom je problemen met elektrische bedrijfswagens in de winter?"}]},{"@type":"WebSite","@id":"https:\/\/www.vdhurk.nl\/#website","url":"https:\/\/www.vdhurk.nl\/","name":"Veh\u00edculos comerciales Van den Hurk","description":"Van den Hurk veh\u00edculos comerciales Helmond","potentialAction":[{"@type":"SearchAction","target":{"@type":"EntryPoint","urlTemplate":"https:\/\/www.vdhurk.nl\/?s={search_term_string}"},"query-input":{"@type":"PropertyValueSpecification","valueRequired":true,"valueName":"search_term_string"}}],"inLanguage":"es"},{"@type":"Person","@id":"https:\/\/www.vdhurk.nl\/#\/schema\/person\/04c44f7c3ccbd41cb14ad36749c8db5f","name":"wpseoai","image":{"@type":"ImageObject","inLanguage":"es","@id":"https:\/\/secure.gravatar.com\/avatar\/51ea6db2c0d04861332fc5a8dff3289a3d5bcfa4493f551d20452ff3f9c5bcbf?s=96&d=mm&r=g","url":"https:\/\/secure.gravatar.com\/avatar\/51ea6db2c0d04861332fc5a8dff3289a3d5bcfa4493f551d20452ff3f9c5bcbf?s=96&d=mm&r=g","contentUrl":"https:\/\/secure.gravatar.com\/avatar\/51ea6db2c0d04861332fc5a8dff3289a3d5bcfa4493f551d20452ff3f9c5bcbf?s=96&d=mm&r=g","caption":"wpseoai"},"url":"https:\/\/www.vdhurk.nl\/es\/author\/wpseoai\/"}]}},"_links":{"self":[{"href":"https:\/\/www.vdhurk.nl\/es\/wp-json\/wp\/v2\/posts\/541225","targetHints":{"allow":["GET"]}}],"collection":[{"href":"https:\/\/www.vdhurk.nl\/es\/wp-json\/wp\/v2\/posts"}],"about":[{"href":"https:\/\/www.vdhurk.nl\/es\/wp-json\/wp\/v2\/types\/post"}],"author":[{"embeddable":true,"href":"https:\/\/www.vdhurk.nl\/es\/wp-json\/wp\/v2\/users\/5"}],"replies":[{"embeddable":true,"href":"https:\/\/www.vdhurk.nl\/es\/wp-json\/wp\/v2\/comments?post=541225"}],"version-history":[{"count":1,"href":"https:\/\/www.vdhurk.nl\/es\/wp-json\/wp\/v2\/posts\/541225\/revisions"}],"predecessor-version":[{"id":541337,"href":"https:\/\/www.vdhurk.nl\/es\/wp-json\/wp\/v2\/posts\/541225\/revisions\/541337"}],"wp:featuredmedia":[{"embeddable":true,"href":"https:\/\/www.vdhurk.nl\/es\/wp-json\/wp\/v2\/media\/541405"}],"wp:attachment":[{"href":"https:\/\/www.vdhurk.nl\/es\/wp-json\/wp\/v2\/media?parent=541225"}],"wp:term":[{"taxonomy":"category","embeddable":true,"href":"https:\/\/www.vdhurk.nl\/es\/wp-json\/wp\/v2\/categories?post=541225"},{"taxonomy":"post_tag","embeddable":true,"href":"https:\/\/www.vdhurk.nl\/es\/wp-json\/wp\/v2\/tags?post=541225"}],"curies":[{"name":"wp","href":"https:\/\/api.w.org\/{rel}","templated":true}]}}