{"id":541214,"date":"2026-03-17T08:00:00","date_gmt":"2026-03-17T07:00:00","guid":{"rendered":"https:\/\/www.vdhurk.nl\/?p=541214"},"modified":"2025-12-24T15:50:31","modified_gmt":"2025-12-24T14:50:31","slug":"que-vehiculos-comerciales-electricos-tienen-el-mayor-espacio-de-carga","status":"publish","type":"post","link":"https:\/\/www.vdhurk.nl\/es\/welke-elektrische-bedrijfswagens-hebben-de-grootste-laadruimte\/","title":{"rendered":"\u00bfQu\u00e9 veh\u00edculos comerciales el\u00e9ctricos tienen el mayor espacio de carga?"},"content":{"rendered":"<p>En <strong>Ford E-Transit<\/strong> tiene actualmente el mayor espacio de carga entre los veh\u00edculos comerciales el\u00e9ctricos, con hasta 15,1 metros c\u00fabicos de volumen de carga. Otros de los mejores son el Mercedes eSprinter (hasta 11 metros c\u00fabicos) y el Iveco Daily Electric (hasta 17 metros c\u00fabicos, dependiendo de la versi\u00f3n). Su elecci\u00f3n depende de sus necesidades diarias de carga y del tipo de mercanc\u00edas que transporte.<\/p>\n<h2>\u00bfQu\u00e9 veh\u00edculos comerciales el\u00e9ctricos tienen mayor volumen de carga?<\/h2>\n<p>El Ford E-Transit ofrece el mayor volumen de carga del mercado de veh\u00edculos utilitarios el\u00e9ctricos, con tres longitudes disponibles. La versi\u00f3n m\u00e1s larga (L4) ofrece hasta 15,1 metros c\u00fabicos de espacio de carga y un peso m\u00e1ximo de carga \u00fatil de 1.758 kg. El espacio de carga es completamente plano, ya que las bater\u00edas est\u00e1n colocadas bajo el suelo.<\/p>\n<p>El Mercedes eSprinter viene en segundo lugar con hasta 11 metros c\u00fabicos de volumen de carga en la versi\u00f3n larga. Este modelo ofrece una longitud de carga de hasta 3.665 mm y una altura de carga de 1.787 mm. El peso m\u00e1ximo de carga es de unos 1.045 kg, dependiendo de la capacidad de bater\u00eda elegida.<\/p>\n<p>El Iveco Daily Electric puede ofrecer hasta 17 metros c\u00fabicos de volumen de carga en determinadas configuraciones. Esto la convierte t\u00e9cnicamente en la m\u00e1s grande, pero la disponibilidad de esta versi\u00f3n es limitada. Las versiones est\u00e1ndar ofrecen entre 10 y 14 metros c\u00fabicos de espacio de carga.<\/p>\n<p>Otros modelos con amplia capacidad de carga son el Volkswagen e-Crafter (10,7 metros c\u00fabicos), el Renault Master E-Tech (de 8 a 13 metros c\u00fabicos) y el MAN eTGE (10,7 metros c\u00fabicos). Todos estos modelos ofrecen soluciones pr\u00e1cticas para diferentes necesidades de transporte.<\/p>\n<h2>\u00bfEn qu\u00e9 se diferencia el espacio de carga de las distintas furgonetas el\u00e9ctricas?<\/h2>\n<p>Las furgonetas el\u00e9ctricas compactas, como la Volkswagen e-Caddy y la Ford E-Transit Custom, ofrecen entre 3 y 6 metros c\u00fabicos de espacio de carga. Los modelos medianos, como la Mercedes eVito y la Renault Kangoo E-Tech, ofrecen entre 6 y 9 metros c\u00fabicos. Los grandes veh\u00edculos comerciales el\u00e9ctricos ofrecen a partir de 10 metros c\u00fabicos de volumen de carga.<\/p>\n<p>La colocaci\u00f3n de la bater\u00eda afecta significativamente al espacio de carga. Los veh\u00edculos comerciales el\u00e9ctricos modernos tienen las bater\u00edas integradas bajo el suelo, manteniendo el espacio de carga plano. Los dise\u00f1os m\u00e1s antiguos a veces colocaban las bater\u00edas en el propio espacio de carga, lo que ocupaba espacio \u00fatil.<\/p>\n<p>Existen diferencias pr\u00e1cticas de dise\u00f1o entre las marcas. Ford se centra en los metros c\u00fabicos m\u00e1ximos, mientras que Mercedes presta m\u00e1s atenci\u00f3n a los huecos de carga pr\u00e1cticos y a la accesibilidad. Iveco es la marca que ofrece m\u00e1s opciones de configuraci\u00f3n, desde techo alto hasta versiones extralargas.<\/p>\n<p>La forma del maletero tambi\u00e9n var\u00eda seg\u00fan la marca. Algunos modelos tienen una caja de carga m\u00e1s alta pero m\u00e1s estrecha, mientras que otros optan por una disposici\u00f3n m\u00e1s baja pero m\u00e1s ancha. Esto afecta a la mercanc\u00eda que puedes transportar en la pr\u00e1ctica, independientemente del volumen total.<\/p>\n<h2>\u00bfQu\u00e9 hay que saber sobre la capacidad de carga de los veh\u00edculos comerciales el\u00e9ctricos?<\/h2>\n<p>En <strong>peso de la bater\u00eda<\/strong> de los veh\u00edculos comerciales el\u00e9ctricos reduce el peso m\u00e1ximo de carga admisible entre 300 y 700 kg en comparaci\u00f3n con las versiones di\u00e9sel. Por ejemplo, un Ford E-Transit tiene 500 kg menos de capacidad de carga que la variante di\u00e9sel debido al peso de los paquetes de bater\u00edas.<\/p>\n<p>El peso m\u00e1ximo autorizado sigue siendo de 3.500 kg para la mayor\u00eda de los veh\u00edculos comerciales, pero el peso en vac\u00edo es mayor debido a las bater\u00edas. Esto significa que puedes cargar menos peso aunque el espacio f\u00edsico sea el mismo. Comprueba siempre las especificaciones t\u00e9cnicas para conocer el peso de carga exacto.<\/p>\n<p>La distribuci\u00f3n del peso funciona de forma diferente en los modelos el\u00e9ctricos. Las bater\u00edas bajo el suelo proporcionan un centro de gravedad m\u00e1s bajo, lo que mejora la estabilidad. Esto compensa en parte la desventaja de un menor peso de la carga \u00fatil, especialmente al conducir con carga.<\/p>\n<p>Consejos pr\u00e1cticos para un uso \u00f3ptimo: distribuya uniformemente los objetos pesados en el maletero, coloque el peso m\u00e1s elevado por encima del eje trasero y tenga en cuenta el efecto del peso adicional sobre la autonom\u00eda. Cada 100 kg de carga adicional reduce la autonom\u00eda en unos 5-10%.<\/p>\n<h2>\u00bfQu\u00e9 veh\u00edculo comercial el\u00e9ctrico es mejor para su empresa?<\/h2>\n<p>Para transportes diarios de hasta 5 metros c\u00fabicos, bastar\u00e1 con una furgoneta el\u00e9ctrica compacta como la Volkswagen e-Caddy o la Renault Kangoo E-Tech. Estos modelos son \u00e1giles en ciudad y tienen autonom\u00eda suficiente para trayectos locales de hasta 200 kil\u00f3metros al d\u00eda.<\/p>\n<p>Las empresas que transportan regularmente art\u00edculos de gran tama\u00f1o se benefician de modelos con grandes aperturas de carga y espacios de carga elevados. El Ford E-Transit y el Mercedes eSprinter ofrecen puertas traseras que se abren completamente y puertas laterales para facilitar el acceso.<\/p>\n<p>Para largas distancias, elige un modelo con una bater\u00eda de gran capacidad, aunque ello suponga un menor peso de la carga \u00fatil. El Mercedes eSprinter y el Ford E-Transit ofrecen opciones de bater\u00eda de hasta 90 kWh para una autonom\u00eda de m\u00e1s de 300 kil\u00f3metros en condiciones favorables.<\/p>\n<p>Los sectores espec\u00edficos tienen sus propios requisitos. Los servicios de mensajer\u00eda suelen optar por modelos de tama\u00f1o medio con muchas opciones de distribuci\u00f3n del espacio de carga. Las empresas de construcci\u00f3n se benefician de modelos robustos con un elevado peso de carga. Las empresas de catering prefieren modelos con plataformas de carga planas para facilitar la carga y descarga.<\/p>\n<h2>C\u00f3mo ayuda Van den Hurk con los veh\u00edculos industriales el\u00e9ctricos<\/h2>\n<p>Le ayudamos a cambiar a <a href=\"https:\/\/www.vdhurk.nl\/es\/vehiculos-comerciales\/electrico\/\">veh\u00edculos comerciales el\u00e9ctricos<\/a> con asesoramiento personal sobre espacio de carga, autonom\u00eda y aplicaciones pr\u00e1cticas. Nuestra experiencia con diferentes marcas y modelos le garantiza la elecci\u00f3n correcta para sus necesidades espec\u00edficas de transporte.<\/p>\n<p>Nuestro servicio incluye:<\/p>\n<ul>\n<li>Comparaci\u00f3n pr\u00e1ctica de vol\u00famenes de carga y especificaciones entre distintos modelos<\/li>\n<li>Consejos sobre la capacidad \u00f3ptima de la bater\u00eda para sus desplazamientos diarios<\/li>\n<li>Opciones de arrendamiento flexibles que se adaptan al crecimiento de su empresa<\/li>\n<li>Ayuda para calcular el coste total de propiedad<\/li>\n<li>Ayuda para planificar la infraestructura de tarificaci\u00f3n de su empresa<\/li>\n<\/ul>\n<p>Con m\u00e1s de 60 a\u00f1os de experiencia en veh\u00edculos comerciales, entendemos que el cambio a la conducci\u00f3n el\u00e9ctrica requiere una planificaci\u00f3n cuidadosa. Nos tomamos el tiempo necesario para analizar sus patrones de transporte actuales y encontrar el veh\u00edculo comercial el\u00e9ctrico que se adapte perfectamente a sus pr\u00e1cticas diarias.<\/p>\n<p>\u00bfQuiere saber qu\u00e9 veh\u00edculo comercial el\u00e9ctrico ofrece el mejor espacio de carga para su situaci\u00f3n? P\u00f3ngase en contacto con nosotros para hablar de las posibilidades sin compromiso. Estaremos encantados de ayudarle a tomar la decisi\u00f3n correcta para una movilidad empresarial sostenible.<\/p>","protected":false},"excerpt":{"rendered":"<p>Ford E-Transit ofrece 15,1 m\u00b3 de espacio de carga, Mercedes eSprinter 11 m\u00b3. Descubre qu\u00e9 veh\u00edculo comercial el\u00e9ctrico se adapta a tus necesidades de transporte.<\/p>","protected":false},"author":5,"featured_media":541396,"comment_status":"closed","ping_status":"closed","sticky":false,"template":"","format":"standard","meta":{"_acf_changed":false,"_improvement_type_select":"improve_an_existing","_thumb_yes_seoaic":false,"_frame_yes_seoaic":false,"seoaic_generate_description":"","seoaic_improve_instructions_prompt":"","seoaic_rollback_content_improvement":"","seoaic_idea_thumbnail_generator":"","thumbnail_generated":false,"thumbnail_generate_prompt":"","seoaic_article_description":"","seoaic_article_subtitles":[],"footnotes":""},"categories":[1],"tags":[],"class_list":["post-541214","post","type-post","status-publish","format-standard","has-post-thumbnail","hentry","category-seo"],"acf":[],"yoast_head":"<!-- This site is optimized with the Yoast SEO plugin v27.5 - https:\/\/yoast.com\/product\/yoast-seo-wordpress\/ -->\n<title>Welke elektrische bedrijfswagens hebben de grootste laadruimte? - Van den Hurk Bedrijfswagens<\/title>\n<meta name=\"description\" content=\"Vergelijk laadruimte van elektrische bedrijfswagens: Ford E-Transit (15,1m\u00b3), Mercedes eSprinter (11m\u00b3) en Iveco Daily Electric (17m\u00b3). Vind de beste keuze.\" \/>\n<meta name=\"robots\" content=\"index, follow, max-snippet:-1, max-image-preview:large, max-video-preview:-1\" \/>\n<link rel=\"canonical\" href=\"https:\/\/www.vdhurk.nl\/es\/que-vehiculos-comerciales-electricos-tienen-el-mayor-espacio-de-carga\/\" \/>\n<meta property=\"og:locale\" content=\"es_ES\" \/>\n<meta property=\"og:type\" content=\"article\" \/>\n<meta property=\"og:title\" content=\"Welke elektrische bedrijfswagens hebben de grootste laadruimte? - Van den Hurk Bedrijfswagens\" \/>\n<meta property=\"og:description\" content=\"Vergelijk laadruimte van elektrische bedrijfswagens: Ford E-Transit (15,1m\u00b3), Mercedes eSprinter (11m\u00b3) en Iveco Daily Electric (17m\u00b3). Vind de beste keuze.\" \/>\n<meta property=\"og:url\" content=\"https:\/\/www.vdhurk.nl\/es\/que-vehiculos-comerciales-electricos-tienen-el-mayor-espacio-de-carga\/\" \/>\n<meta property=\"og:site_name\" content=\"Van den Hurk Bedrijfswagens\" \/>\n<meta property=\"article:published_time\" content=\"2026-03-17T07:00:00+00:00\" \/>\n<meta property=\"og:image\" content=\"https:\/\/www.vdhurk.nl\/wp-content\/uploads\/2025\/12\/elektrische-bedrijfswagens-laadruimte-vergelijking.webp\" \/>\n\t<meta property=\"og:image:width\" content=\"1024\" \/>\n\t<meta property=\"og:image:height\" content=\"768\" \/>\n\t<meta property=\"og:image:type\" content=\"image\/webp\" \/>\n<meta name=\"author\" content=\"wpseoai\" \/>\n<meta name=\"twitter:card\" content=\"summary_large_image\" \/>\n<meta name=\"twitter:label1\" content=\"Escrito por\" \/>\n\t<meta name=\"twitter:data1\" content=\"wpseoai\" \/>\n\t<meta name=\"twitter:label2\" content=\"Tiempo de lectura\" \/>\n\t<meta name=\"twitter:data2\" content=\"4 minutos\" \/>\n<script type=\"application\/ld+json\" class=\"yoast-schema-graph\">{\"@context\":\"https:\\\/\\\/schema.org\",\"@graph\":[{\"@type\":\"Article\",\"@id\":\"https:\\\/\\\/www.vdhurk.nl\\\/welke-elektrische-bedrijfswagens-hebben-de-grootste-laadruimte\\\/#article\",\"isPartOf\":{\"@id\":\"https:\\\/\\\/www.vdhurk.nl\\\/welke-elektrische-bedrijfswagens-hebben-de-grootste-laadruimte\\\/\"},\"author\":{\"name\":\"wpseoai\",\"@id\":\"https:\\\/\\\/www.vdhurk.nl\\\/#\\\/schema\\\/person\\\/04c44f7c3ccbd41cb14ad36749c8db5f\"},\"headline\":\"Welke elektrische bedrijfswagens hebben de grootste laadruimte?\",\"datePublished\":\"2026-03-17T07:00:00+00:00\",\"mainEntityOfPage\":{\"@id\":\"https:\\\/\\\/www.vdhurk.nl\\\/welke-elektrische-bedrijfswagens-hebben-de-grootste-laadruimte\\\/\"},\"wordCount\":859,\"image\":{\"@id\":\"https:\\\/\\\/www.vdhurk.nl\\\/welke-elektrische-bedrijfswagens-hebben-de-grootste-laadruimte\\\/#primaryimage\"},\"thumbnailUrl\":\"https:\\\/\\\/www.vdhurk.nl\\\/wp-content\\\/uploads\\\/2025\\\/12\\\/elektrische-bedrijfswagens-laadruimte-vergelijking.webp\",\"articleSection\":[\"SEO\"],\"inLanguage\":\"es\"},{\"@type\":\"WebPage\",\"@id\":\"https:\\\/\\\/www.vdhurk.nl\\\/welke-elektrische-bedrijfswagens-hebben-de-grootste-laadruimte\\\/\",\"url\":\"https:\\\/\\\/www.vdhurk.nl\\\/welke-elektrische-bedrijfswagens-hebben-de-grootste-laadruimte\\\/\",\"name\":\"Welke elektrische bedrijfswagens hebben de grootste laadruimte? - Van den Hurk Bedrijfswagens\",\"isPartOf\":{\"@id\":\"https:\\\/\\\/www.vdhurk.nl\\\/#website\"},\"primaryImageOfPage\":{\"@id\":\"https:\\\/\\\/www.vdhurk.nl\\\/welke-elektrische-bedrijfswagens-hebben-de-grootste-laadruimte\\\/#primaryimage\"},\"image\":{\"@id\":\"https:\\\/\\\/www.vdhurk.nl\\\/welke-elektrische-bedrijfswagens-hebben-de-grootste-laadruimte\\\/#primaryimage\"},\"thumbnailUrl\":\"https:\\\/\\\/www.vdhurk.nl\\\/wp-content\\\/uploads\\\/2025\\\/12\\\/elektrische-bedrijfswagens-laadruimte-vergelijking.webp\",\"datePublished\":\"2026-03-17T07:00:00+00:00\",\"author\":{\"@id\":\"https:\\\/\\\/www.vdhurk.nl\\\/#\\\/schema\\\/person\\\/04c44f7c3ccbd41cb14ad36749c8db5f\"},\"description\":\"Vergelijk laadruimte van elektrische bedrijfswagens: Ford E-Transit (15,1m\u00b3), Mercedes eSprinter (11m\u00b3) en Iveco Daily Electric (17m\u00b3). Vind de beste keuze.\",\"breadcrumb\":{\"@id\":\"https:\\\/\\\/www.vdhurk.nl\\\/welke-elektrische-bedrijfswagens-hebben-de-grootste-laadruimte\\\/#breadcrumb\"},\"inLanguage\":\"es\",\"potentialAction\":[{\"@type\":\"ReadAction\",\"target\":[\"https:\\\/\\\/www.vdhurk.nl\\\/welke-elektrische-bedrijfswagens-hebben-de-grootste-laadruimte\\\/\"]}]},{\"@type\":\"ImageObject\",\"inLanguage\":\"es\",\"@id\":\"https:\\\/\\\/www.vdhurk.nl\\\/welke-elektrische-bedrijfswagens-hebben-de-grootste-laadruimte\\\/#primaryimage\",\"url\":\"https:\\\/\\\/www.vdhurk.nl\\\/wp-content\\\/uploads\\\/2025\\\/12\\\/elektrische-bedrijfswagens-laadruimte-vergelijking.webp\",\"contentUrl\":\"https:\\\/\\\/www.vdhurk.nl\\\/wp-content\\\/uploads\\\/2025\\\/12\\\/elektrische-bedrijfswagens-laadruimte-vergelijking.webp\",\"width\":1024,\"height\":768,\"caption\":\"Drie moderne elektrische bedrijfsbusjes met open achterdeuren tonen ruime laadruimtes op industri\u00eble betonvloer\"},{\"@type\":\"BreadcrumbList\",\"@id\":\"https:\\\/\\\/www.vdhurk.nl\\\/welke-elektrische-bedrijfswagens-hebben-de-grootste-laadruimte\\\/#breadcrumb\",\"itemListElement\":[{\"@type\":\"ListItem\",\"position\":1,\"name\":\"Home\",\"item\":\"https:\\\/\\\/www.vdhurk.nl\\\/home\\\/\"},{\"@type\":\"ListItem\",\"position\":2,\"name\":\"Welke elektrische bedrijfswagens hebben de grootste laadruimte?\"}]},{\"@type\":\"WebSite\",\"@id\":\"https:\\\/\\\/www.vdhurk.nl\\\/#website\",\"url\":\"https:\\\/\\\/www.vdhurk.nl\\\/\",\"name\":\"Van den Hurk Bedrijfswagens\",\"description\":\"Van den Hurk bedrijfswagens Helmond\",\"potentialAction\":[{\"@type\":\"SearchAction\",\"target\":{\"@type\":\"EntryPoint\",\"urlTemplate\":\"https:\\\/\\\/www.vdhurk.nl\\\/?s={search_term_string}\"},\"query-input\":{\"@type\":\"PropertyValueSpecification\",\"valueRequired\":true,\"valueName\":\"search_term_string\"}}],\"inLanguage\":\"es\"},{\"@type\":\"Person\",\"@id\":\"https:\\\/\\\/www.vdhurk.nl\\\/#\\\/schema\\\/person\\\/04c44f7c3ccbd41cb14ad36749c8db5f\",\"name\":\"wpseoai\",\"image\":{\"@type\":\"ImageObject\",\"inLanguage\":\"es\",\"@id\":\"https:\\\/\\\/secure.gravatar.com\\\/avatar\\\/51ea6db2c0d04861332fc5a8dff3289a3d5bcfa4493f551d20452ff3f9c5bcbf?s=96&d=mm&r=g\",\"url\":\"https:\\\/\\\/secure.gravatar.com\\\/avatar\\\/51ea6db2c0d04861332fc5a8dff3289a3d5bcfa4493f551d20452ff3f9c5bcbf?s=96&d=mm&r=g\",\"contentUrl\":\"https:\\\/\\\/secure.gravatar.com\\\/avatar\\\/51ea6db2c0d04861332fc5a8dff3289a3d5bcfa4493f551d20452ff3f9c5bcbf?s=96&d=mm&r=g\",\"caption\":\"wpseoai\"},\"url\":\"https:\\\/\\\/www.vdhurk.nl\\\/es\\\/author\\\/wpseoai\\\/\"}]}<\/script>\n<!-- \/ Yoast SEO plugin. -->","yoast_head_json":{"title":"\u00bfQu\u00e9 veh\u00edculos comerciales el\u00e9ctricos tienen el mayor espacio de carga? - Van den Hurk Veh\u00edculos Comerciales","description":"Compare el espacio de carga de los veh\u00edculos comerciales el\u00e9ctricos: Ford E-Transit (15,1 m\u00b3), Mercedes eSprinter (11 m\u00b3) e Iveco Daily Electric (17 m\u00b3). Encuentre la mejor opci\u00f3n.","robots":{"index":"index","follow":"follow","max-snippet":"max-snippet:-1","max-image-preview":"max-image-preview:large","max-video-preview":"max-video-preview:-1"},"canonical":"https:\/\/www.vdhurk.nl\/es\/que-vehiculos-comerciales-electricos-tienen-el-mayor-espacio-de-carga\/","og_locale":"es_ES","og_type":"article","og_title":"Welke elektrische bedrijfswagens hebben de grootste laadruimte? - Van den Hurk Bedrijfswagens","og_description":"Vergelijk laadruimte van elektrische bedrijfswagens: Ford E-Transit (15,1m\u00b3), Mercedes eSprinter (11m\u00b3) en Iveco Daily Electric (17m\u00b3). Vind de beste keuze.","og_url":"https:\/\/www.vdhurk.nl\/es\/que-vehiculos-comerciales-electricos-tienen-el-mayor-espacio-de-carga\/","og_site_name":"Van den Hurk Bedrijfswagens","article_published_time":"2026-03-17T07:00:00+00:00","og_image":[{"width":1024,"height":768,"url":"https:\/\/www.vdhurk.nl\/wp-content\/uploads\/2025\/12\/elektrische-bedrijfswagens-laadruimte-vergelijking.webp","type":"image\/webp"}],"author":"wpseoai","twitter_card":"summary_large_image","twitter_misc":{"Escrito por":"wpseoai","Tiempo de lectura":"4 minutos"},"schema":{"@context":"https:\/\/schema.org","@graph":[{"@type":"Article","@id":"https:\/\/www.vdhurk.nl\/welke-elektrische-bedrijfswagens-hebben-de-grootste-laadruimte\/#article","isPartOf":{"@id":"https:\/\/www.vdhurk.nl\/welke-elektrische-bedrijfswagens-hebben-de-grootste-laadruimte\/"},"author":{"name":"wpseoai","@id":"https:\/\/www.vdhurk.nl\/#\/schema\/person\/04c44f7c3ccbd41cb14ad36749c8db5f"},"headline":"Welke elektrische bedrijfswagens hebben de grootste laadruimte?","datePublished":"2026-03-17T07:00:00+00:00","mainEntityOfPage":{"@id":"https:\/\/www.vdhurk.nl\/welke-elektrische-bedrijfswagens-hebben-de-grootste-laadruimte\/"},"wordCount":859,"image":{"@id":"https:\/\/www.vdhurk.nl\/welke-elektrische-bedrijfswagens-hebben-de-grootste-laadruimte\/#primaryimage"},"thumbnailUrl":"https:\/\/www.vdhurk.nl\/wp-content\/uploads\/2025\/12\/elektrische-bedrijfswagens-laadruimte-vergelijking.webp","articleSection":["SEO"],"inLanguage":"es"},{"@type":"WebPage","@id":"https:\/\/www.vdhurk.nl\/welke-elektrische-bedrijfswagens-hebben-de-grootste-laadruimte\/","url":"https:\/\/www.vdhurk.nl\/welke-elektrische-bedrijfswagens-hebben-de-grootste-laadruimte\/","name":"\u00bfQu\u00e9 veh\u00edculos comerciales el\u00e9ctricos tienen el mayor espacio de carga? - Van den Hurk Veh\u00edculos Comerciales","isPartOf":{"@id":"https:\/\/www.vdhurk.nl\/#website"},"primaryImageOfPage":{"@id":"https:\/\/www.vdhurk.nl\/welke-elektrische-bedrijfswagens-hebben-de-grootste-laadruimte\/#primaryimage"},"image":{"@id":"https:\/\/www.vdhurk.nl\/welke-elektrische-bedrijfswagens-hebben-de-grootste-laadruimte\/#primaryimage"},"thumbnailUrl":"https:\/\/www.vdhurk.nl\/wp-content\/uploads\/2025\/12\/elektrische-bedrijfswagens-laadruimte-vergelijking.webp","datePublished":"2026-03-17T07:00:00+00:00","author":{"@id":"https:\/\/www.vdhurk.nl\/#\/schema\/person\/04c44f7c3ccbd41cb14ad36749c8db5f"},"description":"Compare el espacio de carga de los veh\u00edculos comerciales el\u00e9ctricos: Ford E-Transit (15,1 m\u00b3), Mercedes eSprinter (11 m\u00b3) e Iveco Daily Electric (17 m\u00b3). Encuentre la mejor opci\u00f3n.","breadcrumb":{"@id":"https:\/\/www.vdhurk.nl\/welke-elektrische-bedrijfswagens-hebben-de-grootste-laadruimte\/#breadcrumb"},"inLanguage":"es","potentialAction":[{"@type":"ReadAction","target":["https:\/\/www.vdhurk.nl\/welke-elektrische-bedrijfswagens-hebben-de-grootste-laadruimte\/"]}]},{"@type":"ImageObject","inLanguage":"es","@id":"https:\/\/www.vdhurk.nl\/welke-elektrische-bedrijfswagens-hebben-de-grootste-laadruimte\/#primaryimage","url":"https:\/\/www.vdhurk.nl\/wp-content\/uploads\/2025\/12\/elektrische-bedrijfswagens-laadruimte-vergelijking.webp","contentUrl":"https:\/\/www.vdhurk.nl\/wp-content\/uploads\/2025\/12\/elektrische-bedrijfswagens-laadruimte-vergelijking.webp","width":1024,"height":768,"caption":"Drie moderne elektrische bedrijfsbusjes met open achterdeuren tonen ruime laadruimtes op industri\u00eble betonvloer"},{"@type":"BreadcrumbList","@id":"https:\/\/www.vdhurk.nl\/welke-elektrische-bedrijfswagens-hebben-de-grootste-laadruimte\/#breadcrumb","itemListElement":[{"@type":"ListItem","position":1,"name":"Home","item":"https:\/\/www.vdhurk.nl\/home\/"},{"@type":"ListItem","position":2,"name":"Welke elektrische bedrijfswagens hebben de grootste laadruimte?"}]},{"@type":"WebSite","@id":"https:\/\/www.vdhurk.nl\/#website","url":"https:\/\/www.vdhurk.nl\/","name":"Veh\u00edculos comerciales Van den Hurk","description":"Van den Hurk veh\u00edculos comerciales Helmond","potentialAction":[{"@type":"SearchAction","target":{"@type":"EntryPoint","urlTemplate":"https:\/\/www.vdhurk.nl\/?s={search_term_string}"},"query-input":{"@type":"PropertyValueSpecification","valueRequired":true,"valueName":"search_term_string"}}],"inLanguage":"es"},{"@type":"Person","@id":"https:\/\/www.vdhurk.nl\/#\/schema\/person\/04c44f7c3ccbd41cb14ad36749c8db5f","name":"wpseoai","image":{"@type":"ImageObject","inLanguage":"es","@id":"https:\/\/secure.gravatar.com\/avatar\/51ea6db2c0d04861332fc5a8dff3289a3d5bcfa4493f551d20452ff3f9c5bcbf?s=96&d=mm&r=g","url":"https:\/\/secure.gravatar.com\/avatar\/51ea6db2c0d04861332fc5a8dff3289a3d5bcfa4493f551d20452ff3f9c5bcbf?s=96&d=mm&r=g","contentUrl":"https:\/\/secure.gravatar.com\/avatar\/51ea6db2c0d04861332fc5a8dff3289a3d5bcfa4493f551d20452ff3f9c5bcbf?s=96&d=mm&r=g","caption":"wpseoai"},"url":"https:\/\/www.vdhurk.nl\/es\/author\/wpseoai\/"}]}},"_links":{"self":[{"href":"https:\/\/www.vdhurk.nl\/es\/wp-json\/wp\/v2\/posts\/541214","targetHints":{"allow":["GET"]}}],"collection":[{"href":"https:\/\/www.vdhurk.nl\/es\/wp-json\/wp\/v2\/posts"}],"about":[{"href":"https:\/\/www.vdhurk.nl\/es\/wp-json\/wp\/v2\/types\/post"}],"author":[{"embeddable":true,"href":"https:\/\/www.vdhurk.nl\/es\/wp-json\/wp\/v2\/users\/5"}],"replies":[{"embeddable":true,"href":"https:\/\/www.vdhurk.nl\/es\/wp-json\/wp\/v2\/comments?post=541214"}],"version-history":[{"count":1,"href":"https:\/\/www.vdhurk.nl\/es\/wp-json\/wp\/v2\/posts\/541214\/revisions"}],"predecessor-version":[{"id":541328,"href":"https:\/\/www.vdhurk.nl\/es\/wp-json\/wp\/v2\/posts\/541214\/revisions\/541328"}],"wp:featuredmedia":[{"embeddable":true,"href":"https:\/\/www.vdhurk.nl\/es\/wp-json\/wp\/v2\/media\/541396"}],"wp:attachment":[{"href":"https:\/\/www.vdhurk.nl\/es\/wp-json\/wp\/v2\/media?parent=541214"}],"wp:term":[{"taxonomy":"category","embeddable":true,"href":"https:\/\/www.vdhurk.nl\/es\/wp-json\/wp\/v2\/categories?post=541214"},{"taxonomy":"post_tag","embeddable":true,"href":"https:\/\/www.vdhurk.nl\/es\/wp-json\/wp\/v2\/tags?post=541214"}],"curies":[{"name":"wp","href":"https:\/\/api.w.org\/{rel}","templated":true}]}}