{"id":541244,"date":"2026-03-12T08:00:00","date_gmt":"2026-03-12T07:00:00","guid":{"rendered":"https:\/\/www.vdhurk.nl\/?p=541244"},"modified":"2025-12-24T15:50:16","modified_gmt":"2025-12-24T14:50:16","slug":"welche-elektrischen-nutzfahrzeuge-mit-kuhl-und-tiefkuhlaufbauten-erhaltlich-sind","status":"publish","type":"post","link":"https:\/\/www.vdhurk.nl\/de\/welke-elektrische-bedrijfswagens-zijn-er-met-koel-en-vriesopbouw\/","title":{"rendered":"Welche elektrischen Nutzfahrzeuge gibt es mit K\u00fchl- und Tiefk\u00fchlaufbauten?"},"content":{"rendered":"<p>Elektrische Nutzfahrzeuge mit K\u00fchl- und Tiefk\u00fchlaufbauten sind von mehreren Marken wie Mercedes-Benz, Iveco, Renault und Ford erh\u00e4ltlich. Diese Fahrzeuge kombinieren emissionsfreie Mobilit\u00e4t mit gek\u00fchlten Ladefl\u00e4chen f\u00fcr den Transport von Frischwaren, Medikamenten und anderen temperaturempfindlichen G\u00fctern. Die Wahl h\u00e4ngt von Ihren Temperaturanforderungen, Ihrer Reichweite und Ihrem Budget ab.<\/p>\n<h2>Welche Marken stellen elektrische Nutzfahrzeuge mit K\u00fchlfunktion her?<\/h2>\n<p>Mercedes-Benz, Iveco, Renault und Ford sind die wichtigsten Anbieter von elektrischen Nutzfahrzeugen mit K\u00fchlfunktion. Diese Marken bieten mehrere Modelle an, die speziell f\u00fcr den temperaturgef\u00fchrten Transport konzipiert sind.<\/p>\n<p><strong>Mercedes-Benz eVito<\/strong> und eSprinter sind beliebte Optionen f\u00fcr mittlere und gro\u00dfe K\u00fchltransporte. Der eVito bietet einen Laderaum von bis zu 6,6 Kubikmetern, w\u00e4hrend der eSprinter f\u00fcr gr\u00f6\u00dfere Volumen von bis zu 11 Kubikmetern geeignet ist. Beide Modelle k\u00f6nnen mit professionellen K\u00fchlsystemen ausgestattet werden.<\/p>\n<p>Der Iveco Daily Electric ist mit seinem robusten Fahrgestell und den flexiblen Aufbaum\u00f6glichkeiten ein starker Konkurrent. Dieses Modell ist f\u00fcr seine Zuverl\u00e4ssigkeit im gewerblichen Einsatz bekannt und kann je nach Bedarf mit verschiedenen K\u00fchlsystemen kombiniert werden.<\/p>\n<p>Der Renault Master E-Tech Electric und der Ford E-Transit vervollst\u00e4ndigen das Angebot mit ihren einzigartigen Eigenschaften. Der Renault Master bietet eine hervorragende Man\u00f6vrierf\u00e4higkeit in st\u00e4dtischen Umgebungen, w\u00e4hrend der Ford E-Transit sich durch seine fortschrittlichen Konnektivit\u00e4tsoptionen und seinen benutzerfreundlichen Laderaum auszeichnet.<\/p>\n<h2>Was ist der Unterschied zwischen einem elektrischen K\u00fchlfahrzeug und einem Tiefk\u00fchlfahrzeug?<\/h2>\n<p>Der Hauptunterschied liegt in den Temperaturbereichen und dem Energieverbrauch. K\u00fchlwagen halten Temperaturen zwischen 0\u00b0C und 8\u00b0C, w\u00e4hrend Gefrierwagen Produkte bei -18\u00b0C bis -25\u00b0C lagern. Gefrierwagen verbrauchen aufgrund des gr\u00f6\u00dferen Temperaturunterschieds deutlich mehr Energie.<\/p>\n<p>K\u00fchlwagen sind ideal f\u00fcr frische Produkte wie Gem\u00fcse, Obst, Milchprodukte und Medikamente, die k\u00fchl gehalten werden m\u00fcssen. Sie verbrauchen relativ wenig zus\u00e4tzliche Energie, da der Temperaturunterschied zur Au\u00dfentemperatur begrenzt ist. Dadurch eignen sie sich f\u00fcr l\u00e4ngere Fahrten, ohne die Reichweite zu beeintr\u00e4chtigen.<\/p>\n<p><strong>Tiefk\u00fchlfahrzeuge<\/strong> werden dagegen f\u00fcr Tiefk\u00fchlkost, Speiseeis und bestimmte Medikamente ben\u00f6tigt. Der Energieverbrauch ist 40-60% h\u00f6her als bei K\u00fchllastwagen, da das K\u00fchlsystem h\u00e4rter arbeiten muss. Dies wirkt sich sp\u00fcrbar auf die Fahrstrecke aus, insbesondere bei warmen Au\u00dfentemperaturen.<\/p>\n<p>Auch bei der Isolierung gibt es Unterschiede zwischen den beiden Typen. Tiefk\u00fchlfahrzeuge haben dickere Isolierplatten und eine bessere Abdichtung, um den W\u00e4rmeverlust zu minimieren. Dadurch sind sie schwerer als K\u00fchlfahrzeuge, was sich auf die Ladekapazit\u00e4t und den Energieverbrauch w\u00e4hrend der Fahrt auswirkt.<\/p>\n<h2>Wie viele Kilometer k\u00f6nnen Sie mit einem elektrischen K\u00fchlfahrzeug fahren?<\/h2>\n<p>Die Reichweite von Elektro-K\u00fchlfahrzeugen liegt zwischen 150 und 300 Kilometern, je nach Modell, Batteriekapazit\u00e4t und K\u00fchlsystem. K\u00fchlfahrzeuge erreichen in der Regel 80-90% der Standardreichweite, w\u00e4hrend Tiefk\u00fchlfahrzeuge aufgrund des h\u00f6heren Energieverbrauchs 60-70% erreichen.<\/p>\n<p>Mehrere Faktoren beeinflussen die Reichweite erheblich. Die <strong>Au\u00dfentemperatur<\/strong> spielt eine gro\u00dfe Rolle: An hei\u00dfen Sommertagen muss das K\u00fchlsystem h\u00e4rter arbeiten, was die Reichweite verk\u00fcrzt. Auch Fahrstil und Gel\u00e4nde spielen eine Rolle: Viele Stopps und Stadtverkehr verbrauchen mehr Energie als konstante Geschwindigkeiten auf der Autobahn.<\/p>\n<p>Sie k\u00f6nnen die Reichweite durch intelligente Planung optimieren. Die Vork\u00fchlung des Laderaums w\u00e4hrend des Ladevorgangs spart Energie auf der Stra\u00dfe. Eine effiziente Routenplanung mit minimalen Stopps hilft ebenfalls, ebenso wie das Vermeiden unn\u00f6tiger \u00d6ffnungen der Ladet\u00fcren.<\/p>\n<p>Moderne Systeme bieten oft zwei separate Batterien: eine f\u00fcr den Antrieb und eine f\u00fcr die K\u00fchlung. Dies verhindert, dass man mit einer leeren K\u00fchlbatterie auf der Strecke bleibt, und bietet mehr Kontrolle \u00fcber die Energieverteilung w\u00e4hrend der Fahrt.<\/p>\n<h2>Was kostet ein elektrisches Nutzfahrzeug mit K\u00fchlfunktion?<\/h2>\n<p>Neue elektrische Nutzfahrzeuge mit K\u00fchlsystem kosten je nach Gr\u00f6\u00dfe und Ausstattung zwischen 60.000 und 90.000 Euro. Das ist 20-30% teurer als vergleichbare Dieselmodelle, aber Subventionen und Steuerverg\u00fcnstigungen verringern die Differenz.<\/p>\n<p>Die Gesamtbetriebskosten sind oft g\u00fcnstiger als bei Dieselfahrzeugen. <strong>Niedrigere Wartungskosten<\/strong>, Keine Kraftstoffkosten und steuerliche Vorteile gleichen den h\u00f6heren Anschaffungspreis aus. Elektrische Firmenwagen sind vollst\u00e4ndig von der Mehrwertsteuer absetzbar und unterliegen bei gesch\u00e4ftlicher Nutzung keiner zus\u00e4tzlichen Steuerpflicht.<\/p>\n<p>Leasing ist eine beliebte Finanzierungsoption mit monatlichen Betr\u00e4gen zwischen 800 \u20ac und 1.200 \u20ac f\u00fcr einen voll ausgestatteten elektrischen K\u00fchltransporter. Darin sind oft Wartung, Versicherung und Garantie enthalten, was dem Budget Sicherheit gibt.<\/p>\n<p>Mehrere Subventionsprogramme unterst\u00fctzen den Kauf. Die SEBA-F\u00f6rderung (Subventionsprogramm f\u00fcr emissionsfreie Firmenwagen) kann bis zu 5.000 \u20ac f\u00fcr elektrische Firmenwagen beisteuern. Auch regionale Programme bieten manchmal zus\u00e4tzliche Unterst\u00fctzung f\u00fcr nachhaltige Unternehmensmobilit\u00e4t.<\/p>\n<h2>Wie Van den Hurk bei elektrischen Nutzfahrzeugen hilft<\/h2>\n<p>Wir unterst\u00fctzen Sie beim Umstieg auf elektrische Unternehmensmobilit\u00e4t mit pers\u00f6nlicher Beratung und einer breiten Produktpalette. Wir verbinden unsere mehr als 60-j\u00e4hrige Nutzfahrzeugkompetenz mit dem Wissen um die neuesten elektrischen Entwicklungen und K\u00fchltechniken.<\/p>\n<p>Unsere Dienstleistungen umfassen:<\/p>\n<ul>\n<li>Pers\u00f6nliche Beratung \u00fcber das richtige elektrische Nutzfahrzeug f\u00fcr Ihren K\u00fchltransportbedarf<\/li>\n<li>Eine \u00dcbersicht der verf\u00fcgbaren Modelle mit K\u00fchlsystem in unserem Lager<\/li>\n<li>Flexible Leasing- und Finanzierungsoptionen, die auf Ihre Unternehmenssituation zugeschnitten sind<\/li>\n<li>Unterst\u00fctzung bei Zuschussantr\u00e4gen und Steueroptimierung<\/li>\n<li>Nachsorge und Wartung f\u00fcr eine sorgenfreie betriebliche Mobilit\u00e4t<\/li>\n<\/ul>\n<p>Wir wissen, dass jeder Unternehmer andere Anforderungen an den K\u00fchltransport hat. Deshalb nehmen wir uns die Zeit, um Ihre spezifischen Anforderungen zu besprechen und die beste L\u00f6sung zu finden. Von kleinen K\u00fchltransportern f\u00fcr die lokale Auslieferung bis hin zu gro\u00dfen Tiefk\u00fchltransportern f\u00fcr den regionalen Vertrieb - wir haben das Know-how und das Lager, um Ihnen zu helfen.<\/p>\n<p>Entdecken Sie unser komplettes Angebot <a href=\"https:\/\/www.vdhurk.nl\/de\/nutzfahrzeuge\/elektrisch\/\">elektrische Nutzfahrzeuge<\/a> und erfahren Sie, wie wir Ihr Unternehmen mit nachhaltigen Mobilit\u00e4tsl\u00f6sungen zukunftssicher machen. Kontaktieren Sie uns f\u00fcr eine unverbindliche Beratung zu elektrischen K\u00fchlfahrzeugen.<\/p>","protected":false},"excerpt":{"rendered":"<p>Entdecken Sie elektrische K\u00fchltransporter von Mercedes, Iveco, Renault und Ford. Reichweite bis zu 300 km, Kosten ab 60.000 \u20ac.<\/p>","protected":false},"author":5,"featured_media":541411,"comment_status":"closed","ping_status":"closed","sticky":false,"template":"","format":"standard","meta":{"_acf_changed":false,"_improvement_type_select":"improve_an_existing","_thumb_yes_seoaic":false,"_frame_yes_seoaic":false,"seoaic_generate_description":"","seoaic_improve_instructions_prompt":"","seoaic_rollback_content_improvement":"","seoaic_idea_thumbnail_generator":"","thumbnail_generated":false,"thumbnail_generate_prompt":"","seoaic_article_description":"","seoaic_article_subtitles":[],"footnotes":""},"categories":[1],"tags":[],"class_list":["post-541244","post","type-post","status-publish","format-standard","has-post-thumbnail","hentry","category-seo"],"acf":[],"yoast_head":"<!-- This site is optimized with the Yoast SEO plugin v27.5 - https:\/\/yoast.com\/product\/yoast-seo-wordpress\/ -->\n<title>Welke elektrische bedrijfswagens zijn er met koel- en vriesopbouw? - Van den Hurk Bedrijfswagens<\/title>\n<meta name=\"description\" content=\"Elektrische bedrijfswagens met koel- en vriesopbouw van Mercedes, Iveco, Renault en Ford. Actieradius 150-300km, vanaf \u20ac60.000. Subsidies beschikbaar!\" \/>\n<meta name=\"robots\" content=\"index, follow, max-snippet:-1, max-image-preview:large, max-video-preview:-1\" \/>\n<link rel=\"canonical\" href=\"https:\/\/www.vdhurk.nl\/de\/welche-elektrischen-nutzfahrzeuge-mit-kuhl-und-tiefkuhlaufbauten-erhaltlich-sind\/\" \/>\n<meta property=\"og:locale\" content=\"de_DE\" \/>\n<meta property=\"og:type\" content=\"article\" \/>\n<meta property=\"og:title\" content=\"Welke elektrische bedrijfswagens zijn er met koel- en vriesopbouw? - Van den Hurk Bedrijfswagens\" \/>\n<meta property=\"og:description\" content=\"Elektrische bedrijfswagens met koel- en vriesopbouw van Mercedes, Iveco, Renault en Ford. Actieradius 150-300km, vanaf \u20ac60.000. Subsidies beschikbaar!\" \/>\n<meta property=\"og:url\" content=\"https:\/\/www.vdhurk.nl\/de\/welche-elektrischen-nutzfahrzeuge-mit-kuhl-und-tiefkuhlaufbauten-erhaltlich-sind\/\" \/>\n<meta property=\"og:site_name\" content=\"Van den Hurk Bedrijfswagens\" \/>\n<meta property=\"article:published_time\" content=\"2026-03-12T07:00:00+00:00\" \/>\n<meta property=\"og:image\" content=\"https:\/\/www.vdhurk.nl\/wp-content\/uploads\/2025\/12\/elektrische-koelwagen-commercieel-laadruimte.webp\" \/>\n\t<meta property=\"og:image:width\" content=\"1024\" \/>\n\t<meta property=\"og:image:height\" content=\"768\" \/>\n\t<meta property=\"og:image:type\" content=\"image\/webp\" \/>\n<meta name=\"author\" content=\"wpseoai\" \/>\n<meta name=\"twitter:card\" content=\"summary_large_image\" \/>\n<meta name=\"twitter:label1\" content=\"Verfasst von\" \/>\n\t<meta name=\"twitter:data1\" content=\"wpseoai\" \/>\n\t<meta name=\"twitter:label2\" content=\"Gesch\u00e4tzte Lesezeit\" \/>\n\t<meta name=\"twitter:data2\" content=\"4\u00a0Minuten\" \/>\n<script type=\"application\/ld+json\" class=\"yoast-schema-graph\">{\"@context\":\"https:\\\/\\\/schema.org\",\"@graph\":[{\"@type\":\"Article\",\"@id\":\"https:\\\/\\\/www.vdhurk.nl\\\/welke-elektrische-bedrijfswagens-zijn-er-met-koel-en-vriesopbouw\\\/#article\",\"isPartOf\":{\"@id\":\"https:\\\/\\\/www.vdhurk.nl\\\/welke-elektrische-bedrijfswagens-zijn-er-met-koel-en-vriesopbouw\\\/\"},\"author\":{\"name\":\"wpseoai\",\"@id\":\"https:\\\/\\\/www.vdhurk.nl\\\/#\\\/schema\\\/person\\\/04c44f7c3ccbd41cb14ad36749c8db5f\"},\"headline\":\"Welke elektrische bedrijfswagens zijn er met koel- en vriesopbouw?\",\"datePublished\":\"2026-03-12T07:00:00+00:00\",\"mainEntityOfPage\":{\"@id\":\"https:\\\/\\\/www.vdhurk.nl\\\/welke-elektrische-bedrijfswagens-zijn-er-met-koel-en-vriesopbouw\\\/\"},\"wordCount\":809,\"image\":{\"@id\":\"https:\\\/\\\/www.vdhurk.nl\\\/welke-elektrische-bedrijfswagens-zijn-er-met-koel-en-vriesopbouw\\\/#primaryimage\"},\"thumbnailUrl\":\"https:\\\/\\\/www.vdhurk.nl\\\/wp-content\\\/uploads\\\/2025\\\/12\\\/elektrische-koelwagen-commercieel-laadruimte.webp\",\"articleSection\":[\"SEO\"],\"inLanguage\":\"de\"},{\"@type\":\"WebPage\",\"@id\":\"https:\\\/\\\/www.vdhurk.nl\\\/welke-elektrische-bedrijfswagens-zijn-er-met-koel-en-vriesopbouw\\\/\",\"url\":\"https:\\\/\\\/www.vdhurk.nl\\\/welke-elektrische-bedrijfswagens-zijn-er-met-koel-en-vriesopbouw\\\/\",\"name\":\"Welke elektrische bedrijfswagens zijn er met koel- en vriesopbouw? - Van den Hurk Bedrijfswagens\",\"isPartOf\":{\"@id\":\"https:\\\/\\\/www.vdhurk.nl\\\/#website\"},\"primaryImageOfPage\":{\"@id\":\"https:\\\/\\\/www.vdhurk.nl\\\/welke-elektrische-bedrijfswagens-zijn-er-met-koel-en-vriesopbouw\\\/#primaryimage\"},\"image\":{\"@id\":\"https:\\\/\\\/www.vdhurk.nl\\\/welke-elektrische-bedrijfswagens-zijn-er-met-koel-en-vriesopbouw\\\/#primaryimage\"},\"thumbnailUrl\":\"https:\\\/\\\/www.vdhurk.nl\\\/wp-content\\\/uploads\\\/2025\\\/12\\\/elektrische-koelwagen-commercieel-laadruimte.webp\",\"datePublished\":\"2026-03-12T07:00:00+00:00\",\"author\":{\"@id\":\"https:\\\/\\\/www.vdhurk.nl\\\/#\\\/schema\\\/person\\\/04c44f7c3ccbd41cb14ad36749c8db5f\"},\"description\":\"Elektrische bedrijfswagens met koel- en vriesopbouw van Mercedes, Iveco, Renault en Ford. Actieradius 150-300km, vanaf \u20ac60.000. Subsidies beschikbaar!\",\"breadcrumb\":{\"@id\":\"https:\\\/\\\/www.vdhurk.nl\\\/welke-elektrische-bedrijfswagens-zijn-er-met-koel-en-vriesopbouw\\\/#breadcrumb\"},\"inLanguage\":\"de\",\"potentialAction\":[{\"@type\":\"ReadAction\",\"target\":[\"https:\\\/\\\/www.vdhurk.nl\\\/welke-elektrische-bedrijfswagens-zijn-er-met-koel-en-vriesopbouw\\\/\"]}]},{\"@type\":\"ImageObject\",\"inLanguage\":\"de\",\"@id\":\"https:\\\/\\\/www.vdhurk.nl\\\/welke-elektrische-bedrijfswagens-zijn-er-met-koel-en-vriesopbouw\\\/#primaryimage\",\"url\":\"https:\\\/\\\/www.vdhurk.nl\\\/wp-content\\\/uploads\\\/2025\\\/12\\\/elektrische-koelwagen-commercieel-laadruimte.webp\",\"contentUrl\":\"https:\\\/\\\/www.vdhurk.nl\\\/wp-content\\\/uploads\\\/2025\\\/12\\\/elektrische-koelwagen-commercieel-laadruimte.webp\",\"width\":1024,\"height\":768,\"caption\":\"Elektrische koelwagen met open deuren toont roestvrijstalen koelruimte met temperatuurmeters in magazijn laadperron\"},{\"@type\":\"BreadcrumbList\",\"@id\":\"https:\\\/\\\/www.vdhurk.nl\\\/welke-elektrische-bedrijfswagens-zijn-er-met-koel-en-vriesopbouw\\\/#breadcrumb\",\"itemListElement\":[{\"@type\":\"ListItem\",\"position\":1,\"name\":\"Home\",\"item\":\"https:\\\/\\\/www.vdhurk.nl\\\/home\\\/\"},{\"@type\":\"ListItem\",\"position\":2,\"name\":\"Welke elektrische bedrijfswagens zijn er met koel- en vriesopbouw?\"}]},{\"@type\":\"WebSite\",\"@id\":\"https:\\\/\\\/www.vdhurk.nl\\\/#website\",\"url\":\"https:\\\/\\\/www.vdhurk.nl\\\/\",\"name\":\"Van den Hurk Bedrijfswagens\",\"description\":\"Van den Hurk bedrijfswagens Helmond\",\"potentialAction\":[{\"@type\":\"SearchAction\",\"target\":{\"@type\":\"EntryPoint\",\"urlTemplate\":\"https:\\\/\\\/www.vdhurk.nl\\\/?s={search_term_string}\"},\"query-input\":{\"@type\":\"PropertyValueSpecification\",\"valueRequired\":true,\"valueName\":\"search_term_string\"}}],\"inLanguage\":\"de\"},{\"@type\":\"Person\",\"@id\":\"https:\\\/\\\/www.vdhurk.nl\\\/#\\\/schema\\\/person\\\/04c44f7c3ccbd41cb14ad36749c8db5f\",\"name\":\"wpseoai\",\"image\":{\"@type\":\"ImageObject\",\"inLanguage\":\"de\",\"@id\":\"https:\\\/\\\/secure.gravatar.com\\\/avatar\\\/51ea6db2c0d04861332fc5a8dff3289a3d5bcfa4493f551d20452ff3f9c5bcbf?s=96&d=mm&r=g\",\"url\":\"https:\\\/\\\/secure.gravatar.com\\\/avatar\\\/51ea6db2c0d04861332fc5a8dff3289a3d5bcfa4493f551d20452ff3f9c5bcbf?s=96&d=mm&r=g\",\"contentUrl\":\"https:\\\/\\\/secure.gravatar.com\\\/avatar\\\/51ea6db2c0d04861332fc5a8dff3289a3d5bcfa4493f551d20452ff3f9c5bcbf?s=96&d=mm&r=g\",\"caption\":\"wpseoai\"},\"url\":\"https:\\\/\\\/www.vdhurk.nl\\\/de\\\/author\\\/wpseoai\\\/\"}]}<\/script>\n<!-- \/ Yoast SEO plugin. -->","yoast_head_json":{"title":"Welche elektrischen Nutzfahrzeuge gibt es mit K\u00fchl- und Tiefk\u00fchlaufbauten? - Van den Hurk Nutzfahrzeuge","description":"Elektrische Nutzfahrzeuge mit K\u00fchl- und Tiefk\u00fchlaufbauten von Mercedes, Iveco, Renault und Ford. Reichweite 150-300 km, ab 60.000 \u20ac. Subventionen verf\u00fcgbar!","robots":{"index":"index","follow":"follow","max-snippet":"max-snippet:-1","max-image-preview":"max-image-preview:large","max-video-preview":"max-video-preview:-1"},"canonical":"https:\/\/www.vdhurk.nl\/de\/welche-elektrischen-nutzfahrzeuge-mit-kuhl-und-tiefkuhlaufbauten-erhaltlich-sind\/","og_locale":"de_DE","og_type":"article","og_title":"Welke elektrische bedrijfswagens zijn er met koel- en vriesopbouw? - Van den Hurk Bedrijfswagens","og_description":"Elektrische bedrijfswagens met koel- en vriesopbouw van Mercedes, Iveco, Renault en Ford. Actieradius 150-300km, vanaf \u20ac60.000. Subsidies beschikbaar!","og_url":"https:\/\/www.vdhurk.nl\/de\/welche-elektrischen-nutzfahrzeuge-mit-kuhl-und-tiefkuhlaufbauten-erhaltlich-sind\/","og_site_name":"Van den Hurk Bedrijfswagens","article_published_time":"2026-03-12T07:00:00+00:00","og_image":[{"width":1024,"height":768,"url":"https:\/\/www.vdhurk.nl\/wp-content\/uploads\/2025\/12\/elektrische-koelwagen-commercieel-laadruimte.webp","type":"image\/webp"}],"author":"wpseoai","twitter_card":"summary_large_image","twitter_misc":{"Verfasst von":"wpseoai","Gesch\u00e4tzte Lesezeit":"4\u00a0Minuten"},"schema":{"@context":"https:\/\/schema.org","@graph":[{"@type":"Article","@id":"https:\/\/www.vdhurk.nl\/welke-elektrische-bedrijfswagens-zijn-er-met-koel-en-vriesopbouw\/#article","isPartOf":{"@id":"https:\/\/www.vdhurk.nl\/welke-elektrische-bedrijfswagens-zijn-er-met-koel-en-vriesopbouw\/"},"author":{"name":"wpseoai","@id":"https:\/\/www.vdhurk.nl\/#\/schema\/person\/04c44f7c3ccbd41cb14ad36749c8db5f"},"headline":"Welke elektrische bedrijfswagens zijn er met koel- en vriesopbouw?","datePublished":"2026-03-12T07:00:00+00:00","mainEntityOfPage":{"@id":"https:\/\/www.vdhurk.nl\/welke-elektrische-bedrijfswagens-zijn-er-met-koel-en-vriesopbouw\/"},"wordCount":809,"image":{"@id":"https:\/\/www.vdhurk.nl\/welke-elektrische-bedrijfswagens-zijn-er-met-koel-en-vriesopbouw\/#primaryimage"},"thumbnailUrl":"https:\/\/www.vdhurk.nl\/wp-content\/uploads\/2025\/12\/elektrische-koelwagen-commercieel-laadruimte.webp","articleSection":["SEO"],"inLanguage":"de"},{"@type":"WebPage","@id":"https:\/\/www.vdhurk.nl\/welke-elektrische-bedrijfswagens-zijn-er-met-koel-en-vriesopbouw\/","url":"https:\/\/www.vdhurk.nl\/welke-elektrische-bedrijfswagens-zijn-er-met-koel-en-vriesopbouw\/","name":"Welche elektrischen Nutzfahrzeuge gibt es mit K\u00fchl- und Tiefk\u00fchlaufbauten? - Van den Hurk Nutzfahrzeuge","isPartOf":{"@id":"https:\/\/www.vdhurk.nl\/#website"},"primaryImageOfPage":{"@id":"https:\/\/www.vdhurk.nl\/welke-elektrische-bedrijfswagens-zijn-er-met-koel-en-vriesopbouw\/#primaryimage"},"image":{"@id":"https:\/\/www.vdhurk.nl\/welke-elektrische-bedrijfswagens-zijn-er-met-koel-en-vriesopbouw\/#primaryimage"},"thumbnailUrl":"https:\/\/www.vdhurk.nl\/wp-content\/uploads\/2025\/12\/elektrische-koelwagen-commercieel-laadruimte.webp","datePublished":"2026-03-12T07:00:00+00:00","author":{"@id":"https:\/\/www.vdhurk.nl\/#\/schema\/person\/04c44f7c3ccbd41cb14ad36749c8db5f"},"description":"Elektrische Nutzfahrzeuge mit K\u00fchl- und Tiefk\u00fchlaufbauten von Mercedes, Iveco, Renault und Ford. Reichweite 150-300 km, ab 60.000 \u20ac. Subventionen verf\u00fcgbar!","breadcrumb":{"@id":"https:\/\/www.vdhurk.nl\/welke-elektrische-bedrijfswagens-zijn-er-met-koel-en-vriesopbouw\/#breadcrumb"},"inLanguage":"de","potentialAction":[{"@type":"ReadAction","target":["https:\/\/www.vdhurk.nl\/welke-elektrische-bedrijfswagens-zijn-er-met-koel-en-vriesopbouw\/"]}]},{"@type":"ImageObject","inLanguage":"de","@id":"https:\/\/www.vdhurk.nl\/welke-elektrische-bedrijfswagens-zijn-er-met-koel-en-vriesopbouw\/#primaryimage","url":"https:\/\/www.vdhurk.nl\/wp-content\/uploads\/2025\/12\/elektrische-koelwagen-commercieel-laadruimte.webp","contentUrl":"https:\/\/www.vdhurk.nl\/wp-content\/uploads\/2025\/12\/elektrische-koelwagen-commercieel-laadruimte.webp","width":1024,"height":768,"caption":"Elektrische koelwagen met open deuren toont roestvrijstalen koelruimte met temperatuurmeters in magazijn laadperron"},{"@type":"BreadcrumbList","@id":"https:\/\/www.vdhurk.nl\/welke-elektrische-bedrijfswagens-zijn-er-met-koel-en-vriesopbouw\/#breadcrumb","itemListElement":[{"@type":"ListItem","position":1,"name":"Home","item":"https:\/\/www.vdhurk.nl\/home\/"},{"@type":"ListItem","position":2,"name":"Welke elektrische bedrijfswagens zijn er met koel- en vriesopbouw?"}]},{"@type":"WebSite","@id":"https:\/\/www.vdhurk.nl\/#website","url":"https:\/\/www.vdhurk.nl\/","name":"Van den Hurk Nutzfahrzeuge","description":"Van den Hurk Nutzfahrzeuge Helmond","potentialAction":[{"@type":"SearchAction","target":{"@type":"EntryPoint","urlTemplate":"https:\/\/www.vdhurk.nl\/?s={search_term_string}"},"query-input":{"@type":"PropertyValueSpecification","valueRequired":true,"valueName":"search_term_string"}}],"inLanguage":"de"},{"@type":"Person","@id":"https:\/\/www.vdhurk.nl\/#\/schema\/person\/04c44f7c3ccbd41cb14ad36749c8db5f","name":"wpseoai","image":{"@type":"ImageObject","inLanguage":"de","@id":"https:\/\/secure.gravatar.com\/avatar\/51ea6db2c0d04861332fc5a8dff3289a3d5bcfa4493f551d20452ff3f9c5bcbf?s=96&d=mm&r=g","url":"https:\/\/secure.gravatar.com\/avatar\/51ea6db2c0d04861332fc5a8dff3289a3d5bcfa4493f551d20452ff3f9c5bcbf?s=96&d=mm&r=g","contentUrl":"https:\/\/secure.gravatar.com\/avatar\/51ea6db2c0d04861332fc5a8dff3289a3d5bcfa4493f551d20452ff3f9c5bcbf?s=96&d=mm&r=g","caption":"wpseoai"},"url":"https:\/\/www.vdhurk.nl\/de\/author\/wpseoai\/"}]}},"_links":{"self":[{"href":"https:\/\/www.vdhurk.nl\/de\/wp-json\/wp\/v2\/posts\/541244","targetHints":{"allow":["GET"]}}],"collection":[{"href":"https:\/\/www.vdhurk.nl\/de\/wp-json\/wp\/v2\/posts"}],"about":[{"href":"https:\/\/www.vdhurk.nl\/de\/wp-json\/wp\/v2\/types\/post"}],"author":[{"embeddable":true,"href":"https:\/\/www.vdhurk.nl\/de\/wp-json\/wp\/v2\/users\/5"}],"replies":[{"embeddable":true,"href":"https:\/\/www.vdhurk.nl\/de\/wp-json\/wp\/v2\/comments?post=541244"}],"version-history":[{"count":1,"href":"https:\/\/www.vdhurk.nl\/de\/wp-json\/wp\/v2\/posts\/541244\/revisions"}],"predecessor-version":[{"id":541342,"href":"https:\/\/www.vdhurk.nl\/de\/wp-json\/wp\/v2\/posts\/541244\/revisions\/541342"}],"wp:featuredmedia":[{"embeddable":true,"href":"https:\/\/www.vdhurk.nl\/de\/wp-json\/wp\/v2\/media\/541411"}],"wp:attachment":[{"href":"https:\/\/www.vdhurk.nl\/de\/wp-json\/wp\/v2\/media?parent=541244"}],"wp:term":[{"taxonomy":"category","embeddable":true,"href":"https:\/\/www.vdhurk.nl\/de\/wp-json\/wp\/v2\/categories?post=541244"},{"taxonomy":"post_tag","embeddable":true,"href":"https:\/\/www.vdhurk.nl\/de\/wp-json\/wp\/v2\/tags?post=541244"}],"curies":[{"name":"wp","href":"https:\/\/api.w.org\/{rel}","templated":true}]}}